{"id":500873,"date":"2023-03-05T15:43:43","date_gmt":"2023-03-05T15:43:43","guid":{"rendered":"https:\/\/dimensionturistica.com\/es\/?p=500873"},"modified":"2023-03-05T15:43:44","modified_gmt":"2023-03-05T15:43:44","slug":"cuanto-gastaras-en-casetas-desde-guadalajara-a-puerto-vallarta-en-su-nuevo-tramo-carretero","status":"publish","type":"post","link":"https:\/\/dimensionturistica.com\/es\/cuanto-gastaras-en-casetas-desde-guadalajara-a-puerto-vallarta-en-su-nuevo-tramo-carretero\/","title":{"rendered":"\u00bfCu\u00e1nto gastar\u00e1s en casetas desde Guadalajara a Puerto Vallarta en su nuevo tramo carretero?"},"content":{"rendered":"<p> <br \/>\n<\/p>\n<div>\n<p> <span class=\"escrito\">Escrito en <\/span> <span class=\"seccion\">TENDENCIAS<\/span> <span class=\"el\">el<\/span> <time class=\"fecha-time\" itemprop=\"datePublished\" datetime=\"2023-3-5T9:41:00\">5\/3\/2023 \u00b7 09:41 hs<\/time> <\/p>\n<\/p><\/div>\n<div>\n<p>Ya est\u00e1 cerca el pr\u00f3ximo puente de marzo y tambi\u00e9n las vacaciones de Semana Santa, un buen pretexto para armar una <strong><a rel=\"nofollow noopener\" target=\"_blank\" href=\"https:\/\/www.escapadah.com\/\">ESCAPADA<\/a><\/strong> hacia cualquier destino encantador donde puedas gozar un merecido descanso con tus seres queridos, al viajar entre amigos o con tu pareja y no hay mejor lugar para disfrutar la tranquilidad que en los destinos costeros nacionales, de entre los que destaca <strong>Puerto Vallarta.\u00a0<\/strong><\/p>\n<p>Para llegar a este destino <strong>desde Guadalajara<\/strong> y admirar una de las joyas m\u00e1s bellas de Jalisco, deber\u00e1s revisar mejor tu presupuesto y designar un gasto espec\u00edfico para los <a rel=\"nofollow noopener\" target=\"_blank\" href=\"https:\/\/www.escapadah.com\/destinos\/2023\/1\/18\/xochimilco-en-jalisco-asi-podras-disfrutar-un-paseo-en-trajinera-cerca-de-guadalajara-7301.html\"><strong>nuevos tramos carreteros<\/strong><\/a> que deber\u00e1s recorrer desde la capital del estado para salir\u00a0a disfrutar tus d\u00edas libres entre los mejores escenarios de esta zona costera pues se ha puesto en operaci\u00f3n un nuevo tramo carretero que permitir\u00e1 ahorrar tiempo en tus viajes.\u00a0<\/p>\n<h2><strong>\u00bfCu\u00e1nto gastar\u00e1s en este nuevo tramo carretero hacia Puerto Vallarta?\u00a0<\/strong><\/h2>\n<p>El pasado 1 de marzo de este 2023, la <strong>Secretar\u00eda de Comunicaciones y Transportes (STC)<\/strong> puso en marcha la operaci\u00f3n del nuevo tramo carretero denominado Entronque La Florida\u2013Entronque La Cruz de Huanacaxtle, una vialidad que consta de 30.8 kil\u00f3metros que forman parte de la nueva Autopista La Varas\u2013Puerto Vallarta, que permitir\u00e1 a los vacacionistas ahorrar unos 40 minutos en su recorrido para llegar a <strong><a rel=\"nofollow noopener\" target=\"_blank\" href=\"https:\/\/www.escapadah.com\/destinos\/2023\/2\/20\/guia-de-ahorro-para-visitar-puerto-vallarta-en-plan-mochilero-7982.html\">este destino<\/a><\/strong>.\u00a0<\/p>\n<p>Desde el pasado mes de diciembre del 2022 entr\u00f3 en operaci\u00f3n el trayecto Campo\u2013La Florida, que cuenta con 23.6 kil\u00f3metros que conecta Las Varas con el <strong>Entronque 692<\/strong>, una zona de importantes puntos tur\u00edsticos con el Entronque La Florida, lo cual posibilita a los dos mil 700 veh\u00edculos que circulan por aqu\u00ed, la reducci\u00f3n de 15 minutos, beneficiando a cinco comunidades aleda\u00f1as y a los <strong><a rel=\"nofollow noopener\" target=\"_blank\" href=\"https:\/\/www.escapadah.com\/destinos\/2023\/2\/20\/guia-de-ahorro-para-visitar-puerto-vallarta-en-plan-mochilero-7982.html\">viajeros<\/a><\/strong>.\u00a0<\/p>\n<div class=\"image-align-center\">\n<figure class=\"image\"><amp-img alt=\"Cu\u00e1nto pagar\u00e1s en casetas de Guadalajara a Puerto Vallarta\" height=\"511\" src=\"https:\/\/www.escapadah.com\/u\/fotografias\/m\/2023\/3\/5\/f768x1-16483_16610_5050.jpg\" width=\"768\" layout=\"responsive\" class=\"imgcuerpo i-amphtml-layout-responsive i-amphtml-layout-size-defined\" lightbox=\"\" i-amphtml-layout=\"responsive\"><i-amphtml-sizer style=\"display:block;padding-top:66.5365%\"\/><\/amp-img><figcaption>Conoce los nuevos costos para viajar a Puerto Vallarta\/Foto: unsplash<\/figcaption><\/figure>\n<\/p><\/div>\n<p>Con estos dos tramos nuevos en esta autopista se suman un whole de <strong>54.4 kil\u00f3metros <\/strong>que estar\u00e1n ahora en funcionamiento, lo cual permitir\u00e1 una disminuci\u00f3n de 55 minutos en el recorrido, pero tambi\u00e9n implica un aumento en el costo de estos tramos carreteros al usar el servicio de cuota y aunque existen varias formas de llevar a Puerto Vallarta, la forma m\u00e1s com\u00fan es saliendo desde <a rel=\"nofollow noopener\" target=\"_blank\" href=\"https:\/\/www.escapadah.com\/destinos\/2023\/1\/18\/xochimilco-en-jalisco-asi-podras-disfrutar-un-paseo-en-trajinera-cerca-de-guadalajara-7301.html\"><strong>Guadalajara<\/strong><\/a> por la autopista hacia Tepic, una v\u00eda que cuenta con tarifas y asistencia en el camino con las siguientes tarifas:\u00a0<\/p>\n<ul>\n<li><em><strong>El Arenal:<\/strong><\/em> $193.00\u00a0<\/li>\n<li><strong><em>Plan de Barrancas<\/em><\/strong>: $288.00\u00a0<\/li>\n<li><strong><em>Jala\u2013Compostela\u2013Amado Nervo:<\/em><\/strong> $138.00 \u00a0<\/li>\n<li><strong><em>Compostela:<\/em><\/strong> $38.00\u00a0<\/li>\n<li><strong><em>La Pe\u00f1ita: <\/em><\/strong>$62.00\u00a0<\/li>\n<li><strong><em>Bucer\u00edas:<\/em><\/strong> $223.00\u00a0<\/li>\n<\/ul>\n<p>El whole que deber\u00e1s pagar incluyendo los nuevos tramos ser\u00e1 de <strong>$942.00 y el whole<\/strong> estimado sin tomar los nuevos tramos ser\u00eda de $657.00. En la actualidad se encuentra en construcci\u00f3n un tercer tramo de 32.2 kil\u00f3metros que reducir\u00e1 25 minutos el tiempo de traslado y conectar\u00e1 el Entronque San Vicente en forma directa con el Aeropuerto Internacional de <strong><a rel=\"nofollow noopener\" target=\"_blank\" href=\"https:\/\/www.escapadah.com\/pueblos-magicos\/2023\/2\/19\/playas-baratas-para-comenzar-planear-las-vacaciones-de-primavera-7951.html\">Puerto Vallarta<\/a><\/strong>, el cual beneficiar\u00e1 a tres comunidades cercanas.\u00a0<\/p>\n<\/p><\/div>\n\n<p><em> &#8221; Fuentes www.escapadah.com &#8221; <\/em><\/p>\n","protected":false},"excerpt":{"rendered":"<p>Escrito en TENDENCIAS el 5\/3\/2023 \u00b7 09:41 hs Ya est\u00e1 cerca el pr\u00f3ximo puente de marzo y tambi\u00e9n las vacaciones de Semana Santa, un buen pretexto para armar una ESCAPADA hacia cualquier destino encantador donde puedas gozar un merecido descanso con tus seres queridos, al viajar entre amigos o con tu pareja y no hay [&hellip;]<\/p>\n","protected":false},"author":4,"featured_media":500874,"comment_status":"open","ping_status":"closed","sticky":false,"template":"","format":"standard","meta":{"om_disable_all_campaigns":false,"jnews-multi-image_gallery":[],"jnews_single_post":[],"jnews_primary_category":[],"jnews_social_meta":[],"footnotes":""},"categories":[39],"tags":[914,64611,64612],"class_list":["post-500873","post","type-post","status-publish","format-standard","has-post-thumbnail","hentry","category-viajes","tag-carreteras","tag-pago-de-casetas","tag-viajes-desde-guadalajara"],"_links":{"self":[{"href":"https:\/\/dimensionturistica.com\/es\/wp-json\/wp\/v2\/posts\/500873","targetHints":{"allow":["GET"]}}],"collection":[{"href":"https:\/\/dimensionturistica.com\/es\/wp-json\/wp\/v2\/posts"}],"about":[{"href":"https:\/\/dimensionturistica.com\/es\/wp-json\/wp\/v2\/types\/post"}],"author":[{"embeddable":true,"href":"https:\/\/dimensionturistica.com\/es\/wp-json\/wp\/v2\/users\/4"}],"replies":[{"embeddable":true,"href":"https:\/\/dimensionturistica.com\/es\/wp-json\/wp\/v2\/comments?post=500873"}],"version-history":[{"count":0,"href":"https:\/\/dimensionturistica.com\/es\/wp-json\/wp\/v2\/posts\/500873\/revisions"}],"wp:featuredmedia":[{"embeddable":true,"href":"https:\/\/dimensionturistica.com\/es\/wp-json\/wp\/v2\/media\/500874"}],"wp:attachment":[{"href":"https:\/\/dimensionturistica.com\/es\/wp-json\/wp\/v2\/media?parent=500873"}],"wp:term":[{"taxonomy":"category","embeddable":true,"href":"https:\/\/dimensionturistica.com\/es\/wp-json\/wp\/v2\/categories?post=500873"},{"taxonomy":"post_tag","embeddable":true,"href":"https:\/\/dimensionturistica.com\/es\/wp-json\/wp\/v2\/tags?post=500873"}],"curies":[{"name":"wp","href":"https:\/\/api.w.org\/{rel}","templated":true}]}}