{"id":500871,"date":"2023-03-05T15:47:43","date_gmt":"2023-03-05T15:47:43","guid":{"rendered":"https:\/\/dimensionturistica.com\/es\/?p=500871"},"modified":"2023-03-05T15:47:43","modified_gmt":"2023-03-05T15:47:43","slug":"klm-nombra-a-zita-schellekens-como-su-nueva-svp-sustentabilidad-y-estrategia","status":"publish","type":"post","link":"https:\/\/dimensionturistica.com\/es\/klm-nombra-a-zita-schellekens-como-su-nueva-svp-sustentabilidad-y-estrategia\/","title":{"rendered":"KLM nombra a Zita Schellekens como su nueva SVP Sustentabilidad y Estrategia"},"content":{"rendered":"<p>KLM ha nombrado a Zita Schellekens, SVP de Sostenibilidad y Estrategia, con efecto a partir del 1 de marzo de 2023. Se trata de un nuevo puesto en el Comit\u00e9 Ejecutivo de KLM. Anteriormente, Schellekens pas\u00f3 dos a\u00f1os y medio como Directora de Sostenibilidad en DSM. En ese tiempo, uni\u00f3 fuerzas con el ex CEO de DSM Feike Sijbesma para invertir en start-ups innovadoras y sostenibles. Tambi\u00e9n es miembro del Consejo Asesor de Sostenibilidad del Grupo Royal Schiphol. Antes de su cargo en DSM, Schellekens fue Directora de Asuntos Corporativos en HEINEKEN, donde desempen~o\u00b4 funciones de sostenibilidad, asuntos p\u00fablicos y<img decoding=\"async\" class=\"size-medium wp-image-500879 alignright\" src=\"https:\/\/dimensionturistica.com\/es\/wp-content\/uploads\/2023\/03\/KLMZITA-200x300.jpg\" alt=\"\" width=\"200\" height=\"300\" srcset=\"https:\/\/dimensionturistica.com\/es\/wp-content\/uploads\/2023\/03\/KLMZITA-200x300.jpg 200w, https:\/\/dimensionturistica.com\/es\/wp-content\/uploads\/2023\/03\/KLMZITA.jpg 600w\" sizes=\"(max-width: 200px) 100vw, 200px\" \/> comunicaci\u00f3n en diversos lugares de Asia, \u00c1frica y los Pa\u00edses Bajos.<br \/>\n\u201cLos holandeses quieren seguir volando y vemos que los viajes aumentan en todo el mundo. KLM quiere hacerlo posible de forma responsable, porque solo as\u00ed podremos llevar a KLM con seguridad hacia el futuro. Eso significa invertir en un buen producto para los clientes, hacer un uso inteligente de la tecnolog\u00eda y establecer ambiciosos objetivos de sostenibilidad.<br \/>\nEl empuje y la decisi\u00f3n de Zita, as\u00ed como su amplia experiencia en abordar cuestiones complejas de sostenibilidad en grandes empresas, la convierten en la candidata ideal para liderar la mejora de la sostenibilidad de KLM. Ya \u00edbamos por el buen camino y estoy deseando ver lo que conseguiremos juntos en el futuro\u201d fueron las palabras de Marjan Rintel \u2013 CEO de KLM al presentarla.<br \/>\nEn su nuevo cargo, Schellekens es responsable de los equipos de Transformacio\u00b4n y Sostenibilidad, creados para acelerar los esfuerzos de sostenibilidad de la empresa.<br \/>\nDepende directamente de Marjan Rintel, CEO de KLM.<br \/>\n\u201cMe comprometo con una tremenda misi\u00f3n: la transformaci\u00f3n sostenible de KLM. Es una misi\u00f3n enorme y desafiante, y absolutamente necesaria. En mi nuevo puesto convergen estrategia, transformacio\u00b4n y sostenibilidad. Eso significa centrarse en acelerar la transici\u00f3n hacia la sostenibilidad, aprovechar todas las soluciones innovadoras disponibles y establecer asociaciones p\u00fablico-privadas inteligentes. Estoy convencida de que mi nuevo cargo me permitira\u00b4 contribuir de forma significativa a la consecuci\u00f3n de las ambiciones de KLM y a ayudar al sector a experimentar el cambio necesario\u201d Zita Schellekens, SVP de Sostenibilidad y Estrategia<\/p>\n","protected":false},"excerpt":{"rendered":"<p>KLM ha nombrado a Zita Schellekens, SVP de Sostenibilidad y Estrategia, con efecto a partir del 1 de marzo de 2023. Se trata de un nuevo puesto en el Comit\u00e9 Ejecutivo de KLM. Anteriormente, Schellekens pas\u00f3 dos a\u00f1os y medio como Directora de Sostenibilidad en DSM. En ese tiempo, uni\u00f3 fuerzas con el ex CEO [&hellip;]<\/p>\n","protected":false},"author":1,"featured_media":500876,"comment_status":"open","ping_status":"closed","sticky":false,"template":"","format":"standard","meta":{"om_disable_all_campaigns":false,"jnews-multi-image_gallery":[],"jnews_single_post":{"source_name":"","source_url":"","via_name":"","via_url":"","override_template":"0","override":[{"template":"1","single_blog_custom":"","parallax":"1","fullscreen":"1","layout":"right-sidebar","sidebar":"default-sidebar","second_sidebar":"default-sidebar","sticky_sidebar":"1","share_position":"top","share_float_style":"share-monocrhome","show_share_counter":"1","show_view_counter":"1","show_featured":"1","show_post_meta":"1","show_post_author":"1","show_post_author_image":"1","show_post_date":"1","post_date_format":"default","post_date_format_custom":"Y\/m\/d","show_post_category":"1","show_post_reading_time":"0","post_reading_time_wpm":"300","show_zoom_button":"0","zoom_button_out_step":"2","zoom_button_in_step":"3","show_post_tag":"1","show_prev_next_post":"1","show_popup_post":"1","number_popup_post":"1","show_author_box":"0","show_post_related":"0","show_inline_post_related":"0"}],"override_image_size":"0","image_override":[{"single_post_thumbnail_size":"crop-500","single_post_gallery_size":"crop-500"}],"trending_post":"0","trending_post_position":"meta","trending_post_label":"Trending","sponsored_post":"0","sponsored_post_label":"Sponsored by","sponsored_post_name":"","sponsored_post_url":"","sponsored_post_logo_enable":"0","sponsored_post_logo":"","sponsored_post_desc":"","disable_ad":"0"},"jnews_primary_category":{"id":"","hide":""},"jnews_social_meta":{"fb_title":"","fb_description":"","fb_image":"","twitter_title":"","twitter_description":"","twitter_image":""},"footnotes":""},"categories":[39],"tags":[],"class_list":["post-500871","post","type-post","status-publish","format-standard","has-post-thumbnail","hentry","category-viajes"],"_links":{"self":[{"href":"https:\/\/dimensionturistica.com\/es\/wp-json\/wp\/v2\/posts\/500871","targetHints":{"allow":["GET"]}}],"collection":[{"href":"https:\/\/dimensionturistica.com\/es\/wp-json\/wp\/v2\/posts"}],"about":[{"href":"https:\/\/dimensionturistica.com\/es\/wp-json\/wp\/v2\/types\/post"}],"author":[{"embeddable":true,"href":"https:\/\/dimensionturistica.com\/es\/wp-json\/wp\/v2\/users\/1"}],"replies":[{"embeddable":true,"href":"https:\/\/dimensionturistica.com\/es\/wp-json\/wp\/v2\/comments?post=500871"}],"version-history":[{"count":0,"href":"https:\/\/dimensionturistica.com\/es\/wp-json\/wp\/v2\/posts\/500871\/revisions"}],"wp:featuredmedia":[{"embeddable":true,"href":"https:\/\/dimensionturistica.com\/es\/wp-json\/wp\/v2\/media\/500876"}],"wp:attachment":[{"href":"https:\/\/dimensionturistica.com\/es\/wp-json\/wp\/v2\/media?parent=500871"}],"wp:term":[{"taxonomy":"category","embeddable":true,"href":"https:\/\/dimensionturistica.com\/es\/wp-json\/wp\/v2\/categories?post=500871"},{"taxonomy":"post_tag","embeddable":true,"href":"https:\/\/dimensionturistica.com\/es\/wp-json\/wp\/v2\/tags?post=500871"}],"curies":[{"name":"wp","href":"https:\/\/api.w.org\/{rel}","templated":true}]}}