{"id":500837,"date":"2023-03-05T14:58:47","date_gmt":"2023-03-05T14:58:47","guid":{"rendered":"https:\/\/dimensionturistica.com\/es\/?p=500837"},"modified":"2023-03-05T14:58:47","modified_gmt":"2023-03-05T14:58:47","slug":"the-macallan-vuelve-en-el-tiempo-con-su-nueva-campana-the-spirit-of-1926","status":"publish","type":"post","link":"https:\/\/dimensionturistica.com\/es\/the-macallan-vuelve-en-el-tiempo-con-su-nueva-campana-the-spirit-of-1926\/","title":{"rendered":"The Macallan vuelve en el tiempo con su nueva campa\u00f1a \u201cThe Spirit Of 1926\u201d"},"content":{"rendered":"<p>Los a\u00f1os 20 estuvieron llenos de historias, momentos e innovaciones que<img decoding=\"async\" class=\"size-medium wp-image-500843 alignright\" src=\"https:\/\/dimensionturistica.com\/es\/wp-content\/uploads\/2023\/03\/unnamed-4-3-240x300.jpg\" alt=\"\" width=\"240\" height=\"300\" srcset=\"https:\/\/dimensionturistica.com\/es\/wp-content\/uploads\/2023\/03\/unnamed-4-3-240x300.jpg 240w, https:\/\/dimensionturistica.com\/es\/wp-content\/uploads\/2023\/03\/unnamed-4-3.jpg 386w\" sizes=\"(max-width: 240px) 100vw, 240px\" \/> transformaron el mundo. Y para The Macallan, esta d\u00e9cada representa el trabajo de Janet Harbinson, la antigua directora general de la destiler\u00eda, quien fue la responsable de The Macallan Fine &amp; Rare 1926, la botella de destilado\/vino m\u00e1s valiosa jam\u00e1s vendida en una subasta: 1.9 millones en 2019.<br \/>\nPara honrar ese cap\u00edtulo de su legado, The Macallan presenta The Spirit of 1926, la nueva campa\u00f1a global de la marca que reuni\u00f3 a un selecto grupo de creativos en un cortometraje de ocho minutos. Protagonizado por Emily Mortimer (Match Point, The Newsroom) y dirigido por Mike Newell (Cuatro Bodas y un Funeral, Harry Potter y el C\u00e1liz de Fuego), este filme tambi\u00e9n cuenta con la participaci\u00f3n de Allan Scott, exdirector de The Macallan y descendiente de Harbinson, quien recientemente produjo y escribi\u00f3 la serie Gambito de Dama.<br \/>\nPor si esto fuera poco, esta propuesta audiovisual tambi\u00e9n atrajo a dos referentes de la cultura contempor\u00e1nea en Escocia: la banda de rock Simple Minds, que<img decoding=\"async\" class=\"size-medium wp-image-500842 alignright\" src=\"https:\/\/dimensionturistica.com\/es\/wp-content\/uploads\/2023\/03\/unnamed-3-3-240x300.jpg\" alt=\"\" width=\"240\" height=\"300\" srcset=\"https:\/\/dimensionturistica.com\/es\/wp-content\/uploads\/2023\/03\/unnamed-3-3-240x300.jpg 240w, https:\/\/dimensionturistica.com\/es\/wp-content\/uploads\/2023\/03\/unnamed-3-3-819x1024.jpg 819w, https:\/\/dimensionturistica.com\/es\/wp-content\/uploads\/2023\/03\/unnamed-3-3-768x960.jpg 768w, https:\/\/dimensionturistica.com\/es\/wp-content\/uploads\/2023\/03\/unnamed-3-3-750x938.jpg 750w, https:\/\/dimensionturistica.com\/es\/wp-content\/uploads\/2023\/03\/unnamed-3-3.jpg 1080w\" sizes=\"(max-width: 240px) 100vw, 240px\" \/> compuso Solstice Kiss expresamente para esta campa\u00f1a, y el dise\u00f1ador Christopher Kane, quien ofreci\u00f3 una mirada moderna al vestuario de la \u00e9poca.<br \/>\nAmbientado en The Macallan Estate y otros sitios cercanos a Speyside, esta historia celebra el profundo legado de Janet, tambi\u00e9n conocida como \u201cNettie\u201d, quien siempre se gui\u00f3 por sus principios y por la creencia de brindar el mejor esfuerzo posible para s\u00ed misma y su comunidad. Gracias a esa dedicaci\u00f3n, dej\u00f3 huella en el mundo de las bebidas <img decoding=\"async\" class=\"size-medium wp-image-500841 alignleft\" src=\"https:\/\/dimensionturistica.com\/es\/wp-content\/uploads\/2023\/03\/unnamed-2-3-300x169.jpg\" alt=\"\" width=\"300\" height=\"169\" srcset=\"https:\/\/dimensionturistica.com\/es\/wp-content\/uploads\/2023\/03\/unnamed-2-3-300x169.jpg 300w, https:\/\/dimensionturistica.com\/es\/wp-content\/uploads\/2023\/03\/unnamed-2-3.jpg 720w\" sizes=\"(max-width: 300px) 100vw, 300px\" \/>espirituosas, destacando como un ejemplo de modestia y distinci\u00f3n.<br \/>\n&#8220;Descubrimos la historia de Janet Harbinson cuando investigamos los antecedentes de The Macallan Fine &amp; Rare 1926, y supimos la importancia de compartirla en cuanto conocimos su papel en su destilaci\u00f3n y maduraci\u00f3n, as\u00ed como la profunda influencia que tuvo en el futuro desarrollo de la marca&#8221;, dijo Jaume Ferras, Director Creativo Global de The Macallan y productor de la pel\u00edcula.<br \/>\n\u201cEn el fondo, The Spirit of 1926 se trata de una historia de amor; ya que celebra el v\u00ednculo que Nettie sent\u00eda por su marido, su comunidad local, la naturaleza y el negocio familiar. Nettie se preocupaba profundamente por los dem\u00e1s y estaba decidida a utilizar su puesto en The Macallan para enriquecer la vida de quienes la rodeaban. Guiada por su convicci\u00f3n y su firme creencia en hacer lo correcto para sus seres queridos, inconscientemente hizo historia y ya era hora de rendirle homenaje\u201d, agreg\u00f3.<\/p>\n","protected":false},"excerpt":{"rendered":"<p>Los a\u00f1os 20 estuvieron llenos de historias, momentos e innovaciones que transformaron el mundo. Y para The Macallan, esta d\u00e9cada representa el trabajo de Janet Harbinson, la antigua directora general de la destiler\u00eda, quien fue la responsable de The Macallan Fine &amp; Rare 1926, la botella de destilado\/vino m\u00e1s valiosa jam\u00e1s vendida en una subasta: [&hellip;]<\/p>\n","protected":false},"author":1,"featured_media":500844,"comment_status":"open","ping_status":"closed","sticky":false,"template":"","format":"standard","meta":{"om_disable_all_campaigns":false,"jnews-multi-image_gallery":[],"jnews_single_post":{"source_name":"","source_url":"","via_name":"","via_url":"","override_template":"0","override":[{"template":"1","single_blog_custom":"","parallax":"1","fullscreen":"1","layout":"right-sidebar","sidebar":"default-sidebar","second_sidebar":"default-sidebar","sticky_sidebar":"1","share_position":"top","share_float_style":"share-monocrhome","show_share_counter":"1","show_view_counter":"1","show_featured":"1","show_post_meta":"1","show_post_author":"1","show_post_author_image":"1","show_post_date":"1","post_date_format":"default","post_date_format_custom":"Y\/m\/d","show_post_category":"1","show_post_reading_time":"0","post_reading_time_wpm":"300","show_zoom_button":"0","zoom_button_out_step":"2","zoom_button_in_step":"3","show_post_tag":"1","show_prev_next_post":"1","show_popup_post":"1","number_popup_post":"1","show_author_box":"0","show_post_related":"0","show_inline_post_related":"0"}],"override_image_size":"0","image_override":[{"single_post_thumbnail_size":"crop-500","single_post_gallery_size":"crop-500"}],"trending_post":"0","trending_post_position":"meta","trending_post_label":"Trending","sponsored_post":"0","sponsored_post_label":"Sponsored by","sponsored_post_name":"","sponsored_post_url":"","sponsored_post_logo_enable":"0","sponsored_post_logo":"","sponsored_post_desc":"","disable_ad":"0"},"jnews_primary_category":{"id":"","hide":""},"jnews_social_meta":{"fb_title":"","fb_description":"","fb_image":"","twitter_title":"","twitter_description":"","twitter_image":""},"footnotes":""},"categories":[43],"tags":[],"class_list":["post-500837","post","type-post","status-publish","format-standard","has-post-thumbnail","hentry","category-gourmet"],"_links":{"self":[{"href":"https:\/\/dimensionturistica.com\/es\/wp-json\/wp\/v2\/posts\/500837","targetHints":{"allow":["GET"]}}],"collection":[{"href":"https:\/\/dimensionturistica.com\/es\/wp-json\/wp\/v2\/posts"}],"about":[{"href":"https:\/\/dimensionturistica.com\/es\/wp-json\/wp\/v2\/types\/post"}],"author":[{"embeddable":true,"href":"https:\/\/dimensionturistica.com\/es\/wp-json\/wp\/v2\/users\/1"}],"replies":[{"embeddable":true,"href":"https:\/\/dimensionturistica.com\/es\/wp-json\/wp\/v2\/comments?post=500837"}],"version-history":[{"count":0,"href":"https:\/\/dimensionturistica.com\/es\/wp-json\/wp\/v2\/posts\/500837\/revisions"}],"wp:featuredmedia":[{"embeddable":true,"href":"https:\/\/dimensionturistica.com\/es\/wp-json\/wp\/v2\/media\/500844"}],"wp:attachment":[{"href":"https:\/\/dimensionturistica.com\/es\/wp-json\/wp\/v2\/media?parent=500837"}],"wp:term":[{"taxonomy":"category","embeddable":true,"href":"https:\/\/dimensionturistica.com\/es\/wp-json\/wp\/v2\/categories?post=500837"},{"taxonomy":"post_tag","embeddable":true,"href":"https:\/\/dimensionturistica.com\/es\/wp-json\/wp\/v2\/tags?post=500837"}],"curies":[{"name":"wp","href":"https:\/\/api.w.org\/{rel}","templated":true}]}}