{"id":500504,"date":"2023-03-04T19:56:43","date_gmt":"2023-03-04T19:56:43","guid":{"rendered":"https:\/\/dimensionturistica.com\/es\/?p=500504"},"modified":"2023-03-04T19:56:43","modified_gmt":"2023-03-04T19:56:43","slug":"msc-cruceros-anuncia-inauguracion-del-msc-euribia-cruceros","status":"publish","type":"post","link":"https:\/\/dimensionturistica.com\/es\/msc-cruceros-anuncia-inauguracion-del-msc-euribia-cruceros\/","title":{"rendered":"MSC Cruceros anuncia inauguraci\u00f3n del MSC Euribia &#8211; Cruceros"},"content":{"rendered":"<p> <br \/>\n<\/p>\n<div>\n<ol class=\"breadcrumb\">\n<li><a rel=\"nofollow noopener\" target=\"_blank\" href=\"https:\/\/contactonews.co\">Inicio<\/a><\/li>\n<li><a rel=\"nofollow noopener\" target=\"_blank\" href=\"https:\/\/contactonews.co\/cruceros\">Cruceros<\/a><\/li>\n<li class=\"active\">MSC Cruceros anuncia inauguraci\u00f3n del MSC Euribia<\/li>\n<\/ol>\n<p class=\"article-blurb\">Se trata del segundo barco de la compa\u00f1\u00eda propulsado por fuel pure licuado, uno de los combustibles marinos m\u00e1s limpios del mundo disponible a gran escala. &#13;\n<\/p>\n<p>                              <span class=\"pb-byline author\" itemprop=\"author\" itemscope=\"\" itemtype=\"http:\/\/schema.org\/Organization\">Por <a rel=\"nofollow noopener\" target=\"_blank\" href=\"https:\/\/contactonews.co\/autor\/contacto-editorial\"><span itemprop=\"name\">Contacto Editorial<\/span><\/a> | <\/span><br \/>\n                                <span class=\"publish-date\">01 de marzo de 2023<\/span><\/p>\n<figure>\n    <img decoding=\"async\" src=\"https:\/\/dimensionturistica.com\/es\/wp-content\/uploads\/2023\/03\/MSC-Cruceros-anuncia-inauguracion-del-MSC-Euribia-Cruceros.jpg\" alt=\"MSC Cruceros anuncia inauguraci\u00f3n del MSC Euribia\"\/><br \/>\n        <\/figure>\n<\/p><\/div>\n<div>\n<p>Este segundo buque de MSC Cruceros propulsado por GNL ser\u00e1 inaugurado en Copenhague el 6 de junio pr\u00f3ximo, contar\u00e1 con tecnolog\u00edas medioambientales de \u00faltima generaci\u00f3n, incluyendo el &#8220;Est\u00e1ndar B\u00e1ltico&#8221; para el tratamiento avanzado de aguas residuales a bordo, la gesti\u00f3n de residuos y medidas para la eficiencia energ\u00e9tica, as\u00ed como la conectividad a la purple el\u00e9ctrica de tierra cuando se disponga de energ\u00eda en tierra.<\/p>\n<p>MSC Euribia simboliza el compromiso de la naviera con la protecci\u00f3n de los oc\u00e9anos y, por eso mismo, se ha seleccionado el puerto de Copenhague como el lugar de la inauguraci\u00f3n, ya que adem\u00e1s de contar con un rico patrimonio mar\u00edtimo, Dinamarca es uno de los pa\u00edses l\u00edderes en sostenibilidad y protecci\u00f3n del mar.\u00a0<\/p>\n<p>Como se\u00f1al distintiva de identidad, el nuevo barco\u00a0 contar\u00e1 con un llamativo dise\u00f1o de su casco exterior, representando el compromiso de MSC Cruceros con la protecci\u00f3n y la conservaci\u00f3n del medio ambiente marino.<\/p>\n<p class=\"subscription-phrase\">Para leer las principales noticias tur\u00edsticas de la semana, suscribite a nuestro <a rel=\"nofollow noopener\" target=\"_blank\" href=\"#\" data-open=\"subscriptionModal\" aria-controls=\"subscriptionModal\" aria-haspopup=\"true\" tabindex=\"0\">newsletter de los viernes.<\/a><\/p>\n<p>El nombre de este nuevo barco tambi\u00e9n es un homenaje al mar, pues MSC Euribia debe su nombre a la antigua diosa Eurybia, que controlaba el viento, el clima y las constelaciones para dominar los mares, lo que refuerza la visi\u00f3n del barco de tomar el despliegue de tecnolog\u00edas sostenibles de \u00faltima generaci\u00f3n para proteger y preservar el valioso ecosistema marino.\u00a0<\/p>\n<p>MSC Euribia comenzar\u00e1 su temporada inaugural en el Norte de Europa a partir del 10 de junio, con salidas de 7 noches desde Kiel (Alemania) y Copenhague (Dinamarca), hacia los impresionantes Fiordos Noruegos incluyendo Geiranger, \u00c5lesund y Flaam.\u00a0<\/p>\n<\/p><\/div>\n<p><script async defer crossorigin=\"anonymous\" src=\"https:\/\/connect.facebook.net\/es_LA\/sdk.js#xfbml=1&#038;version=v14.0&#038;appId=563415912195060&#038;autoLogAppEvents=1\" nonce=\"yOaCI22n\"><\/script><br \/>\n<br \/><\/p>\n<p><em> &#8221; Fuentes contactonews.co &#8221; <\/em><\/p>\n","protected":false},"excerpt":{"rendered":"<p>Inicio Cruceros MSC Cruceros anuncia inauguraci\u00f3n del MSC Euribia Se trata del segundo barco de la compa\u00f1\u00eda propulsado por fuel pure licuado, uno de los combustibles marinos m\u00e1s limpios del mundo disponible a gran escala. &#13; Por Contacto Editorial | 01 de marzo de 2023 Este segundo buque de MSC Cruceros propulsado por GNL ser\u00e1 [&hellip;]<\/p>\n","protected":false},"author":4,"featured_media":500505,"comment_status":"open","ping_status":"closed","sticky":false,"template":"","format":"standard","meta":{"om_disable_all_campaigns":false,"jnews-multi-image_gallery":[],"jnews_single_post":[],"jnews_primary_category":[],"jnews_social_meta":[],"footnotes":""},"categories":[41],"tags":[2106],"class_list":["post-500504","post","type-post","status-publish","format-standard","has-post-thumbnail","hentry","category-cruceros","tag-msc-cruceros"],"_links":{"self":[{"href":"https:\/\/dimensionturistica.com\/es\/wp-json\/wp\/v2\/posts\/500504","targetHints":{"allow":["GET"]}}],"collection":[{"href":"https:\/\/dimensionturistica.com\/es\/wp-json\/wp\/v2\/posts"}],"about":[{"href":"https:\/\/dimensionturistica.com\/es\/wp-json\/wp\/v2\/types\/post"}],"author":[{"embeddable":true,"href":"https:\/\/dimensionturistica.com\/es\/wp-json\/wp\/v2\/users\/4"}],"replies":[{"embeddable":true,"href":"https:\/\/dimensionturistica.com\/es\/wp-json\/wp\/v2\/comments?post=500504"}],"version-history":[{"count":0,"href":"https:\/\/dimensionturistica.com\/es\/wp-json\/wp\/v2\/posts\/500504\/revisions"}],"wp:featuredmedia":[{"embeddable":true,"href":"https:\/\/dimensionturistica.com\/es\/wp-json\/wp\/v2\/media\/500505"}],"wp:attachment":[{"href":"https:\/\/dimensionturistica.com\/es\/wp-json\/wp\/v2\/media?parent=500504"}],"wp:term":[{"taxonomy":"category","embeddable":true,"href":"https:\/\/dimensionturistica.com\/es\/wp-json\/wp\/v2\/categories?post=500504"},{"taxonomy":"post_tag","embeddable":true,"href":"https:\/\/dimensionturistica.com\/es\/wp-json\/wp\/v2\/tags?post=500504"}],"curies":[{"name":"wp","href":"https:\/\/api.w.org\/{rel}","templated":true}]}}