{"id":500459,"date":"2023-03-04T18:01:04","date_gmt":"2023-03-04T18:01:04","guid":{"rendered":"https:\/\/dimensionturistica.com\/es\/?p=500459"},"modified":"2023-03-04T18:01:04","modified_gmt":"2023-03-04T18:01:04","slug":"conoce-las-ferias-que-habra-en-mexico-durante-marzo","status":"publish","type":"post","link":"https:\/\/dimensionturistica.com\/es\/conoce-las-ferias-que-habra-en-mexico-durante-marzo\/","title":{"rendered":"Conoce las ferias que habr\u00e1 en M\u00e9xico durante marzo"},"content":{"rendered":"<p> <br \/>\n<\/p>\n<div>\n<p>Despu\u00e9s de poco m\u00e1s de dos a\u00f1os de pandemia de Covid-19, las <strong>ferias<\/strong> que se hac\u00edan cada a\u00f1o en M\u00e9xico est\u00e1n regresando, muchas de las m\u00e1s populares decidieron regresar este marzo.\u00a0<\/p>\n<p>Cada evento te permite conocer un poco m\u00e1s sobre las riquezas que hay en el pa\u00eds, por ejemplo la agricultura con su Feria de las Fresas, la cultura con la Cumbre Taj\u00edn y la gastronom\u00eda, en la feria dedicada al taco y al asado.\u00a0<\/p>\n<h2>Forma parte de la Feria de las Fresas<\/h2>\n<p>Del 17 de marzo al 02 de abril en <a rel=\"nofollow noopener\" target=\"_blank\" href=\"https:\/\/topadventure.com\/experiencias\/Visita-Irapuato-Guanajuato-la-Capital-Mundial-de-la-Fresa-20211128-0004.html\">Irapuato<\/a>, Guanajuato, se realizar\u00e1 la Feria de las Fresas, un evento dedicado a la exposici\u00f3n de esta deliciosa fruta, habr\u00e1 varias casas productoras y una gran cantidad de ofertas.\u00a0<\/p>\n<p>La feria tendr\u00e1 un pabell\u00f3n gastron\u00f3mico, exposici\u00f3n ganadera, venta de artesan\u00edas y juegos mec\u00e1nicos y conciertos protagonizados por artistas muy famosos como Guaynaa y Lasso, Belinda, Mar\u00eda Jos\u00e9, Kumbia Kings y otros.\u00a0<\/p>\n<h2>Otra de las ferias esperadas es Cumbre Taj\u00edn\u00a0<\/h2>\n<p>La Cumbre <a rel=\"nofollow noopener\" target=\"_blank\" href=\"https:\/\/topadventure.com\/cultura\/Viaja-al-pasado-de-los-sorprendentes-vestigios-de-Tajin-Veracruz-20211214-0002.html\">Taj\u00edn<\/a> estar\u00e1 protagonizada por la zona arqueol\u00f3gica y por la cultura que gira en torno a los voladores de Papantla, es una de las <strong>ferias <\/strong>culturales que se realizar\u00e1n en marzo; se realizar\u00e1 del 21 al 26 del mismo mes.\u00a0<\/p>\n<p>Es una celebraci\u00f3n de la cultura totonaca, Patrimonio de la Humanidad, se realizar\u00e1n actividades acad\u00e9micas, culturales, talleres y conciertos, los cuales ser\u00e1n protagonizados por artistas como Residente, el grupo Molotov, Inna y Juan Magan, y el DJ Steve Aoki; es una buena raz\u00f3n para visitar a este destino de Veracruz.\u00a0<\/p>\n<h2>En CDMX te espera el San Patricio Fest\u00a0<\/h2>\n<p>Aunque el D\u00eda de San Patricio es la celebraci\u00f3n emblem\u00e1tica de Irlanda del Norte, en <a rel=\"nofollow noopener\" target=\"_blank\" href=\"https:\/\/topadventure.com\/viajes\/Hoteles-en-CDMX-donde-hospedarte-con-tu-gato-20230302-0010.html\">Ciudad de M\u00e9xico <\/a>este homenaje lleg\u00f3 para quedarse, tanto as\u00ed que es una de las <strong>ferias<\/strong> m\u00e1s esperadas de marzo.\u00a0<\/p>\n<p>En esta ocasi\u00f3n el San Patricio Fest se realizar\u00e1 del 11 al 19 de marzo, durante el d\u00eda todo se pinta de colour verde para festejar a San Patricio, las actividades programadas son conferencias, conciertos, gastronom\u00eda, desfiles y m\u00e1s sorpresas.\u00a0<\/p>\n<h2>Falta poco para la Feria del Taco y el Asado\u00a0<\/h2>\n<div>\n<figure class=\"image\">\n  <amp-img alt=\"Falta poco para la Feria del Taco y el Asado\u00a0\" layout=\"responsive\" src=\"https:\/\/topadventure.com\/__export\/1677950397233\/sites\/laverdad\/img\/2023\/03\/04\/image_10.png_672404822.png\" width=\"480\" height=\"360\"\/><figcaption>\n    Feria del Taco y el Asado\u00a0<br \/>\n  <\/figcaption><\/figure>\n<\/div>\n<p>Para formar parte de la Feria del Taco y el Asado debes viajar a Amecameca, Estado de M\u00e9xico, se trata de una de las<strong> ferias<\/strong> m\u00e1s esperadas del a\u00f1o, ya que est\u00e1 llena de sabor y eventos culturales.\u00a0<\/p>\n<p>El evento se realizar\u00e1 del 18 al 19 marzo, para esta ocasi\u00f3n se tiene planeado reunir a poco m\u00e1s de 40 taquer\u00edas, quienes ser\u00e1n las encargadas de preparar sus mejores tacos y asados.\u00a0<\/p>\n<p>Sin duda alguna, ser\u00e1 una gran aventura gastron\u00f3mica, en la cual probar\u00e1s tacos de pastor, suadero, tripa, longaniza, campechanos y otros que son muy ex\u00f3ticos.\u00a0<\/p>\n<\/div>\n\n<p><em> &#8221; Fuentes topadventure.com &#8221; <\/em><\/p>\n","protected":false},"excerpt":{"rendered":"<p>Despu\u00e9s de poco m\u00e1s de dos a\u00f1os de pandemia de Covid-19, las ferias que se hac\u00edan cada a\u00f1o en M\u00e9xico est\u00e1n regresando, muchas de las m\u00e1s populares decidieron regresar este marzo.\u00a0 Cada evento te permite conocer un poco m\u00e1s sobre las riquezas que hay en el pa\u00eds, por ejemplo la agricultura con su Feria de [&hellip;]<\/p>\n","protected":false},"author":4,"featured_media":500460,"comment_status":"open","ping_status":"closed","sticky":false,"template":"","format":"standard","meta":{"om_disable_all_campaigns":false,"jnews-multi-image_gallery":[],"jnews_single_post":[],"jnews_primary_category":[],"jnews_social_meta":[],"footnotes":""},"categories":[39],"tags":[662,873,769],"class_list":["post-500459","post","type-post","status-publish","format-standard","has-post-thumbnail","hentry","category-viajes","tag-cultura","tag-festivales","tag-mexico"],"_links":{"self":[{"href":"https:\/\/dimensionturistica.com\/es\/wp-json\/wp\/v2\/posts\/500459","targetHints":{"allow":["GET"]}}],"collection":[{"href":"https:\/\/dimensionturistica.com\/es\/wp-json\/wp\/v2\/posts"}],"about":[{"href":"https:\/\/dimensionturistica.com\/es\/wp-json\/wp\/v2\/types\/post"}],"author":[{"embeddable":true,"href":"https:\/\/dimensionturistica.com\/es\/wp-json\/wp\/v2\/users\/4"}],"replies":[{"embeddable":true,"href":"https:\/\/dimensionturistica.com\/es\/wp-json\/wp\/v2\/comments?post=500459"}],"version-history":[{"count":0,"href":"https:\/\/dimensionturistica.com\/es\/wp-json\/wp\/v2\/posts\/500459\/revisions"}],"wp:featuredmedia":[{"embeddable":true,"href":"https:\/\/dimensionturistica.com\/es\/wp-json\/wp\/v2\/media\/500460"}],"wp:attachment":[{"href":"https:\/\/dimensionturistica.com\/es\/wp-json\/wp\/v2\/media?parent=500459"}],"wp:term":[{"taxonomy":"category","embeddable":true,"href":"https:\/\/dimensionturistica.com\/es\/wp-json\/wp\/v2\/categories?post=500459"},{"taxonomy":"post_tag","embeddable":true,"href":"https:\/\/dimensionturistica.com\/es\/wp-json\/wp\/v2\/tags?post=500459"}],"curies":[{"name":"wp","href":"https:\/\/api.w.org\/{rel}","templated":true}]}}