{"id":500435,"date":"2023-03-04T19:58:27","date_gmt":"2023-03-04T19:58:27","guid":{"rendered":"https:\/\/dimensionturistica.com\/es\/?p=500435"},"modified":"2023-03-04T19:58:27","modified_gmt":"2023-03-04T19:58:27","slug":"cancun-y-riviera-maya-con-repunte-inmobiliario-y-la-vivienda-mas-cara-del-sureste-del-pais","status":"publish","type":"post","link":"https:\/\/dimensionturistica.com\/es\/cancun-y-riviera-maya-con-repunte-inmobiliario-y-la-vivienda-mas-cara-del-sureste-del-pais\/","title":{"rendered":"Canc\u00fan y Riviera Maya con repunte inmobiliario y la vivienda m\u00e1s cara del sureste del pa\u00eds"},"content":{"rendered":"<p><img decoding=\"async\" class=\"size-medium wp-image-500502 alignright\" src=\"https:\/\/dimensionturistica.com\/es\/wp-content\/uploads\/2023\/03\/e8a6ca34-974a-4339-bc0e-d183329106d6-300x263.jpg\" alt=\"\" width=\"300\" height=\"263\" srcset=\"https:\/\/dimensionturistica.com\/es\/wp-content\/uploads\/2023\/03\/e8a6ca34-974a-4339-bc0e-d183329106d6-300x263.jpg 300w, https:\/\/dimensionturistica.com\/es\/wp-content\/uploads\/2023\/03\/e8a6ca34-974a-4339-bc0e-d183329106d6-1024x898.jpg 1024w, https:\/\/dimensionturistica.com\/es\/wp-content\/uploads\/2023\/03\/e8a6ca34-974a-4339-bc0e-d183329106d6-768x673.jpg 768w, https:\/\/dimensionturistica.com\/es\/wp-content\/uploads\/2023\/03\/e8a6ca34-974a-4339-bc0e-d183329106d6-1536x1347.jpg 1536w, https:\/\/dimensionturistica.com\/es\/wp-content\/uploads\/2023\/03\/e8a6ca34-974a-4339-bc0e-d183329106d6-750x658.jpg 750w, https:\/\/dimensionturistica.com\/es\/wp-content\/uploads\/2023\/03\/e8a6ca34-974a-4339-bc0e-d183329106d6-1140x1000.jpg 1140w, https:\/\/dimensionturistica.com\/es\/wp-content\/uploads\/2023\/03\/e8a6ca34-974a-4339-bc0e-d183329106d6.jpg 1599w\" sizes=\"(max-width: 300px) 100vw, 300px\" \/>El Colegio de Valuadores de Quintana Roo estim\u00f3 que el Caribe Mexicano mantendr\u00e1 este a\u00f1o su auge inmobiliario con la construcci\u00f3n de m\u00e1s de 5 mil nuevas viviendas, cuyo valor se acrecent\u00f3 hasta en un 40 por ciento y la realizaci\u00f3n de m\u00e1s de 25 mil procedimientos valuatorios, la mayor\u00eda de los cu\u00e1les se realizan para operaciones de traslado de dominio o compra venta de bienes inmuebles.<br \/>\nCanc\u00fan y la Riviera Maya se mantienen como las ciudades con la vivienda m\u00e1s cara del sureste del pa\u00eds, destinos que junto con Tulum, Playa del Carmen y la zona continental de Isla Mujeres, seguir\u00e1n registrando los mayores \u00edndices de construcci\u00f3n de vivienda nueva y de transacciones inmobiliarias\u201d, coment\u00f3 la Presidente del cuerpo colegiado, Ing. Ismenia G\u00f3mez Cervantes, quien estim\u00f3 que este a\u00f1o se dar\u00e1 un aumento de hasta un 20 por ciento en la edificaci\u00f3n de casas habitaci\u00f3n, comparado con el 2022.<img decoding=\"async\" class=\"size-medium wp-image-500501 alignright\" src=\"https:\/\/dimensionturistica.com\/es\/wp-content\/uploads\/2023\/03\/7011185c-aefe-4e94-852d-1b88088a146c-300x219.jpg\" alt=\"\" width=\"300\" height=\"219\" srcset=\"https:\/\/dimensionturistica.com\/es\/wp-content\/uploads\/2023\/03\/7011185c-aefe-4e94-852d-1b88088a146c-300x219.jpg 300w, https:\/\/dimensionturistica.com\/es\/wp-content\/uploads\/2023\/03\/7011185c-aefe-4e94-852d-1b88088a146c-1024x748.jpg 1024w, https:\/\/dimensionturistica.com\/es\/wp-content\/uploads\/2023\/03\/7011185c-aefe-4e94-852d-1b88088a146c-768x561.jpg 768w, https:\/\/dimensionturistica.com\/es\/wp-content\/uploads\/2023\/03\/7011185c-aefe-4e94-852d-1b88088a146c-1536x1122.jpg 1536w, https:\/\/dimensionturistica.com\/es\/wp-content\/uploads\/2023\/03\/7011185c-aefe-4e94-852d-1b88088a146c-750x548.jpg 750w, https:\/\/dimensionturistica.com\/es\/wp-content\/uploads\/2023\/03\/7011185c-aefe-4e94-852d-1b88088a146c-1140x833.jpg 1140w, https:\/\/dimensionturistica.com\/es\/wp-content\/uploads\/2023\/03\/7011185c-aefe-4e94-852d-1b88088a146c.jpg 1599w\" sizes=\"(max-width: 300px) 100vw, 300px\" \/><br \/>\nEn el marco de la ceremonia de entrega de credenciales a 162 peritos acreditados activos en Quintana Roo, la dirigente del cuerpo colegiado reconoci\u00f3 que el encarecimiento de los bienes inmuebles se debe al alza en el precio de los materiales de construcci\u00f3n, la falta de mano de obra calificada y el aumento en los salarios que se paga al personal.\u201c\u201c\u201cAl igual que sucede en la industria tur\u00edstica, hay escasez de personal para trabajar en los desarrollos inmobiliarios por la competencia que representa el Tren Maya, la cual est\u00e1 pagando buenos salarios\u201d, coment\u00f3 Ismenia G\u00f3mez, quien a\u00f1adi\u00f3 que esto ha provocado el aument\u00f3 hasta en un 30 por ciento en los honorarios pagados al personal dedicado a la construcci\u00f3n de vivienda en la entidad, la cual un 85 por ciento es de inter\u00e9s social, un 10 por ciento de inter\u00e9s medio y s\u00f3lo el 5 por ciento es de gran lujo.<br \/>\nLa dirigente del COVAQROO reconoci\u00f3 que la boyante industria inmobiliaria<img decoding=\"async\" class=\"size-medium wp-image-500500 alignright\" src=\"https:\/\/dimensionturistica.com\/es\/wp-content\/uploads\/2023\/03\/02040ed7-57c0-49c0-97e7-becd6aecdad9-300x217.jpg\" alt=\"\" width=\"300\" height=\"217\" srcset=\"https:\/\/dimensionturistica.com\/es\/wp-content\/uploads\/2023\/03\/02040ed7-57c0-49c0-97e7-becd6aecdad9-300x217.jpg 300w, https:\/\/dimensionturistica.com\/es\/wp-content\/uploads\/2023\/03\/02040ed7-57c0-49c0-97e7-becd6aecdad9-1024x742.jpg 1024w, https:\/\/dimensionturistica.com\/es\/wp-content\/uploads\/2023\/03\/02040ed7-57c0-49c0-97e7-becd6aecdad9-768x557.jpg 768w, https:\/\/dimensionturistica.com\/es\/wp-content\/uploads\/2023\/03\/02040ed7-57c0-49c0-97e7-becd6aecdad9-1536x1113.jpg 1536w, https:\/\/dimensionturistica.com\/es\/wp-content\/uploads\/2023\/03\/02040ed7-57c0-49c0-97e7-becd6aecdad9-120x86.jpg 120w, https:\/\/dimensionturistica.com\/es\/wp-content\/uploads\/2023\/03\/02040ed7-57c0-49c0-97e7-becd6aecdad9-750x544.jpg 750w, https:\/\/dimensionturistica.com\/es\/wp-content\/uploads\/2023\/03\/02040ed7-57c0-49c0-97e7-becd6aecdad9-1140x826.jpg 1140w, https:\/\/dimensionturistica.com\/es\/wp-content\/uploads\/2023\/03\/02040ed7-57c0-49c0-97e7-becd6aecdad9.jpg 1599w\" sizes=\"(max-width: 300px) 100vw, 300px\" \/> mantendr\u00e1 su crecimiento mientras no se presente en el futuro alg\u00fan suceso que frene su tendencia como otra pandemia, alg\u00fan conflicto b\u00e9lico o un hurac\u00e1n de gran magnitud. \u201cCanc\u00fan y los destinos de Quintana Roo son los m\u00e1s solicitados a nivel nacional e internacional para invertir en propiedades sin que los problemas de inseguridad le afecten\u201d, enfatiz\u00f3.<br \/>\nIsmenia G\u00f3mez solicit\u00f3 a las autoridades de cada municipio la pronta activaci\u00f3n de los Consejos Catastrales, los cu\u00e1les operan s\u00f3lo en Benito Ju\u00e1rez y Cozumel, y mismos que tienen como objetivo defender y actuar a favor de la ciudadan\u00eda cuando se presentan inconformidades en la tipificaci\u00f3n de los valores catastrales.<br \/>\nLa titular del COVAQROO tambi\u00e9n insisti\u00f3 en la aprobaci\u00f3n de la Ley de Valuaci\u00f3n, la cual evitar\u00eda de peritos valuadores de otras entidades ejercieran en Quintana Roo y realizaran aval\u00faos err\u00f3neos como ha sucedido en muchas<img decoding=\"async\" class=\"size-medium wp-image-500496 alignright\" src=\"https:\/\/dimensionturistica.com\/es\/wp-content\/uploads\/2023\/03\/665d6f37-cf53-4e6d-b647-2d6ba9b7a130-300x187.jpg\" alt=\"\" width=\"300\" height=\"187\" srcset=\"https:\/\/dimensionturistica.com\/es\/wp-content\/uploads\/2023\/03\/665d6f37-cf53-4e6d-b647-2d6ba9b7a130-300x187.jpg 300w, https:\/\/dimensionturistica.com\/es\/wp-content\/uploads\/2023\/03\/665d6f37-cf53-4e6d-b647-2d6ba9b7a130-1024x638.jpg 1024w, https:\/\/dimensionturistica.com\/es\/wp-content\/uploads\/2023\/03\/665d6f37-cf53-4e6d-b647-2d6ba9b7a130-768x478.jpg 768w, https:\/\/dimensionturistica.com\/es\/wp-content\/uploads\/2023\/03\/665d6f37-cf53-4e6d-b647-2d6ba9b7a130-1536x957.jpg 1536w, https:\/\/dimensionturistica.com\/es\/wp-content\/uploads\/2023\/03\/665d6f37-cf53-4e6d-b647-2d6ba9b7a130-750x467.jpg 750w, https:\/\/dimensionturistica.com\/es\/wp-content\/uploads\/2023\/03\/665d6f37-cf53-4e6d-b647-2d6ba9b7a130-1140x710.jpg 1140w, https:\/\/dimensionturistica.com\/es\/wp-content\/uploads\/2023\/03\/665d6f37-cf53-4e6d-b647-2d6ba9b7a130.jpg 1599w\" sizes=\"(max-width: 300px) 100vw, 300px\" \/> ocasiones por no estar familiarizado con la regi\u00f3n. \u201cEs com\u00fan que se contrate a peritos for\u00e1neos, mismos que realizan hasta el 10 por ciento de los aval\u00faos que cada a\u00f1o se llevan a cabo en la entidad\u201d, puntualiz\u00f3.\u201c\u201cEn ese sentido, Ismenia G\u00f3mez invit\u00f3 a la ciudadan\u00eda a acercarse al colegio y conocer la labor que realizan los peritos, quienes luego de estudiar postgrados y especializarse en el tema, son expertos en realizar m\u00e1s de 30 tipos de aval\u00fao, incluyendo joyas, aviones, maquinaria, negocios en marcha, entre otros. \u201cUn aval\u00fao de una casa de inter\u00e9s social cuesta alrededor de 2 mil pesos y de una propiedad comercial de menos de un mill\u00f3n de pesos el valor es de unos 4 mil pesos\u201d, puntualiz\u00f3 al destacar que el 80 por ciento de los aval\u00faos que realizan son de bienes inmuebles.<img decoding=\"async\" class=\"size-medium wp-image-500495 alignright\" src=\"https:\/\/dimensionturistica.com\/es\/wp-content\/uploads\/2023\/03\/8f635147-0156-446e-ad1d-f2040de71a69-219x300.jpg\" alt=\"\" width=\"219\" height=\"300\" srcset=\"https:\/\/dimensionturistica.com\/es\/wp-content\/uploads\/2023\/03\/8f635147-0156-446e-ad1d-f2040de71a69-219x300.jpg 219w, https:\/\/dimensionturistica.com\/es\/wp-content\/uploads\/2023\/03\/8f635147-0156-446e-ad1d-f2040de71a69-748x1024.jpg 748w, https:\/\/dimensionturistica.com\/es\/wp-content\/uploads\/2023\/03\/8f635147-0156-446e-ad1d-f2040de71a69-768x1051.jpg 768w, https:\/\/dimensionturistica.com\/es\/wp-content\/uploads\/2023\/03\/8f635147-0156-446e-ad1d-f2040de71a69-750x1027.jpg 750w, https:\/\/dimensionturistica.com\/es\/wp-content\/uploads\/2023\/03\/8f635147-0156-446e-ad1d-f2040de71a69.jpg 935w\" sizes=\"(max-width: 219px) 100vw, 219px\" \/><br \/>\nFinalmente, la Presidente del COVAQROO anunci\u00f3 que Canc\u00fan ser\u00e1 sede del Congreso Nacional de la Federaci\u00f3n de Colegios de Valuadores (FECOVAL), agrupaci\u00f3n que aglutina a 50 colegios y mil 500 profesionistas en M\u00e9xico, en octubre del pr\u00f3ximo a\u00f1o con la participaci\u00f3n de hasta 600 congresistas.\u201c\u201cEn la ceremonia de entrega de credenciales, celebrada en el hotel Renaissance Canc\u00fan, se cont\u00f3 con la presencia de autoridades estatales y municipales, dirigentes empresariales y cuerpos colegiados.<\/p>\n","protected":false},"excerpt":{"rendered":"<p>El Colegio de Valuadores de Quintana Roo estim\u00f3 que el Caribe Mexicano mantendr\u00e1 este a\u00f1o su auge inmobiliario con la construcci\u00f3n de m\u00e1s de 5 mil nuevas viviendas, cuyo valor se acrecent\u00f3 hasta en un 40 por ciento y la realizaci\u00f3n de m\u00e1s de 25 mil procedimientos valuatorios, la mayor\u00eda de los cu\u00e1les se realizan [&hellip;]<\/p>\n","protected":false},"author":1,"featured_media":500503,"comment_status":"open","ping_status":"closed","sticky":false,"template":"","format":"standard","meta":{"om_disable_all_campaigns":false,"jnews-multi-image_gallery":[],"jnews_single_post":{"source_name":"","source_url":"","via_name":"","via_url":"","override_template":"0","override":[{"template":"1","single_blog_custom":"","parallax":"1","fullscreen":"1","layout":"right-sidebar","sidebar":"default-sidebar","second_sidebar":"default-sidebar","sticky_sidebar":"1","share_position":"top","share_float_style":"share-monocrhome","show_share_counter":"1","show_view_counter":"1","show_featured":"1","show_post_meta":"1","show_post_author":"1","show_post_author_image":"1","show_post_date":"1","post_date_format":"default","post_date_format_custom":"Y\/m\/d","show_post_category":"1","show_post_reading_time":"0","post_reading_time_wpm":"300","show_zoom_button":"0","zoom_button_out_step":"2","zoom_button_in_step":"3","show_post_tag":"1","show_prev_next_post":"1","show_popup_post":"1","number_popup_post":"1","show_author_box":"0","show_post_related":"0","show_inline_post_related":"0"}],"override_image_size":"0","image_override":[{"single_post_thumbnail_size":"crop-500","single_post_gallery_size":"crop-500"}],"trending_post":"0","trending_post_position":"meta","trending_post_label":"Trending","sponsored_post":"0","sponsored_post_label":"Sponsored by","sponsored_post_name":"","sponsored_post_url":"","sponsored_post_logo_enable":"0","sponsored_post_logo":"","sponsored_post_desc":"","disable_ad":"0"},"jnews_primary_category":{"id":"","hide":""},"jnews_social_meta":{"fb_title":"","fb_description":"","fb_image":"","twitter_title":"","twitter_description":"","twitter_image":""},"footnotes":""},"categories":[39],"tags":[],"class_list":["post-500435","post","type-post","status-publish","format-standard","has-post-thumbnail","hentry","category-viajes"],"_links":{"self":[{"href":"https:\/\/dimensionturistica.com\/es\/wp-json\/wp\/v2\/posts\/500435","targetHints":{"allow":["GET"]}}],"collection":[{"href":"https:\/\/dimensionturistica.com\/es\/wp-json\/wp\/v2\/posts"}],"about":[{"href":"https:\/\/dimensionturistica.com\/es\/wp-json\/wp\/v2\/types\/post"}],"author":[{"embeddable":true,"href":"https:\/\/dimensionturistica.com\/es\/wp-json\/wp\/v2\/users\/1"}],"replies":[{"embeddable":true,"href":"https:\/\/dimensionturistica.com\/es\/wp-json\/wp\/v2\/comments?post=500435"}],"version-history":[{"count":0,"href":"https:\/\/dimensionturistica.com\/es\/wp-json\/wp\/v2\/posts\/500435\/revisions"}],"wp:featuredmedia":[{"embeddable":true,"href":"https:\/\/dimensionturistica.com\/es\/wp-json\/wp\/v2\/media\/500503"}],"wp:attachment":[{"href":"https:\/\/dimensionturistica.com\/es\/wp-json\/wp\/v2\/media?parent=500435"}],"wp:term":[{"taxonomy":"category","embeddable":true,"href":"https:\/\/dimensionturistica.com\/es\/wp-json\/wp\/v2\/categories?post=500435"},{"taxonomy":"post_tag","embeddable":true,"href":"https:\/\/dimensionturistica.com\/es\/wp-json\/wp\/v2\/tags?post=500435"}],"curies":[{"name":"wp","href":"https:\/\/api.w.org\/{rel}","templated":true}]}}