{"id":500371,"date":"2023-03-04T15:40:42","date_gmt":"2023-03-04T15:40:42","guid":{"rendered":"https:\/\/dimensionturistica.com\/es\/?p=500371"},"modified":"2023-03-04T15:40:42","modified_gmt":"2023-03-04T15:40:42","slug":"llegan-a-guadalajara-las-esculturas-de-timo","status":"publish","type":"post","link":"https:\/\/dimensionturistica.com\/es\/llegan-a-guadalajara-las-esculturas-de-timo\/","title":{"rendered":"Llegan a Guadalajara las esculturas de \u201cTimo\u201d"},"content":{"rendered":"<p>En el marco del 481 Aniversario de la Fundaci\u00f3n de Guadalajara y el Bicentenario de Jalisco como Estado libre y soberano llegan al Paseo Fray Antonio Alcalde las esculturas de \u2018Timo\u2019, un personaje del artista pl\u00e1stico mexicano Rodrigo de la Sierra, cuyo personaje representa al \u201chombre de todos\u201d.<\/p>\n<p>Esta exposici\u00f3n consta de 15 esculturas que llevan por nombre \u201cGran ego\u201d, \u201cEl piloto\u201d, \u201cRetrato\u201d, \u201cVolar\u201d, \u201cBalance\u201d, \u201cLos de arriba y los de abajo\u201d, \u201cUnited States<img decoding=\"async\" class=\" wp-image-500378 alignright\" src=\"https:\/\/dimensionturistica.com\/es\/wp-content\/uploads\/2023\/03\/Rodrigo-de-la-Sierra-TIMO-300x125.jpg\" alt=\"\" width=\"554\" height=\"231\" srcset=\"https:\/\/dimensionturistica.com\/es\/wp-content\/uploads\/2023\/03\/Rodrigo-de-la-Sierra-TIMO-300x125.jpg 300w, https:\/\/dimensionturistica.com\/es\/wp-content\/uploads\/2023\/03\/Rodrigo-de-la-Sierra-TIMO-1024x427.jpg 1024w, https:\/\/dimensionturistica.com\/es\/wp-content\/uploads\/2023\/03\/Rodrigo-de-la-Sierra-TIMO-768x320.jpg 768w, https:\/\/dimensionturistica.com\/es\/wp-content\/uploads\/2023\/03\/Rodrigo-de-la-Sierra-TIMO-750x313.jpg 750w, https:\/\/dimensionturistica.com\/es\/wp-content\/uploads\/2023\/03\/Rodrigo-de-la-Sierra-TIMO-1140x475.jpg 1140w, https:\/\/dimensionturistica.com\/es\/wp-content\/uploads\/2023\/03\/Rodrigo-de-la-Sierra-TIMO.jpg 1200w\" sizes=\"(max-width: 554px) 100vw, 554px\" \/> on America\u201d, \u201cPunto de fuga\u201d, \u201cAvi\u00f3n de papel\u201d, \u201cEl vigilante\u201d, \u201cNueve bloques\u201d, \u201cBuscando equilibrio\u201d, \u201cBajo control\u201d, \u201cBig steps\u201d y \u201cD\u00e9dalo\u201d.<br \/>\nLas esculturas de Timoteo, al cual apodan cari\u00f1osamente \u2018Timo\u2019, exponen una met\u00e1fora sobre alguna problem\u00e1tica econ\u00f3mica, pol\u00edtica o social que invita a reflexionar sobre el \u201cser\u201d de una forma cercana y que las personas reconozcan, incluso una de ellas es interactiva.<br \/>\nEste personaje surgi\u00f3 del cuaderno de apuntes de su creador Rodrigo de la Sierra a trav\u00e9s de una serie de garabatos, el cual es una persona com\u00fan y corriente pero que representa la capacidad de mover al mundo y ahora sus esculturas se encuentran ubicadas de la Glorieta de La Normal hasta el Santuario de Nuestra<img decoding=\"async\" class=\" wp-image-500377 alignright\" src=\"https:\/\/dimensionturistica.com\/es\/wp-content\/uploads\/2023\/03\/Rodrigo-de-la-Sierra-TIMO.1-300x125.jpg\" alt=\"\" width=\"588\" height=\"245\" srcset=\"https:\/\/dimensionturistica.com\/es\/wp-content\/uploads\/2023\/03\/Rodrigo-de-la-Sierra-TIMO.1-300x125.jpg 300w, https:\/\/dimensionturistica.com\/es\/wp-content\/uploads\/2023\/03\/Rodrigo-de-la-Sierra-TIMO.1-1024x427.jpg 1024w, https:\/\/dimensionturistica.com\/es\/wp-content\/uploads\/2023\/03\/Rodrigo-de-la-Sierra-TIMO.1-768x320.jpg 768w, https:\/\/dimensionturistica.com\/es\/wp-content\/uploads\/2023\/03\/Rodrigo-de-la-Sierra-TIMO.1-750x313.jpg 750w, https:\/\/dimensionturistica.com\/es\/wp-content\/uploads\/2023\/03\/Rodrigo-de-la-Sierra-TIMO.1-1140x475.jpg 1140w, https:\/\/dimensionturistica.com\/es\/wp-content\/uploads\/2023\/03\/Rodrigo-de-la-Sierra-TIMO.1.jpg 1200w\" sizes=\"(max-width: 588px) 100vw, 588px\" \/> Se\u00f1ora de Guadalupe y podr\u00e1s visitarlas hasta el 25 de mayo.<br \/>\nLa exhibici\u00f3n de la obra en este espacio p\u00fablico busca que el arte y la cultura sean una plataforma de transformaci\u00f3n social que favorezca a los tapat\u00edos y visitantes de la ciudad, \u2018Timo\u2019 representa a las personas que en su d\u00eda a d\u00eda viven la cotidianidad por las calles con sus dificultades y alegr\u00edas, por lo que son obras que disfrutar\u00e1 toda la familia.<br \/>\nPor ello, la Oficina de Visitantes y Convenciones de Guadalajara te invita a visitar el Paseo Fray Antonio Alcalde y a conocer a \u2018Timo\u2019 y todo lo dem\u00e1s que la agenda cultural de la zona tiene para ti en un espacio de recreaci\u00f3n y arte para todos y todas.<\/p>\n<p>&nbsp;<\/p>\n","protected":false},"excerpt":{"rendered":"<p>En el marco del 481 Aniversario de la Fundaci\u00f3n de Guadalajara y el Bicentenario de Jalisco como Estado libre y soberano llegan al Paseo Fray Antonio Alcalde las esculturas de \u2018Timo\u2019, un personaje del artista pl\u00e1stico mexicano Rodrigo de la Sierra, cuyo personaje representa al \u201chombre de todos\u201d. Esta exposici\u00f3n consta de 15 esculturas que [&hellip;]<\/p>\n","protected":false},"author":1,"featured_media":500379,"comment_status":"open","ping_status":"closed","sticky":false,"template":"","format":"standard","meta":{"om_disable_all_campaigns":false,"jnews-multi-image_gallery":[],"jnews_single_post":{"source_name":"","source_url":"","via_name":"","via_url":"","override_template":"0","override":[{"template":"1","single_blog_custom":"","parallax":"1","fullscreen":"1","layout":"right-sidebar","sidebar":"default-sidebar","second_sidebar":"default-sidebar","sticky_sidebar":"1","share_position":"top","share_float_style":"share-monocrhome","show_share_counter":"1","show_view_counter":"1","show_featured":"1","show_post_meta":"1","show_post_author":"1","show_post_author_image":"1","show_post_date":"1","post_date_format":"default","post_date_format_custom":"Y\/m\/d","show_post_category":"1","show_post_reading_time":"0","post_reading_time_wpm":"300","show_zoom_button":"0","zoom_button_out_step":"2","zoom_button_in_step":"3","show_post_tag":"1","show_prev_next_post":"1","show_popup_post":"1","number_popup_post":"1","show_author_box":"0","show_post_related":"0","show_inline_post_related":"0"}],"override_image_size":"0","image_override":[{"single_post_thumbnail_size":"crop-500","single_post_gallery_size":"crop-500"}],"trending_post":"0","trending_post_position":"meta","trending_post_label":"Trending","sponsored_post":"0","sponsored_post_label":"Sponsored by","sponsored_post_name":"","sponsored_post_url":"","sponsored_post_logo_enable":"0","sponsored_post_logo":"","sponsored_post_desc":"","disable_ad":"0"},"jnews_primary_category":{"id":"","hide":""},"jnews_social_meta":{"fb_title":"","fb_description":"","fb_image":"","twitter_title":"","twitter_description":"","twitter_image":""},"footnotes":""},"categories":[40],"tags":[],"class_list":["post-500371","post","type-post","status-publish","format-standard","has-post-thumbnail","hentry","category-industria"],"_links":{"self":[{"href":"https:\/\/dimensionturistica.com\/es\/wp-json\/wp\/v2\/posts\/500371","targetHints":{"allow":["GET"]}}],"collection":[{"href":"https:\/\/dimensionturistica.com\/es\/wp-json\/wp\/v2\/posts"}],"about":[{"href":"https:\/\/dimensionturistica.com\/es\/wp-json\/wp\/v2\/types\/post"}],"author":[{"embeddable":true,"href":"https:\/\/dimensionturistica.com\/es\/wp-json\/wp\/v2\/users\/1"}],"replies":[{"embeddable":true,"href":"https:\/\/dimensionturistica.com\/es\/wp-json\/wp\/v2\/comments?post=500371"}],"version-history":[{"count":0,"href":"https:\/\/dimensionturistica.com\/es\/wp-json\/wp\/v2\/posts\/500371\/revisions"}],"wp:featuredmedia":[{"embeddable":true,"href":"https:\/\/dimensionturistica.com\/es\/wp-json\/wp\/v2\/media\/500379"}],"wp:attachment":[{"href":"https:\/\/dimensionturistica.com\/es\/wp-json\/wp\/v2\/media?parent=500371"}],"wp:term":[{"taxonomy":"category","embeddable":true,"href":"https:\/\/dimensionturistica.com\/es\/wp-json\/wp\/v2\/categories?post=500371"},{"taxonomy":"post_tag","embeddable":true,"href":"https:\/\/dimensionturistica.com\/es\/wp-json\/wp\/v2\/tags?post=500371"}],"curies":[{"name":"wp","href":"https:\/\/api.w.org\/{rel}","templated":true}]}}