{"id":500346,"date":"2023-03-04T14:59:39","date_gmt":"2023-03-04T14:59:39","guid":{"rendered":"https:\/\/dimensionturistica.com\/es\/?p=500346"},"modified":"2023-03-04T14:59:39","modified_gmt":"2023-03-04T14:59:39","slug":"volaris-registra-record-de-capacidad-internacional-durante-enero","status":"publish","type":"post","link":"https:\/\/dimensionturistica.com\/es\/volaris-registra-record-de-capacidad-internacional-durante-enero\/","title":{"rendered":"Volaris registra r\u00e9cord de capacidad internacional durante enero"},"content":{"rendered":"<p>Volaris, la aerol\u00ednea mexicana de ultra bajo costo que opera en M\u00e9xico, Estados Unidos, Centro y Sudam\u00e9rica, tuvo un aumento r\u00e9cord en la capacidad internacional medida en ASM (asientos disponibles por milla) y demanda medida en RPM (pasajeros transportados por milla) en enero de 2023, en comparaci\u00f3n con el mismo periodo del a\u00f1o anterior.<br \/>\nLa capacidad internacional de Volaris aument\u00f3 20.5 por ciento y la demanda 35.7 por ciento. Esto llev\u00f3 tambi\u00e9n a un incremento del factor de ocupaci\u00f3n de 10 puntos porcentuales, coloc\u00e1ndose en 88.7 por ciento. Adem\u00e1s, Volaris transport\u00f3 640 mil pasajeros en rutas internacionales durante el mes, lo que representa un aumento del 32.7 por ciento en comparaci\u00f3n con enero de 2022. Lo anterior a<img decoding=\"async\" class=\"size-medium wp-image-500350 alignright\" src=\"https:\/\/dimensionturistica.com\/es\/wp-content\/uploads\/2023\/03\/VOLARISPASJEROS-300x225.jpg\" alt=\"\" width=\"300\" height=\"225\" srcset=\"https:\/\/dimensionturistica.com\/es\/wp-content\/uploads\/2023\/03\/VOLARISPASJEROS-300x225.jpg 300w, https:\/\/dimensionturistica.com\/es\/wp-content\/uploads\/2023\/03\/VOLARISPASJEROS-768x576.jpg 768w, https:\/\/dimensionturistica.com\/es\/wp-content\/uploads\/2023\/03\/VOLARISPASJEROS-750x563.jpg 750w, https:\/\/dimensionturistica.com\/es\/wp-content\/uploads\/2023\/03\/VOLARISPASJEROS.jpg 1024w\" sizes=\"(max-width: 300px) 100vw, 300px\" \/> pesar de las limitaciones que conlleva la clasificaci\u00f3n de M\u00e9xico en Categor\u00eda II por parte de la Administraci\u00f3n Federal de Aviaci\u00f3n (FAA) de los Estados Unidos.<br \/>\nA nivel industria, en M\u00e9xico, el factor de ocupaci\u00f3n internacional durante este mismo mes se coloc\u00f3 entre 78.7 y 80.1 por ciento. La compa\u00f1\u00eda atribuye este logro al fortalecimiento de su red de rutas y al compromiso de mantener los precios m\u00e1s bajos.<br \/>\n&#8220;Quiero reconocer el impecable trabajo de todo nuestro equipo. Estos resultados demuestran, una vez m\u00e1s, el \u00e9xito de un modelo de negocio resiliente, que nos permite ajustar la capacidad con base en la demanda inmediata sin comprometer los costos y la eficiencia,&#8221; dijo Holger Blankenstein, vicepresidente ejecutivo de Volaris.<\/p>\n","protected":false},"excerpt":{"rendered":"<p>Volaris, la aerol\u00ednea mexicana de ultra bajo costo que opera en M\u00e9xico, Estados Unidos, Centro y Sudam\u00e9rica, tuvo un aumento r\u00e9cord en la capacidad internacional medida en ASM (asientos disponibles por milla) y demanda medida en RPM (pasajeros transportados por milla) en enero de 2023, en comparaci\u00f3n con el mismo periodo del a\u00f1o anterior. La [&hellip;]<\/p>\n","protected":false},"author":1,"featured_media":500349,"comment_status":"open","ping_status":"closed","sticky":false,"template":"","format":"standard","meta":{"om_disable_all_campaigns":false,"jnews-multi-image_gallery":[],"jnews_single_post":{"source_name":"","source_url":"","via_name":"","via_url":"","override_template":"0","override":[{"template":"1","single_blog_custom":"","parallax":"1","fullscreen":"1","layout":"right-sidebar","sidebar":"default-sidebar","second_sidebar":"default-sidebar","sticky_sidebar":"1","share_position":"top","share_float_style":"share-monocrhome","show_share_counter":"1","show_view_counter":"1","show_featured":"1","show_post_meta":"1","show_post_author":"1","show_post_author_image":"1","show_post_date":"1","post_date_format":"default","post_date_format_custom":"Y\/m\/d","show_post_category":"1","show_post_reading_time":"0","post_reading_time_wpm":"300","show_zoom_button":"0","zoom_button_out_step":"2","zoom_button_in_step":"3","show_post_tag":"1","show_prev_next_post":"1","show_popup_post":"1","number_popup_post":"1","show_author_box":"0","show_post_related":"0","show_inline_post_related":"0"}],"override_image_size":"0","image_override":[{"single_post_thumbnail_size":"crop-500","single_post_gallery_size":"crop-500"}],"trending_post":"0","trending_post_position":"meta","trending_post_label":"Trending","sponsored_post":"0","sponsored_post_label":"Sponsored by","sponsored_post_name":"","sponsored_post_url":"","sponsored_post_logo_enable":"0","sponsored_post_logo":"","sponsored_post_desc":"","disable_ad":"0"},"jnews_primary_category":{"id":"","hide":""},"jnews_social_meta":{"fb_title":"","fb_description":"","fb_image":"","twitter_title":"","twitter_description":"","twitter_image":""},"footnotes":""},"categories":[39],"tags":[],"class_list":["post-500346","post","type-post","status-publish","format-standard","has-post-thumbnail","hentry","category-viajes"],"_links":{"self":[{"href":"https:\/\/dimensionturistica.com\/es\/wp-json\/wp\/v2\/posts\/500346","targetHints":{"allow":["GET"]}}],"collection":[{"href":"https:\/\/dimensionturistica.com\/es\/wp-json\/wp\/v2\/posts"}],"about":[{"href":"https:\/\/dimensionturistica.com\/es\/wp-json\/wp\/v2\/types\/post"}],"author":[{"embeddable":true,"href":"https:\/\/dimensionturistica.com\/es\/wp-json\/wp\/v2\/users\/1"}],"replies":[{"embeddable":true,"href":"https:\/\/dimensionturistica.com\/es\/wp-json\/wp\/v2\/comments?post=500346"}],"version-history":[{"count":0,"href":"https:\/\/dimensionturistica.com\/es\/wp-json\/wp\/v2\/posts\/500346\/revisions"}],"wp:featuredmedia":[{"embeddable":true,"href":"https:\/\/dimensionturistica.com\/es\/wp-json\/wp\/v2\/media\/500349"}],"wp:attachment":[{"href":"https:\/\/dimensionturistica.com\/es\/wp-json\/wp\/v2\/media?parent=500346"}],"wp:term":[{"taxonomy":"category","embeddable":true,"href":"https:\/\/dimensionturistica.com\/es\/wp-json\/wp\/v2\/categories?post=500346"},{"taxonomy":"post_tag","embeddable":true,"href":"https:\/\/dimensionturistica.com\/es\/wp-json\/wp\/v2\/tags?post=500346"}],"curies":[{"name":"wp","href":"https:\/\/api.w.org\/{rel}","templated":true}]}}