{"id":500217,"date":"2023-03-04T09:17:15","date_gmt":"2023-03-04T09:17:15","guid":{"rendered":"https:\/\/dimensionturistica.com\/es\/?p=500217"},"modified":"2023-03-04T09:17:15","modified_gmt":"2023-03-04T09:17:15","slug":"el-auditorio-acoge-los-galardones-de-la-industria-de-los-cruceros","status":"publish","type":"post","link":"https:\/\/dimensionturistica.com\/es\/el-auditorio-acoge-los-galardones-de-la-industria-de-los-cruceros\/","title":{"rendered":"El Auditorio acoge los galardones de la industria de los cruceros"},"content":{"rendered":"<p> <br \/>\n<\/p>\n<div>\n<article class=\"article-photo \"><amp-img alt=\"Cruceristas desembarcan para recorrer Santa Cruz de Tenerife.\" src=\"https:\/\/estaticos-cdn.prensaiberica.es\/clip\/fbe2e7e6-b326-4f75-ad97-ca09dced63d5_16-9-discover-aspect-ratio_default_0.jpg\" width=\"1200\" height=\"675\" layout=\"responsive\"\/><\/p>\n<p class=\"article-photo__footer\"><em>El Auditorio acoge los galardones de la industria de los cruceros<\/em><span>Mar\u00eda Pisaca<\/span><\/p>\n<\/article>\n<p class=\"article-body__text  \"><strong>Santa Cruz de <\/strong><a rel=\"nofollow noopener\" target=\"_blank\" href=\"https:\/\/www.eldia.es\/tenerife\/\" title=\"Tenerife\" class=\"link copy\"><strong>Tenerife<\/strong><\/a><strong> acoger\u00e1 el pr\u00f3ximo lunes la edici\u00f3n 2023 de los \u00fanicos galardones especializados en la industria de los cruceros en Espa\u00f1a que cada a\u00f1o reconocen la labor de sus protagonistas, de la mano de sus propios clientes<\/strong>. Son los prestigiosos <strong>Premios Excellence de Cruceros<\/strong>, toda una referencia en la industria crucer\u00edstica internacional. La gala tendr\u00e1 lugar en el Auditorio de la capital tinerfe\u00f1a este lunes a partir de las 19:00 horas.\n<\/p>\n<p class=\"article-body__text  \">\n    La ceremonia reunir\u00e1 a los principales ejecutivos de las compa\u00f1\u00edas navieras de cruceros, consignatarios, turoperadores de cruceros, puertos y destinos, agentes de viaje, prensa, colaboradores, profesionales y empresarios de Tenerife y otros proveedores del sector, que disfrutar\u00e1n de una gala \u00fanica en el Auditorio de Tenerife seguida de un coctel-cena.\n<\/p>\n<h2 class=\"article-body__ladillo\"><strong>Encuesta a los viajeros<\/strong><\/h2>\n<p class=\"article-body__text  \">\n    Los Premios Excellence de <a rel=\"nofollow noopener\" target=\"_blank\" href=\"https:\/\/www.eldia.es\/tags\/cruceros\/\" title=\"Cruceros\" class=\"link copy\">Cruceros<\/a> son el resultado de una encuesta a cruceristas, hecho que otorga un valor especial a los resultados, por ser la valoraci\u00f3n de los propios viajeros. La de Santa Cruz ser\u00e1 la <strong>decimosexta edici\u00f3n<\/strong>. Las \u00faltimas cinco ediciones se celebraron en A Coru\u00f1a (a\u00f1os 2020, 2022), Las Palmas de Gran Canaria (2021) y Cartagena (2018 y 2019). Premian 16 categor\u00edas entre las que se encuentran desde los mejores barcos, la mejor gastronom\u00eda, el mejor itinerario o incluso el mejor entretenimiento a bordo.\n<\/p>\n<p class=\"article-body__text  \">\n    Durante los pasados meses de noviembre y diciembre de 2022 los cinco puertos que reciben cruceros que gestiona la <a rel=\"nofollow noopener\" target=\"_blank\" href=\"https:\/\/www.eldia.es\/tags\/autoridad-portuaria-de-santa-cruz-de-tenerife\/\" title=\"Autoridad Portuaria de Santa Cruz de Tenerife\" class=\"link copy\">Autoridad Portuaria de Santa Cruz de Tenerife<\/a> recibieron una cifra de cruceristas related al de los mismos meses de 2019, antes de la pandemia.\n<\/p>\n<p class=\"article-body__text  \">\n    Para el a\u00f1o 2023, la previsi\u00f3n supone la llegada de cerca de 290 escalas en los primeros cuatro meses del a\u00f1o, que pasar\u00e1 a ser de 550 escalas si se contempla la previsi\u00f3n del a\u00f1o completo. Teniendo en cuenta cada puerto, las escalas previstas en Santa Cruz de Tenerife ser\u00e1n 307, seguidas por las 139 previstas en Santa Cruz de La Palma, 86 en San Sebasti\u00e1n de La Gomera, 14 en La Estaca (El Hierro) y 4 en Los Cristianos (Tenerife).\n<\/p>\n<h2 class=\"article-body__ladillo\"><strong>Patrocinador principal<\/strong><\/h2>\n<p class=\"article-body__text  \">\n    Esta edici\u00f3n de los Premios Excellence de Cruceros est\u00e1 promovida y patrocinada por la Autoridad Portuaria de Santa Cruz de Tenerife en colaboraci\u00f3n con otros organismos p\u00fablicos y privados como Puertos del Estado, Turismo Islas <a rel=\"nofollow noopener\" target=\"_blank\" href=\"https:\/\/www.eldia.es\/canarias\/\" title=\"Canarias\" class=\"link copy\">Canarias<\/a>, Cabildo de Tenerife, Turismo de Tenerife, Ayuntamiento de Santa Cruz de Tenerife, Cabildo de la Palma, Cabildo de El Hierro, Cabildo de la Gomera, Fred Olsen Delivery Options, Cepsa, Puertos Canarios y Cruises Atlantic Islands.\n<\/p>\n<\/div>\n\n<p><em> &#8221; Fuentes www.eldia.es &#8221; <\/em><\/p>\n","protected":false},"excerpt":{"rendered":"<p>El Auditorio acoge los galardones de la industria de los crucerosMar\u00eda Pisaca Santa Cruz de Tenerife acoger\u00e1 el pr\u00f3ximo lunes la edici\u00f3n 2023 de los \u00fanicos galardones especializados en la industria de los cruceros en Espa\u00f1a que cada a\u00f1o reconocen la labor de sus protagonistas, de la mano de sus propios clientes. Son los prestigiosos [&hellip;]<\/p>\n","protected":false},"author":4,"featured_media":500218,"comment_status":"open","ping_status":"closed","sticky":false,"template":"","format":"standard","meta":{"om_disable_all_campaigns":false,"jnews-multi-image_gallery":[],"jnews_single_post":[],"jnews_primary_category":[],"jnews_social_meta":[],"footnotes":""},"categories":[41],"tags":[10255,64578,543,46105,604,16765,2067],"class_list":["post-500217","post","type-post","status-publish","format-standard","has-post-thumbnail","hentry","category-cruceros","tag-acoge","tag-auditorio","tag-cruceros","tag-galardones","tag-industria","tag-los-cristianos","tag-tenerife"],"_links":{"self":[{"href":"https:\/\/dimensionturistica.com\/es\/wp-json\/wp\/v2\/posts\/500217","targetHints":{"allow":["GET"]}}],"collection":[{"href":"https:\/\/dimensionturistica.com\/es\/wp-json\/wp\/v2\/posts"}],"about":[{"href":"https:\/\/dimensionturistica.com\/es\/wp-json\/wp\/v2\/types\/post"}],"author":[{"embeddable":true,"href":"https:\/\/dimensionturistica.com\/es\/wp-json\/wp\/v2\/users\/4"}],"replies":[{"embeddable":true,"href":"https:\/\/dimensionturistica.com\/es\/wp-json\/wp\/v2\/comments?post=500217"}],"version-history":[{"count":0,"href":"https:\/\/dimensionturistica.com\/es\/wp-json\/wp\/v2\/posts\/500217\/revisions"}],"wp:featuredmedia":[{"embeddable":true,"href":"https:\/\/dimensionturistica.com\/es\/wp-json\/wp\/v2\/media\/500218"}],"wp:attachment":[{"href":"https:\/\/dimensionturistica.com\/es\/wp-json\/wp\/v2\/media?parent=500217"}],"wp:term":[{"taxonomy":"category","embeddable":true,"href":"https:\/\/dimensionturistica.com\/es\/wp-json\/wp\/v2\/categories?post=500217"},{"taxonomy":"post_tag","embeddable":true,"href":"https:\/\/dimensionturistica.com\/es\/wp-json\/wp\/v2\/tags?post=500217"}],"curies":[{"name":"wp","href":"https:\/\/api.w.org\/{rel}","templated":true}]}}