{"id":500190,"date":"2023-03-04T06:41:44","date_gmt":"2023-03-04T06:41:44","guid":{"rendered":"https:\/\/dimensionturistica.com\/es\/?p=500190"},"modified":"2023-03-04T06:41:44","modified_gmt":"2023-03-04T06:41:44","slug":"se-mueve-torniquete-para-embarques-en-cartagena-el-universal","status":"publish","type":"post","link":"https:\/\/dimensionturistica.com\/es\/se-mueve-torniquete-para-embarques-en-cartagena-el-universal\/","title":{"rendered":"Se mueve torniquete para embarques en Cartagena | EL UNIVERSAL"},"content":{"rendered":"<p> <br \/>\n<\/p>\n<p>Alberto Mu\u00f1oz, vicepresidente para LATAM y el Caribe de Royal Caribbean.<\/p>\n<div mlnid=\"idcon=7465030;order=10.0\">\n<p>Los primeros embarques que se realizar\u00e1n con el buque Raphsody of the Seas permitir\u00e1n a los cruceristas zarpar de Cartagena y seguir a Aruba, Bonaire, Curazao y Panam\u00e1; y en las \u00faltimas 8 salidas permitir\u00e1n cruzar al Pac\u00edfico por el Canal de Panam\u00e1 y llegar a Costa Rica, con toques en los puertos de Puntarenas y otro destino de ese pa\u00eds centramericano. El crucero incluye 7 noches y 8 d\u00edas.<\/p>\n<\/p><\/div>\n<div mlnid=\"idcon=7465033;order=13.0\">\n<p>Hace cerca de 10 a\u00f1os que Royal Caribbean no hac\u00eda embarques desde Cartagena y la \u00faltima l\u00ednea en hacer estas operaciones fue Pullmatur hasta antes de la pandemia. Esta l\u00ednea ya sali\u00f3 del mercado.<\/p>\n<p>La embarcaci\u00f3n utilizada para esta ruta tiene capacidad para 2 mil pasajeros.<\/p>\n<p>Por ahora la demanda de cabinas de este crucero proviene no solo de Colombia, tambi\u00e9n de pa\u00edses de Am\u00e9rica Latina e incluso de Estados Unidos.<\/p>\n<p>\u201cEstamos muy emocionados por la respuesta de Colombia. Cartagena le gusta a los latinos\u201d, expresa Mu\u00f1oz.<\/p>\n<p>\u201cPara la temporada de cruceros 2022 &#8211; 2023, en marcha, Cartagena espera 192 recaladas (llegadas de cruceros) en total, con 366.231 pasajeros y 166.572 tripulantes, 531.803 visitantes en total\u201d, detalla la SPRC. <b><a rel=\"nofollow noopener\" target=\"_blank\" href=\"https:\/\/www.eluniversal.com.co\/economica\/cruceros-retornaran-embarques-de-royal-caribbean-GN6179109\">(Lea aqu\u00ed: Cruceros: retornar\u00e1n embarques de Royal Caribbean).<\/a><\/b><\/p>\n<\/p><\/div>\n<p><script>\/*<![CDATA[*\/(function(e,a,f){var c,b=e.getElementsByTagName(a)[0];if(e.getElementById(f)){return}c=e.createElement(a);c.id=f;c.src=\"https:\/\/connect.facebook.net\/es_LA\/sdk.js#xfbml=1&#038;version=v3.2&#038;appId=1434085360147717&#038;autoLogAppEvents=1\";b.parentNode.insertBefore(c,b)}(document,\"script\",\"facebook-jssdk\"));\/*]]>*\/<\/script><br \/>\n<br \/><\/p>\n<p><em> &#8221; Fuentes www.eluniversal.com.co &#8221; <\/em><\/p>\n","protected":false},"excerpt":{"rendered":"<p>Alberto Mu\u00f1oz, vicepresidente para LATAM y el Caribe de Royal Caribbean. Los primeros embarques que se realizar\u00e1n con el buque Raphsody of the Seas permitir\u00e1n a los cruceristas zarpar de Cartagena y seguir a Aruba, Bonaire, Curazao y Panam\u00e1; y en las \u00faltimas 8 salidas permitir\u00e1n cruzar al Pac\u00edfico por el Canal de Panam\u00e1 y [&hellip;]<\/p>\n","protected":false},"author":4,"featured_media":500191,"comment_status":"open","ping_status":"closed","sticky":false,"template":"","format":"standard","meta":{"om_disable_all_campaigns":false,"jnews-multi-image_gallery":[],"jnews_single_post":[],"jnews_primary_category":[],"jnews_social_meta":[],"footnotes":""},"categories":[41],"tags":[24352],"class_list":["post-500190","post","type-post","status-publish","format-standard","has-post-thumbnail","hentry","category-cruceros","tag-temporada-de-cruceros"],"_links":{"self":[{"href":"https:\/\/dimensionturistica.com\/es\/wp-json\/wp\/v2\/posts\/500190","targetHints":{"allow":["GET"]}}],"collection":[{"href":"https:\/\/dimensionturistica.com\/es\/wp-json\/wp\/v2\/posts"}],"about":[{"href":"https:\/\/dimensionturistica.com\/es\/wp-json\/wp\/v2\/types\/post"}],"author":[{"embeddable":true,"href":"https:\/\/dimensionturistica.com\/es\/wp-json\/wp\/v2\/users\/4"}],"replies":[{"embeddable":true,"href":"https:\/\/dimensionturistica.com\/es\/wp-json\/wp\/v2\/comments?post=500190"}],"version-history":[{"count":0,"href":"https:\/\/dimensionturistica.com\/es\/wp-json\/wp\/v2\/posts\/500190\/revisions"}],"wp:featuredmedia":[{"embeddable":true,"href":"https:\/\/dimensionturistica.com\/es\/wp-json\/wp\/v2\/media\/500191"}],"wp:attachment":[{"href":"https:\/\/dimensionturistica.com\/es\/wp-json\/wp\/v2\/media?parent=500190"}],"wp:term":[{"taxonomy":"category","embeddable":true,"href":"https:\/\/dimensionturistica.com\/es\/wp-json\/wp\/v2\/categories?post=500190"},{"taxonomy":"post_tag","embeddable":true,"href":"https:\/\/dimensionturistica.com\/es\/wp-json\/wp\/v2\/tags?post=500190"}],"curies":[{"name":"wp","href":"https:\/\/api.w.org\/{rel}","templated":true}]}}