{"id":500060,"date":"2023-03-03T23:52:21","date_gmt":"2023-03-03T23:52:21","guid":{"rendered":"https:\/\/dimensionturistica.com\/es\/?p=500060"},"modified":"2023-03-03T23:52:21","modified_gmt":"2023-03-03T23:52:21","slug":"el-festival-de-cine-de-guanajuato-giff-presento-a-los-equipos-del-14o-rally-universitario-y-el-13o-concurso-identidad-y-pertenencia","status":"publish","type":"post","link":"https:\/\/dimensionturistica.com\/es\/el-festival-de-cine-de-guanajuato-giff-presento-a-los-equipos-del-14o-rally-universitario-y-el-13o-concurso-identidad-y-pertenencia\/","title":{"rendered":"El Festival de cine de Guanajuato: Giff presento a los equipos del 14\u00ba Rally Universitario y el 13\u00ba Concurso Identidad y Pertenencia"},"content":{"rendered":"<p>El Festival internacional de Cine Guanajuato, comprometido con el desarrollo de nuevos cineastas y el impulso a la cinematograf\u00eda nacional, anuncia con gusto a<img decoding=\"async\" class=\"size-medium wp-image-500083 alignright\" src=\"https:\/\/dimensionturistica.com\/es\/wp-content\/uploads\/2023\/03\/unnamed-3-1-225x300.jpg\" alt=\"\" width=\"225\" height=\"300\" srcset=\"https:\/\/dimensionturistica.com\/es\/wp-content\/uploads\/2023\/03\/unnamed-3-1-225x300.jpg 225w, https:\/\/dimensionturistica.com\/es\/wp-content\/uploads\/2023\/03\/unnamed-3-1-768x1024.jpg 768w, https:\/\/dimensionturistica.com\/es\/wp-content\/uploads\/2023\/03\/unnamed-3-1-750x1000.jpg 750w, https:\/\/dimensionturistica.com\/es\/wp-content\/uploads\/2023\/03\/unnamed-3-1.jpg 810w\" sizes=\"(max-width: 225px) 100vw, 225px\" \/> los 6 equipos que formar\u00e1n parte del 13\u00ba Concurso de Documental Identidad y Pertenencia, en el que una vez m\u00e1s j\u00f3venes guanajuatenses nos contar\u00e1n historias que reflejen sus ra\u00edces y fortalezcan los lazos con sus comunidades a trav\u00e9s del lenguaje f\u00edlmico.<br \/>\nTambi\u00e9n como parte de su brazo de formaci\u00f3n, el GIFF da a conocer los 6 equipos de su 14\u00ba Concurso Rally Universitario, d\u00f3nde grupos de j\u00f3venes de todo el pa\u00eds deber\u00e1n filmar en 48 horas historias originales, usando como locaci\u00f3n el estado de Guanajuato, trabajando con actores profesionales y contando con el completo apoyo del festival guanajuatense para la realizaci\u00f3n de cada pel\u00edcula participante.<br \/>\nEn 14 a\u00f1os del Rally Universitario y 13 de Identidad y Pertenencia, GIFF se ha posicionado como un hacedor de cine y formador de cineastas mexicanos, ya que durante este tiempo se han producido 164 cortometrajes producidos y se han formado 1,640 realizadores formados que han tomado 263 talleres especializados, contando adem\u00e1s con la participaci\u00f3n de 3 pa\u00edses invitados, 17 estados y 44 comunidades del estado de Guanajuato. El brazo de formaci\u00f3n GIFF se ha convertido en un semillero de talentos cinematogr\u00e1ficos que<img decoding=\"async\" class=\"size-medium wp-image-500082 alignright\" src=\"https:\/\/dimensionturistica.com\/es\/wp-content\/uploads\/2023\/03\/unnamed-3-200x300.png\" alt=\"\" width=\"200\" height=\"300\" srcset=\"https:\/\/dimensionturistica.com\/es\/wp-content\/uploads\/2023\/03\/unnamed-3-200x300.png 200w, https:\/\/dimensionturistica.com\/es\/wp-content\/uploads\/2023\/03\/unnamed-3-683x1024.png 683w, https:\/\/dimensionturistica.com\/es\/wp-content\/uploads\/2023\/03\/unnamed-3-768x1152.png 768w, https:\/\/dimensionturistica.com\/es\/wp-content\/uploads\/2023\/03\/unnamed-3-1024x1536.png 1024w, https:\/\/dimensionturistica.com\/es\/wp-content\/uploads\/2023\/03\/unnamed-3-1365x2048.png 1365w, https:\/\/dimensionturistica.com\/es\/wp-content\/uploads\/2023\/03\/unnamed-3-750x1125.png 750w, https:\/\/dimensionturistica.com\/es\/wp-content\/uploads\/2023\/03\/unnamed-3-1140x1710.png 1140w, https:\/\/dimensionturistica.com\/es\/wp-content\/uploads\/2023\/03\/unnamed-3.png 1728w\" sizes=\"(max-width: 200px) 100vw, 200px\" \/> posteriormente se integran a la industria del cine.<br \/>\nEl GIFF abre la primera ventana al cine mexicano con estos dos concursos que les dan la oportunidad de realizar su primera pel\u00edcula y tener contacto con la industria f\u00edlmica, adem\u00e1s estos 120 j\u00f3venes seleccionados a trav\u00e9s de una convocatoria entran a un proceso formativo de primer nivel con profesionales de la industria que durante 6 meses les otorgar\u00e1n conocimientos necesarios en fotograf\u00eda, montaje, edici\u00f3n, postproducci\u00f3n, iluminaci\u00f3n, sonido y otras \u00e1reas de la cinematograf\u00eda.<br \/>\nAdem\u00e1s de la educaci\u00f3n previa que GIFF proporciona a estos 120 j\u00f3venes a trav\u00e9s de cursos intensivos, las pel\u00edculas realizadas se proyectar\u00e1n frente al p\u00fablico e invitados del festival y posteriormente se exhibir\u00e1n en diferentes estados a lo largo de M\u00e9xico, al igual que a nivel internacional.<\/p>\n<blockquote class=\"wp-embedded-content\" data-secret=\"Bil19F84na\"><p><a href=\"https:\/\/giff.mx\/\">Inicio2024<\/a><\/p><\/blockquote>\n<p><iframe loading=\"lazy\" class=\"wp-embedded-content\" sandbox=\"allow-scripts\" security=\"restricted\" style=\"position: absolute; visibility: hidden;\" title=\"\u00abInicio2024\u00bb \u2014 GIFF\" src=\"https:\/\/giff.mx\/embed\/#?secret=sWxgJyQtJ3#?secret=Bil19F84na\" data-secret=\"Bil19F84na\" width=\"500\" height=\"282\" frameborder=\"0\" marginwidth=\"0\" marginheight=\"0\" scrolling=\"no\"><\/iframe><br \/>\n#GIFF2023<br \/>\nCenizas<img decoding=\"async\" class=\"size-medium wp-image-500081 alignright\" src=\"https:\/\/dimensionturistica.com\/es\/wp-content\/uploads\/2023\/03\/unnamed-4-1-225x300.jpg\" alt=\"\" width=\"225\" height=\"300\" srcset=\"https:\/\/dimensionturistica.com\/es\/wp-content\/uploads\/2023\/03\/unnamed-4-1-225x300.jpg 225w, https:\/\/dimensionturistica.com\/es\/wp-content\/uploads\/2023\/03\/unnamed-4-1-768x1024.jpg 768w, https:\/\/dimensionturistica.com\/es\/wp-content\/uploads\/2023\/03\/unnamed-4-1-750x1000.jpg 750w, https:\/\/dimensionturistica.com\/es\/wp-content\/uploads\/2023\/03\/unnamed-4-1.jpg 810w\" sizes=\"(max-width: 225px) 100vw, 225px\" \/><br \/>\nDirigido por: Alan Mercado Fiscal<br \/>\nUniversidad Aut\u00f3noma de Durango \/ Durango, Durango<br \/>\nSinopsis: Tras ser robado su carro, Diego tratar\u00e1 de conseguir de vuelta el objeto importante que qued\u00f3 ah\u00ed para as\u00ed poder completar su viaje.<br \/>\nDespierta<br \/>\nDirigido por: Joshua Lugo Guti\u00e9rrez<br \/>\nUniversidad Iberoamericana \/ Le\u00f3n, Guanajuato<br \/>\nSinopsis: Alicia despierta a causa de un susurro que se lo impone, a lo largo de su d\u00eda contin\u00faa escuchando esa voz en su cabeza y a las personas a su alrededor dici\u00e9ndole \u201cDespierta\u201d; esto le genera confusi\u00f3n, no entiende lo que sucede y en poco tiempo se da cuenta de que las voces que ha escuchado durante todo su d\u00eda han sido un intento de su mejor amiga que busca salvar sus vidas.<br \/>\nEl Despetar<br \/>\nDirigido por: Federico Cervantes Paniagua<br \/>\nUniversidad Aut\u00f3noma del Estado de M\u00e9xico \/ Toluca, Edo. de M\u00e9xico<br \/>\nSinopsis: Tres amigos se re\u00fanen en un caf\u00e9 despu\u00e9s de muchos a\u00f1os, pero pronto se dar\u00e1n cuenta de que est\u00e1n atrapados en un sue\u00f1o y tendr\u00e1n que descubrir a qui\u00e9n le pertenece para poder escapar.<br \/>\nLangosta a Domicilio<br \/>\nDirigido por: Ricardo Daniel Loaiza Valdez<img decoding=\"async\" class=\"size-medium wp-image-500080 alignright\" src=\"https:\/\/dimensionturistica.com\/es\/wp-content\/uploads\/2023\/03\/unnamed-5-225x300.jpg\" alt=\"\" width=\"225\" height=\"300\" srcset=\"https:\/\/dimensionturistica.com\/es\/wp-content\/uploads\/2023\/03\/unnamed-5-225x300.jpg 225w, https:\/\/dimensionturistica.com\/es\/wp-content\/uploads\/2023\/03\/unnamed-5-768x1024.jpg 768w, https:\/\/dimensionturistica.com\/es\/wp-content\/uploads\/2023\/03\/unnamed-5-1152x1536.jpg 1152w, https:\/\/dimensionturistica.com\/es\/wp-content\/uploads\/2023\/03\/unnamed-5-750x1000.jpg 750w, https:\/\/dimensionturistica.com\/es\/wp-content\/uploads\/2023\/03\/unnamed-5-1140x1520.jpg 1140w, https:\/\/dimensionturistica.com\/es\/wp-content\/uploads\/2023\/03\/unnamed-5.jpg 1296w\" sizes=\"(max-width: 225px) 100vw, 225px\" \/><br \/>\nUniversidad Nueva Galicia \/ Tepic, Nayarit<br \/>\nSinopsis: Cheque y Lucas son dos amigos que, tras ganar 100 millones de pesos en la loter\u00eda m\u00e1s grande del pa\u00eds, est\u00e1n listos para dar el salto a su nueva vida, la de millonarios, dando pie a la pregunta \u00bfqu\u00e9 har\u00edas t\u00fa con 100 millones de pesos?<br \/>\nLirio Blanco<br \/>\nDirigido por: Iv\u00e1n Mar\u00edn Pinedo<br \/>\nBenem\u00e9rita Universidad Aut\u00f3noma de Aguascalientes \/ Aguascalientes, Aguascalientes<br \/>\nSinopsis: Tras la repentina muerte de su padre, Anita deber\u00e1 decidir entre mantenerse en luto o desafiar a su madre y tomar el puesto de reina de las fiestas patronales de la colonia que tanto ha so\u00f1ado y as\u00ed honrar a su padre de una manera distinta a lo convencional.<br \/>\nPariendo Chayotes<br \/>\nDirigido por: Marco Antonio Bouchan P\u00e9rez de Le\u00f3n<br \/>\nColegio Nacional de Cine \/ Quer\u00e9taro, Quer\u00e9taro<br \/>\nSinopsis: Una ni\u00f1a de 10 a\u00f1os que funge como agente del orden en su escuela primaria, se enfrenta al sistema acad\u00e9mico corrupto y descubre que uno de sus compa\u00f1eros m\u00e1s leales forma parte de un grupo corrompido formado por alumnos y dem\u00e1s cuerpos acad\u00e9micos<\/p>\n","protected":false},"excerpt":{"rendered":"<p>El Festival internacional de Cine Guanajuato, comprometido con el desarrollo de nuevos cineastas y el impulso a la cinematograf\u00eda nacional, anuncia con gusto a los 6 equipos que formar\u00e1n parte del 13\u00ba Concurso de Documental Identidad y Pertenencia, en el que una vez m\u00e1s j\u00f3venes guanajuatenses nos contar\u00e1n historias que reflejen sus ra\u00edces y fortalezcan [&hellip;]<\/p>\n","protected":false},"author":1,"featured_media":500079,"comment_status":"open","ping_status":"closed","sticky":false,"template":"","format":"standard","meta":{"om_disable_all_campaigns":false,"jnews-multi-image_gallery":[],"jnews_single_post":{"source_name":"","source_url":"","via_name":"","via_url":"","override_template":"0","override":[{"template":"1","single_blog_custom":"","parallax":"1","fullscreen":"1","layout":"right-sidebar","sidebar":"default-sidebar","second_sidebar":"default-sidebar","sticky_sidebar":"1","share_position":"top","share_float_style":"share-monocrhome","show_share_counter":"1","show_view_counter":"1","show_featured":"1","show_post_meta":"1","show_post_author":"1","show_post_author_image":"1","show_post_date":"1","post_date_format":"default","post_date_format_custom":"Y\/m\/d","show_post_category":"1","show_post_reading_time":"0","post_reading_time_wpm":"300","show_zoom_button":"0","zoom_button_out_step":"2","zoom_button_in_step":"3","show_post_tag":"1","show_prev_next_post":"1","show_popup_post":"1","number_popup_post":"1","show_author_box":"0","show_post_related":"0","show_inline_post_related":"0"}],"override_image_size":"0","image_override":[{"single_post_thumbnail_size":"crop-500","single_post_gallery_size":"crop-500"}],"trending_post":"0","trending_post_position":"meta","trending_post_label":"Trending","sponsored_post":"0","sponsored_post_label":"Sponsored by","sponsored_post_name":"","sponsored_post_url":"","sponsored_post_logo_enable":"0","sponsored_post_logo":"","sponsored_post_desc":"","disable_ad":"0"},"jnews_primary_category":{"id":"","hide":""},"jnews_social_meta":{"fb_title":"","fb_description":"","fb_image":"","twitter_title":"","twitter_description":"","twitter_image":""},"footnotes":""},"categories":[39],"tags":[],"class_list":["post-500060","post","type-post","status-publish","format-standard","has-post-thumbnail","hentry","category-viajes"],"_links":{"self":[{"href":"https:\/\/dimensionturistica.com\/es\/wp-json\/wp\/v2\/posts\/500060","targetHints":{"allow":["GET"]}}],"collection":[{"href":"https:\/\/dimensionturistica.com\/es\/wp-json\/wp\/v2\/posts"}],"about":[{"href":"https:\/\/dimensionturistica.com\/es\/wp-json\/wp\/v2\/types\/post"}],"author":[{"embeddable":true,"href":"https:\/\/dimensionturistica.com\/es\/wp-json\/wp\/v2\/users\/1"}],"replies":[{"embeddable":true,"href":"https:\/\/dimensionturistica.com\/es\/wp-json\/wp\/v2\/comments?post=500060"}],"version-history":[{"count":0,"href":"https:\/\/dimensionturistica.com\/es\/wp-json\/wp\/v2\/posts\/500060\/revisions"}],"wp:featuredmedia":[{"embeddable":true,"href":"https:\/\/dimensionturistica.com\/es\/wp-json\/wp\/v2\/media\/500079"}],"wp:attachment":[{"href":"https:\/\/dimensionturistica.com\/es\/wp-json\/wp\/v2\/media?parent=500060"}],"wp:term":[{"taxonomy":"category","embeddable":true,"href":"https:\/\/dimensionturistica.com\/es\/wp-json\/wp\/v2\/categories?post=500060"},{"taxonomy":"post_tag","embeddable":true,"href":"https:\/\/dimensionturistica.com\/es\/wp-json\/wp\/v2\/tags?post=500060"}],"curies":[{"name":"wp","href":"https:\/\/api.w.org\/{rel}","templated":true}]}}