{"id":499963,"date":"2023-03-03T21:50:21","date_gmt":"2023-03-03T21:50:21","guid":{"rendered":"https:\/\/dimensionturistica.com\/es\/?p=499963"},"modified":"2023-03-03T21:50:22","modified_gmt":"2023-03-03T21:50:22","slug":"en-espana-vueling-en-guerra-contra-agencias-de-viaje-aviacion","status":"publish","type":"post","link":"https:\/\/dimensionturistica.com\/es\/en-espana-vueling-en-guerra-contra-agencias-de-viaje-aviacion\/","title":{"rendered":"En Espa\u00f1a, Vueling en guerra contra agencias\u00a0de viaje &#8211; Aviaci\u00f3n"},"content":{"rendered":"<p> <br \/>\n<\/p>\n<div>\n<ol class=\"breadcrumb\">\n<li><a rel=\"nofollow noopener\" target=\"_blank\" href=\"https:\/\/contactonews.co\">Inicio<\/a><\/li>\n<li><a rel=\"nofollow noopener\" target=\"_blank\" href=\"https:\/\/contactonews.co\/aviacion\">Aviaci\u00f3n<\/a><\/li>\n<li class=\"active\">En Espa\u00f1a, Vueling en guerra contra agencias\u00a0de viaje<\/li>\n<\/ol>\n<p class=\"article-blurb\">La compa\u00f1\u00eda espa\u00f1ola Vueling Airways, con sede en Barcelona, implement\u00f3 una nueva pol\u00edtica comercial que las agencias espa\u00f1olas consideran perjudicial para ellas.&#13;\n<\/p>\n<p>                              <span class=\"pb-byline author\" itemprop=\"author\" itemscope=\"\" itemtype=\"http:\/\/schema.org\/Organization\">Por <a rel=\"nofollow noopener\" target=\"_blank\" href=\"https:\/\/contactonews.co\/autor\/contacto-editorial\"><span itemprop=\"name\">Contacto Editorial<\/span><\/a> | <\/span><br \/>\n                                <span class=\"publish-date\">03 de marzo de 2023<\/span><\/p>\n<figure>\n    <img decoding=\"async\" src=\"https:\/\/contactonews.co\/storage\/images\/thumb-large-la-huelga-de-vueling-finaliza-con-un-acercamiento-en-el-conflicto-salarial.jpeg\" alt=\"En Espa\u00f1a, Vueling en guerra contra agencias\u00a0de viaje\"\/><br \/>\n        <\/figure>\n<\/p><\/div>\n<div>\n<p>Desde el 21 de febrero, la compa\u00f1\u00eda increment\u00f3 las tarifas de los vuelos reservados a trav\u00e9s de la net destinada a las agencias de viajes. La medida provoc\u00f3 la indignaci\u00f3n de las agencias nucleadas en la\u00a0 Federaci\u00f3n Empresarial de Asociaciones Territoriales de Agencias de Viajes Espa\u00f1olas (Fetave), instituci\u00f3n que ha calificado la medida de \u201cgran deslealtad\u201d y de \u201cdiscriminatoria\u201d\u00a0 contra ese canal de distribuci\u00f3n.<\/p>\n<p>La implementaci\u00f3n de la nueva pol\u00edtica comercial de la aerol\u00ednea es posicionar sus canales directos de distribuci\u00f3n, Vueling.com y Vueling App, como canales Premium. Desde Fetave califican la medida como un abuso de la posici\u00f3n dominante de la l\u00ednea a\u00e9rea en el aeropuerto de El Prat, adem\u00e1s de desleal y abusiva produciendo una clara distorsi\u00f3n en el mercado en perjuicio de las agencias de viajes.<\/p>\n<p>La Asociaci\u00f3n ha recurrido a los organismos competentes de competencia espa\u00f1oles se\u00f1alando igualmente que la aerol\u00ednea tambi\u00e9n ha puesto en valor el papel de las agencias de viajes como \u201cuno de los canales de distribuci\u00f3n y venta m\u00e1s eficiente si lo comparamos con la distribuci\u00f3n en cualquier otro sector de la econom\u00eda. La retribuci\u00f3n que obtienen las agencias por sus servicios de intermediaci\u00f3n est\u00e1 muy por debajo de la media de los sistemas de distribuci\u00f3n\u201d, se\u00f1ala.<\/p>\n<p class=\"subscription-phrase\">Para leer las principales noticias tur\u00edsticas de la semana, suscribite a nuestro <a rel=\"nofollow noopener\" target=\"_blank\" href=\"#\" data-open=\"subscriptionModal\" aria-controls=\"subscriptionModal\" aria-haspopup=\"true\" tabindex=\"0\">newsletter de los viernes.<\/a><\/p>\n<p>Acave, la patronal de agencias de viajes,\u00a0 ha dado de baja a la compa\u00f1\u00eda a\u00e9rea de su condici\u00f3n de miembro adherido a la Asociaci\u00f3n tras el anuncio. Igualmente ha calificado la medida de totalmente discriminatoria para el sector y contraria a la legislaci\u00f3n europea,\u00a0 informando a la patronal europea de agencias de viajes y turoperadores (Ectaa) para que analice las posibles vulneraciones. Adem\u00e1s, ha puesto el asunto en manos de un despacho especialista en derecho de la competencia para emprender cuanto antes las medidas legales que correspondan.<\/p>\n<\/p><\/div>\n<p><script async defer crossorigin=\"anonymous\" src=\"https:\/\/connect.facebook.net\/es_LA\/sdk.js#xfbml=1&#038;version=v14.0&#038;appId=563415912195060&#038;autoLogAppEvents=1\" nonce=\"yOaCI22n\"><\/script><br \/>\n<br \/><\/p>\n<p><em> &#8221; Fuentes contactonews.co &#8221; <\/em><\/p>\n","protected":false},"excerpt":{"rendered":"<p>Inicio Aviaci\u00f3n En Espa\u00f1a, Vueling en guerra contra agencias\u00a0de viaje La compa\u00f1\u00eda espa\u00f1ola Vueling Airways, con sede en Barcelona, implement\u00f3 una nueva pol\u00edtica comercial que las agencias espa\u00f1olas consideran perjudicial para ellas.&#13; Por Contacto Editorial | 03 de marzo de 2023 Desde el 21 de febrero, la compa\u00f1\u00eda increment\u00f3 las tarifas de los vuelos reservados [&hellip;]<\/p>\n","protected":false},"author":4,"featured_media":499964,"comment_status":"open","ping_status":"closed","sticky":false,"template":"","format":"standard","meta":{"om_disable_all_campaigns":false,"jnews-multi-image_gallery":[],"jnews_single_post":[],"jnews_primary_category":[],"jnews_social_meta":[],"footnotes":""},"categories":[40],"tags":[8465],"class_list":["post-499963","post","type-post","status-publish","format-standard","has-post-thumbnail","hentry","category-industria","tag-vueling"],"_links":{"self":[{"href":"https:\/\/dimensionturistica.com\/es\/wp-json\/wp\/v2\/posts\/499963","targetHints":{"allow":["GET"]}}],"collection":[{"href":"https:\/\/dimensionturistica.com\/es\/wp-json\/wp\/v2\/posts"}],"about":[{"href":"https:\/\/dimensionturistica.com\/es\/wp-json\/wp\/v2\/types\/post"}],"author":[{"embeddable":true,"href":"https:\/\/dimensionturistica.com\/es\/wp-json\/wp\/v2\/users\/4"}],"replies":[{"embeddable":true,"href":"https:\/\/dimensionturistica.com\/es\/wp-json\/wp\/v2\/comments?post=499963"}],"version-history":[{"count":0,"href":"https:\/\/dimensionturistica.com\/es\/wp-json\/wp\/v2\/posts\/499963\/revisions"}],"wp:featuredmedia":[{"embeddable":true,"href":"https:\/\/dimensionturistica.com\/es\/wp-json\/wp\/v2\/media\/499964"}],"wp:attachment":[{"href":"https:\/\/dimensionturistica.com\/es\/wp-json\/wp\/v2\/media?parent=499963"}],"wp:term":[{"taxonomy":"category","embeddable":true,"href":"https:\/\/dimensionturistica.com\/es\/wp-json\/wp\/v2\/categories?post=499963"},{"taxonomy":"post_tag","embeddable":true,"href":"https:\/\/dimensionturistica.com\/es\/wp-json\/wp\/v2\/tags?post=499963"}],"curies":[{"name":"wp","href":"https:\/\/api.w.org\/{rel}","templated":true}]}}