{"id":499778,"date":"2023-03-03T16:56:35","date_gmt":"2023-03-03T16:56:35","guid":{"rendered":"https:\/\/dimensionturistica.com\/es\/?p=499778"},"modified":"2023-03-03T16:56:35","modified_gmt":"2023-03-03T16:56:35","slug":"leon-lanza-59-000-viajes-de-avion-en-la-nueva-oferta-de-vuelos-que-acaba-en","status":"publish","type":"post","link":"https:\/\/dimensionturistica.com\/es\/leon-lanza-59-000-viajes-de-avion-en-la-nueva-oferta-de-vuelos-que-acaba-en\/","title":{"rendered":"Le\u00f3n lanza 59.000 viajes de avi\u00f3n en la nueva oferta de vuelos que acaba en&#8230;"},"content":{"rendered":"<p> <br \/>\n<\/p>\n<div>\n<p><amp-iframe width=\"518\" height=\"291\" sandbox=\"allow-scripts allow-same-origin allow-popups allow-popups-to-escape-sandbox allow-forms\" layout=\"responsive\" frameborder=\"0\" src=\"https:\/\/flo.uri.sh\/visualisation\/12923759\/embed\"> <amp-img layout=\"fill\" src=\"https:\/\/www.diariodeleon.es\/assets\/images\/lazy-bg.png\" placeholder=\"\"\/><\/amp-iframe><\/p>\n<p>Desde el 26 de marzo al 29 de octubre el <a rel=\"nofollow noopener\" target=\"_blank\" href=\"https:\/\/www.diariodeleon.es\/articulo\/leon\/aeropuerto-leon-tiene-europa-opcion-terminal-mercancias\/202211150333312276265.html\">Aeropuerto de Le\u00f3n<\/a> ofertar\u00e1 58.600 plazas para volar a Barcelona, Mallorca, Gran Canaria, Ibiza, Menorca y M\u00e1laga. El presidente del Consorcio, Mat\u00edas Llorente, y el director comercial de la compa\u00f1\u00eda a\u00e9rea, Juan Corral, han presentado la nueva campa\u00f1a que contempla 586 vuelos.<\/p>\n<p>La oferta de esta campa\u00f1a es un 25% superior a la del a\u00f1o pasado debido a que las operaciones \u201cest\u00e1n consolidadas\u201d y todos los vuelos ser\u00e1n \u201ccon avi\u00f3n grande\u201d.<\/p>\n<p>El <a rel=\"nofollow noopener\" target=\"_blank\" href=\"https:\/\/www.diariodeleon.es\/articulo\/leon\/club-60-revitaliza-aeropuerto-leon-5000-plazas-temporada\/202302180334002305402.html\">aumento de la oferta<\/a> se debe a un incremento en las frecuencias, como dos semanales a Mallorca o cuatro frecuencias a Gran Canaria.<\/p>\n<h2>Sin vuelos internacionales<\/h2>\n<p>Llorente ha descartado, \u201cde momento\u201d, apostar por vuelos internacionales tras el fiasco de Paris. De igual modo, tambi\u00e9n ha desechado la posibilidad de incluir en la oferta del aeropuerto de La Virgen compa\u00f1\u00edas \u2018low cost\u2019.<\/p>\n<p>\u201cEl aeropuerto es algo b\u00e1sico, necesario e imprescindible, no s\u00f3lo por el servicio que da, tambi\u00e9n por los que puede generar o ampliar otros negocios. Sin \u00e9l no se puede abrir Le\u00f3nida al futuro\u201d, ha incidido Llorente, quien ha recordado que Lis vuelos de la tercera edad han supuesto este a\u00f1o \u201cun apoyo importante\u201d.<\/p>\n<p>Castro, por su parte, ha valorado el esfuerzo y \u201cla valent\u00eda hecha desde el consorcio leon\u00e9s en los meses tras el confinamiento, \u201clo que le ha permitido situarse ahora mejor que otros\u201d.<\/p>\n<p>El presidente del consorcio ha resaltado la colaboraci\u00f3n entre la Diputaci\u00f3n y el Ayuntamiento para seguir trabajando en mantener la oferta y el funcionamiento de las instalaciones aeroportuarias tras el \u201cabandono\u201d de la Junta.<\/p>\n<p>\n        <button class=\"read-more-btn\" on=\"tap:AMP.setState({ expand:'content-body', hiddenState: true })\"><br \/>\n          Leer m\u00e1s        <\/button>\n      <\/p>\n<\/p><\/div>\n\n<p><em> &#8221; Fuentes www.diariodeleon.es &#8221; <\/em><\/p>\n","protected":false},"excerpt":{"rendered":"<p>Desde el 26 de marzo al 29 de octubre el Aeropuerto de Le\u00f3n ofertar\u00e1 58.600 plazas para volar a Barcelona, Mallorca, Gran Canaria, Ibiza, Menorca y M\u00e1laga. El presidente del Consorcio, Mat\u00edas Llorente, y el director comercial de la compa\u00f1\u00eda a\u00e9rea, Juan Corral, han presentado la nueva campa\u00f1a que contempla 586 vuelos. La oferta de [&hellip;]<\/p>\n","protected":false},"author":4,"featured_media":401751,"comment_status":"open","ping_status":"closed","sticky":false,"template":"","format":"standard","meta":{"om_disable_all_campaigns":false,"jnews-multi-image_gallery":[],"jnews_single_post":[],"jnews_primary_category":[],"jnews_social_meta":[],"footnotes":""},"categories":[39],"tags":[1925,702,544,740],"class_list":["post-499778","post","type-post","status-publish","format-standard","has-post-thumbnail","hentry","category-viajes","tag-aeropuerto","tag-leon","tag-turismo","tag-vuelos"],"_links":{"self":[{"href":"https:\/\/dimensionturistica.com\/es\/wp-json\/wp\/v2\/posts\/499778","targetHints":{"allow":["GET"]}}],"collection":[{"href":"https:\/\/dimensionturistica.com\/es\/wp-json\/wp\/v2\/posts"}],"about":[{"href":"https:\/\/dimensionturistica.com\/es\/wp-json\/wp\/v2\/types\/post"}],"author":[{"embeddable":true,"href":"https:\/\/dimensionturistica.com\/es\/wp-json\/wp\/v2\/users\/4"}],"replies":[{"embeddable":true,"href":"https:\/\/dimensionturistica.com\/es\/wp-json\/wp\/v2\/comments?post=499778"}],"version-history":[{"count":0,"href":"https:\/\/dimensionturistica.com\/es\/wp-json\/wp\/v2\/posts\/499778\/revisions"}],"wp:featuredmedia":[{"embeddable":true,"href":"https:\/\/dimensionturistica.com\/es\/wp-json\/wp\/v2\/media\/401751"}],"wp:attachment":[{"href":"https:\/\/dimensionturistica.com\/es\/wp-json\/wp\/v2\/media?parent=499778"}],"wp:term":[{"taxonomy":"category","embeddable":true,"href":"https:\/\/dimensionturistica.com\/es\/wp-json\/wp\/v2\/categories?post=499778"},{"taxonomy":"post_tag","embeddable":true,"href":"https:\/\/dimensionturistica.com\/es\/wp-json\/wp\/v2\/tags?post=499778"}],"curies":[{"name":"wp","href":"https:\/\/api.w.org\/{rel}","templated":true}]}}