{"id":499711,"date":"2023-03-03T14:58:22","date_gmt":"2023-03-03T14:58:22","guid":{"rendered":"https:\/\/dimensionturistica.com\/es\/?p=499711"},"modified":"2023-03-03T14:58:23","modified_gmt":"2023-03-03T14:58:23","slug":"imanes-turisticos-conoce-destinos-de-mayor-interes-para-visitar-en-cusco-este-2023-noticias-2","status":"publish","type":"post","link":"https:\/\/dimensionturistica.com\/es\/imanes-turisticos-conoce-destinos-de-mayor-interes-para-visitar-en-cusco-este-2023-noticias-2\/","title":{"rendered":"Imanes tur\u00edsticos: conoce destinos de mayor inter\u00e9s para visitar en Cusco este 2023 | Noticias"},"content":{"rendered":"<p> <br \/>\n<\/p>\n<div>\n<p>                        <!-- \/\/\/\/\/\/\/\/\/\/\/\/\/\/\/\/\/\/\/\/\/\/\/\/\/\/\/\/\/\/  DESCRIPCION  \/\/\/\/\/\/\/\/\/\/\/\/\/\/\/\/\/\/\/\/\/\/\/\/\/\/\/ --><br \/>\n                        Luego de sufrir el fuerte impacto de la pandemia del covid-19 y las protestas sociales, la regi\u00f3n Cusco emprende una reactivaci\u00f3n tur\u00edstica mostrando lo mejor de su vasta gama de destinos, entre los cuales destacan aquellos<br \/>\ndeclarados de enorme inter\u00e9s para visitar este a\u00f1o.<\/p>\n<p>                        <!-- \/\/\/\/\/\/\/\/\/\/\/\/\/\/\/\/\/\/\/\/\/\/\/\/\/\/\/\/\/\/  CONTENIDO DE LA NOTICIA \/\/\/\/\/\/\/\/\/\/\/\/\/\/\/\/\/\/\/\/\/\/\/\/\/\/\/\/ --><\/p>\n<div>\n<div>Si bien <strong><a rel=\"nofollow noopener\" target=\"_blank\" href=\"https:\/\/andina.pe\/agencia\/noticia-cusco-turistas-extranjeros-fueron-los-primeros-ingresar-al-camino-inca-a-machu-picchu-931111.aspx\" class=\"ApplyClass\">Machu Picchu<\/a><\/strong>, en su condici\u00f3n de \u00edcono tur\u00edstico peruano y maravilla mundial, encabeza la lista de lugares de imprescindible visita, existen otros destinos que concitan la atenci\u00f3n y el inter\u00e9s de los turistas dado sus formidables atributos hist\u00f3ricos, monumentales, culturales, paisaj\u00edsticos, gastron\u00f3micos, entre otros que los convierten en aut\u00e9nticos imanes tur\u00edsticos.<\/div>\n<p><img decoding=\"async\" alt=\"\" src=\"https:\/\/portal.andina.pe\/EDPFotografia3\/thumbnail\/2023\/02\/15\/000933984M.jpg\" width=\"580px\"\/><\/p>\n<p>A continuaci\u00f3n, repasemos aquellos destinos o lugares declarados de inter\u00e9s para visitar este a\u00f1o en la regi\u00f3n Cusco y que se suman al emblem\u00e1tico Machu Picchu.<\/p>\n<\/div>\n<h2>Ollantaytambo<\/h2>\n<p>Se ubica en el distrito del mismo nombre en la provincia de Urubamba y tiene una extensi\u00f3n de 34,800 hect\u00e1reas. Fue declarado como tal mediante Resoluci\u00f3n Directoral Nacional N\u00ba 395 del a\u00f1o 2002. Los restos arqueol\u00f3gicos de Ollantaytambo presentan una bien cuidada arquitectura, sus bellos andenes o estructuras como el Templo del Sol son muestra de ello.<\/p>\n<p><img decoding=\"async\" alt=\"\" src=\"https:\/\/portal.andina.pe\/EDPFotografia3\/thumbnail\/2023\/02\/20\/000934940M.jpg\" width=\"580px\"\/><\/p>\n<p>Las cr\u00f3nicas refieren que Ollantaytambo fue construido por orden del inca Pachac\u00fatec, con el objetivo de ser un tambo; pero tambi\u00e9n el de ser una llaqta, por lo que Ollantaytambo tuvo una triple funci\u00f3n: militar, agr\u00edcola y religiosa.<\/p>\n<div>\n<div>\n<p>La milenaria urbe, conocida como la &#8220;ciudad inca viviente&#8221; y que alberga uno de los parques arqueol\u00f3gicos m\u00e1s visitados de Per\u00fa, destaca en la lista de los 23 mejores destinos del mundo para visitar este a\u00f1o. En la n\u00f3mina figuran tambi\u00e9n destinos de Argentina, Estados Unidos, Reino Unido, Egipto, Marruecos, entre otros.<\/p>\n<p>Ollantaytambo destaca por el excelente nivel de conservaci\u00f3n de su patrimonio arquitect\u00f3nico, paisaj\u00edstico, pure y cultural, heredados de un pasado incaico glorioso, sumados a su firme compromiso precise con el desarrollo sostenible a trav\u00e9s de turismo. Antes esta ciudad inca fue distinguida como uno de los \u201cMejores pueblos tur\u00edsticos del mundo\u201d y el primer \u201cPueblo con encanto\u201d del Per\u00fa.<\/p>\n<\/div>\n<\/div>\n<h2>Sacsayhuam\u00e1n<\/h2>\n<p>El Parque Arqueol\u00f3gico de Sacsayhuam\u00e1n es uno de los espacios hist\u00f3rico culturales m\u00e1s importantes del Per\u00fa y de Am\u00e9rica y se ubica muy cerca de la ciudad de Cusco. Fue declarado Patrimonio Cultural de la Naci\u00f3n mediante Resoluci\u00f3n Directoral Nacional N\u00b0 829-2006, cuenta con una extensi\u00f3n de 2,997.265 hect\u00e1reas.<\/p>\n<p><img decoding=\"async\" alt=\"\" src=\"https:\/\/portal.andina.pe\/EDPFotografia3\/thumbnail\/2023\/02\/20\/000934937M.jpg\" width=\"580px\"\/><\/p>\n<p>El Parque Arqueol\u00f3gico Sacsayhuam\u00e1n cuenta con 96 sitios arqueol\u00f3gicos, entre los cuales destacan Q\u2019enqo, Tambomachay, Kallachaca, Patallaqta, Amaro-Markahuasi y el \u00e1rea monumental conformado por los Baluartes, Muyuqmarca, Rodadero y Chinkana.\u00a0<\/p>\n<div class=\"jeg_video_container jeg_video_content\"><iframe loading=\"lazy\" title=\"Sacsayhuaman fue un centro ceremonial inca\" width=\"500\" height=\"281\" src=\"https:\/\/www.youtube.com\/embed\/gTZct06MfHg?feature=oembed\" frameborder=\"0\" allow=\"accelerometer; autoplay; clipboard-write; encrypted-media; gyroscope; picture-in-picture; web-share\" referrerpolicy=\"strict-origin-when-cross-origin\" allowfullscreen><\/iframe><\/div>\n<p>La construcci\u00f3n m\u00e1s resaltante es la Fortaleza de Sacsayhuam\u00e1n, un recinto incre\u00edble donde es posible observar gigantes bloques de piedra en sus muros. En la explanada que se encuentra adyacente a la fortaleza se realiza, cada 24 de junio, la emblem\u00e1tica ceremonia del Inti Raymi o Fiesta del Sol. La construcci\u00f3n de este sitio seg\u00fan los cronistas habr\u00eda sido iniciada por el inca Pachac\u00fatec.<\/p>\n<h2>Choquequirao<\/h2>\n<p>Ubicado en Santa Teresa, uno de los veinte distritos de la provincia cusque\u00f1a de La Convenci\u00f3n, este complejo arqueol\u00f3gico es considerado el segundo m\u00e1s notable de Cusco despu\u00e9s de Machu Picchu por su dise\u00f1o y caracter\u00edsticas constructivas y cuyo nombre en quechua significa \u201cCuna de oro\u201d. Se ubica a 3,048 metros sobre el nivel del mar, en las estribaciones del nevado Salcantay, al norte del valle del r\u00edo Apur\u00edmac, en la cordillera de Vilcanota.<\/p>\n<p><img decoding=\"async\" alt=\"\" src=\"https:\/\/portal.andina.pe\/EDPFotografia3\/thumbnail\/2022\/08\/10\/000889655M.jpg\" width=\"580px\"\/><\/p>\n<p>Esta ciudadela se extiende a lo largo de tres cerros y hasta el momento se han identificado 12 sectores. Las investigaciones arqueol\u00f3gicas estiman que a\u00fan falta descubrir m\u00e1s edificaciones, dado que solo se ha excavado el 30% de toda su \u00e1rea.\u00a0<\/p>\n<p><img decoding=\"async\" alt=\"\" src=\"https:\/\/portal.andina.pe\/EDPFotografia3\/thumbnail\/2022\/08\/10\/000889656M.jpg\" width=\"580px\"\/><\/p>\n<p>En la urbe destaca el centro ceremonial, que es una gran plataforma a la que se accede atravesando una puerta de doble marco. Asimismo, existen dos plazas principales, templos, fuentes de agua, canales, talleres, almacenes, residencias de \u00e9lite y otros predios que parecen haber tenido un uso administrativo.\u00a0<\/p>\n<div class=\"jeg_video_container jeg_video_content\"><iframe loading=\"lazy\" title=\"REPORTAJE ESPECIAL - CHOQUEQUIRAO  (Primera Parte)\" width=\"500\" height=\"281\" src=\"https:\/\/www.youtube.com\/embed\/Se067FX-ZPo?feature=oembed\" frameborder=\"0\" allow=\"accelerometer; autoplay; clipboard-write; encrypted-media; gyroscope; picture-in-picture; web-share\" referrerpolicy=\"strict-origin-when-cross-origin\" allowfullscreen><\/iframe><\/div>\n<p>Otra de las estructuras impresionantes de Choquequirao es una enorme escalera que al amanecer del solsticio de verano es iluminada completamente por los rayos del sol. Si bien todas las edificaciones son de piedra, algunas de ellas estuvieron cubiertas de arcilla tanto al inside como por fuera, por lo que exhiben un shade anaranjado claro.<\/p>\n<p><img decoding=\"async\" alt=\"\" src=\"https:\/\/portal.andina.pe\/EDPFotografia3\/thumbnail\/2022\/11\/02\/000909230M.jpg\" width=\"580px\"\/><\/p>\n<div>\n<p>Choquequirao presenta m\u00faltiples edificaciones de dos pisos con hornacinas en el inside. Adem\u00e1s de algunas puertas y nichos hechos con doble jamba y canales de riego. El materials que fue usado son piedras unidas con morteros de barro.\u00a0<\/p>\n<p><img decoding=\"async\" alt=\"\" src=\"https:\/\/portal.andina.pe\/EDPFotografia3\/thumbnail\/2021\/01\/14\/000740798M.jpg\" width=\"580px\"\/><\/p>\n<p>Existen 22 im\u00e1genes en estas piedras con figuras conocidas como <strong>\u201cLlamas del sol\u201d<\/strong>, dispuestas en 15 andenes con direcci\u00f3n al nevado Quory Hauyrachina. <strong>Choquequirao<\/strong> cuenta con un gran sistema de andenes, una caracter\u00edstica de las construcciones incas, que ayudaban en el uso agr\u00edcola de las laderas de los cerros, y que actualmente, a la vista de los visitantes, parecen pisos alfombrados de verde por la vegetaci\u00f3n de la zona.<\/p>\n<div>El a\u00f1o pasado la<strong> revista de fotoperiodismo Nationwide Geographic, coloc\u00f3 a Choquequirao como uno de los cinco <a rel=\"nofollow noopener\" target=\"_blank\" href=\"https:\/\/andina.pe\/agencia\/noticia-choquequirao-entre-los-mejores-destinos-aventura-para-visitar-2023-918431.aspx\" class=\"ApplyClass\">mejores destinos de aventura<\/a> para visitar el 2023.<\/strong><\/div>\n<p>Este lugar tiene en su inside obras de arte \u00fanicas que no se encuentran en ning\u00fan otro enclave inca: No hay nada m\u00e1s como esto en los Andes. Y la parte de la aventura por la que este destino ha sido reconocido se refleja en los 4 d\u00edas a pie requeridos para llegar.<\/p>\n<\/div>\n<h2>Chinchero<\/h2>\n<p>Este parque se encuentra ubicado en el distrito de Chinchero, provincia de Urubamba. Fue declarado como Parque Arqueol\u00f3gico a trav\u00e9s de la Resoluci\u00f3n Directoral Nacional N\u00ba 515 del a\u00f1o 2005. Con una extensi\u00f3n de 43 hect\u00e1reas, Chinchero fue originalmente ocupada por una etnia anterior a la cultura inca. Ya durante el apogeo del Tahuantinsuyo, el inca T\u00fapac Yupanqui planific\u00f3 la construcci\u00f3n de los palacios incas de Chinchero que estaban destinados para la \u00e9lite inca.<\/p>\n<p><img decoding=\"async\" alt=\"\" src=\"https:\/\/portal.andina.pe\/EDPFotografia3\/thumbnail\/2023\/02\/20\/000934941M.jpg\" width=\"580px\"\/><\/p>\n<p>En la actualidad, en el pueblo de Chinchero es posible ver a\u00fan los magn\u00edficos restos de lo que fueron esos grandiosos palacios. En el centro de la plaza principal y sobre lo que fue el recinto principal se alza una iglesia colonial, el contraste que se genera le da a Chinchero un ambiente especial, como si fuera un lugar suspendido en el tiempo.<\/p>\n<h2>Moray<\/h2>\n<p>Este parque arqueol\u00f3gico se ubica en la provincia de Urubamba en el distrito de Maras y tiene una extensi\u00f3n de 37.50 hect\u00e1reas. Moray es un sistema de varias terrazas circulares conc\u00e9ntricas de gran tama\u00f1o y de los cuales se cree que fueron un centro de investigaci\u00f3n agr\u00edcola. La disposici\u00f3n de los andenes genera una variedad de microclimas, en el centro del sistema alcanzan su m\u00e1xima temperatura y la cual se va reduciendo seg\u00fan se alejan al exterior.<\/p>\n<p><img decoding=\"async\" alt=\"\" src=\"https:\/\/portal.andina.pe\/EDPFotografia3\/thumbnail\/2018\/02\/13\/000481734M.jpg\" width=\"580px\"\/><\/p>\n<p>Estas terrazas permitieron que se produjeran una gran variedad de verduras y m\u00e1s de 3,000 variedades de papas, adem\u00e1s de que permit\u00edan domesticar especies salvajes de plantas, es muy posible que tambi\u00e9n se plantara coca.<\/p>\n<h2>Pisaq<\/h2>\n<p>El parque Arqueol\u00f3gico de Pisaq se ubica en el distrito de Pisaq provincia de Calca en el departamento del Cusco. Tiene una extensi\u00f3n de 9,063 hect\u00e1reas. Fue delimitado por Resoluci\u00f3n Directoral Nacional N\u00b0 429-2002.<\/p>\n<p><img decoding=\"async\" alt=\"\" src=\"https:\/\/portal.andina.pe\/EDPFotografia3\/thumbnail\/2016\/08\/17\/000371325M.jpg\" width=\"580px\"\/><\/p>\n<p>Se cree que Pisac fue una hacienda actual y su nombre hace referencia a la perdiz, un ave que abunda en la zona. En el recinto principal del parque se ubican varios sectores, entre ellos el barrio principal o del Intihuatana, donde se albergan templos y palacios de fina mamposter\u00eda, sobresale el Templo del Sol. Otras construcciones que resaltan son los torreones o pucaras y los andenes.<\/p>\n<h2>Cachimayo<\/h2>\n<p>Este distrito de la provincia de Anta ofrece un impresionante paisaje campestre y zonas ideales para la pr\u00e1ctica del <strong>Skybike<\/strong>, una versi\u00f3n del <strong>zipline<\/strong>\u00a0en la que se monta una bicicleta sujetada a largos cables de acero que unen dos cerros o monta\u00f1as y que permiten movilizarse a una altura superior a los 50 metros.<\/p>\n<p><img decoding=\"async\" alt=\"\" src=\"https:\/\/portal.andina.pe\/EDPFotografia3\/thumbnail\/2022\/06\/14\/000875843M.jpg\" width=\"580px\"\/><\/p>\n<p>Deslizarse m\u00e1s de 100 metros pedaleando solo en lo alto, ataviado con sistema de arneses de seguridad y sentir como si se flotara en el aire con una vista espectacular del entorno pure y el magn\u00edfico cielo azul cusque\u00f1o, es una experiencia llena de adrenalina y aventura incomparable.<\/p>\n<h2>Chacan<\/h2>\n<p>En esta localidad cercana a la formidable fortaleza inca de Sacsayhuam\u00e1n, a pocos minutos del centro de Cusco, se puede practicar escalada en roca.<\/p>\n<p><img decoding=\"async\" alt=\"\" src=\"https:\/\/portal.andina.pe\/EDPFotografia3\/thumbnail\/2018\/08\/10\/000524407M.jpg\" width=\"580px\"\/><\/p>\n<p>Para ascender y descender por los cerros escarpados habilitados para este deporte de aventura no es necesario tener experiencia previa debido a que existen tramos para todos los niveles. Los tramos para principiantes son de 25 y 30 metros y quienes se atreven a subir y bajar asistidos por una resistente cuerda cuentan con equipos de seguridad.<\/p>\n<h2>Poroy<\/h2>\n<p>Ubicada a 25 minutos del centro hist\u00f3rico del Cusco, el distrito cusque\u00f1o de Poroy se ha convertido en el epicentro very best del <strong>\u201cbungee jamping\u201d<\/strong> o <strong>salto al vac\u00edo<\/strong>. All\u00ed se ha levantado una plataforma de unos 125 metros de altura desde donde se lanzan, ataviados con un sistema de seguridad y sujetados a una gruesa cuerda el\u00e1stica, quienes no tienen problemas con el v\u00e9rtigo y aman la adrenalina al m\u00e1ximo.<\/p>\n<p><img decoding=\"async\" alt=\"\" src=\"https:\/\/portal.andina.pe\/EDPFotografia3\/thumbnail\/2018\/08\/09\/000524257M.jpg\" width=\"580px\"\/><\/p>\n<p>A la cuenta de tres, los y las valientes que se animan a saltar, se arrojan al vac\u00edo con los brazos y las piernas abiertas viviendo una sensaci\u00f3n indescriptible en ca\u00edda libre durante aproximadamente treinta segundos.<\/p>\n<h2>Huasao<\/h2>\n<p>En esta localidad del distrito de <strong>Saylla<\/strong>, provincia de Cusco, se puede practicar el <strong>Columpio extremo<\/strong>, conocido tambi\u00e9n como <strong>Vuelo del halc\u00f3n<\/strong>. Se trata de un gigantesco columpio con cuerdas de acero de 20 metros de largo que permiten balancearse en un movimiento parab\u00f3lico de ida y vuelta, partiendo desde una plataforma ubicada en un cerro, hasta alcanzar alturas de m\u00e1s de 50 metros sobre el paisaje campestre que hacen sentir un gran vac\u00edo en el est\u00f3mago.\u00a0<\/p>\n<p><img decoding=\"async\" alt=\"\" src=\"https:\/\/portal.andina.pe\/EDPFotografia3\/thumbnail\/2022\/06\/14\/000875852M.jpg\" width=\"580px\"\/><\/p>\n<p>Para los amantes de las sensaciones m\u00e1s extremas, pueden realizar el balanceo de cabeza, un aut\u00e9ntico desaf\u00edo que muy pocos logran cumplir por lo vertiginoso del trayecto parab\u00f3lico de ida y vuelta.<\/p>\n<h2>Ruta del Barroco<\/h2>\n<p>La <strong>Ruta del Barroco Andino<\/strong> es promovida por la <strong>Compa\u00f1\u00eda de Jes\u00fas<\/strong>, y comprende templos en la Ciudad Imperial y el <strong>Valle Sur<\/strong> que exhiben una impresionante arquitectura y arte.\u00a0<\/p>\n<p><img decoding=\"async\" alt=\"\" src=\"https:\/\/portal.andina.pe\/EDPFotografia3\/thumbnail\/2022\/04\/06\/000859160M.jpg\" width=\"580px\"\/><\/p>\n<p>La Ruta del Barroco Andino recorre cuatro templos: el de <strong>La Compa\u00f1\u00eda<\/strong>, ubicada en la <strong>Plaza de Armas del Cusco<\/strong>, y los de <strong>Andahuaylillas, Huaro <\/strong>y<strong> Canincunca<\/strong>, en el llamado <strong>Valle Sur de Cusco<\/strong>, el espacio geogr\u00e1fico que conecta la capital del imperio inca con la selva de Madre de Dios y el <strong>lago Titicaca<\/strong>.\u00a0<\/p>\n<p>Este fue un eje comercial, anterior a los incas, donde circulaban el oro, la plata, la hoja de coca y las fibras animales. Desde entonces quedan se\u00f1ales de ese pasado en los sitios arqueol\u00f3gicos que se pueden apreciar a lo largo del recorrido, como <strong>Tip\u00f3n, Pikillacta, Rumicolca<\/strong> y tambi\u00e9n en la antigua <strong>f\u00e1brica de tejidos de Lucre.<\/strong><\/p>\n<div class=\"jeg_video_container jeg_video_content\"><iframe loading=\"lazy\" title=\"Ruta del Barroco Andino, &quot;donde el cielo y la tierra se hicieron arte&quot;\" width=\"500\" height=\"281\" src=\"https:\/\/www.youtube.com\/embed\/hMeCbOEErNk?feature=oembed\" frameborder=\"0\" allow=\"accelerometer; autoplay; clipboard-write; encrypted-media; gyroscope; picture-in-picture; web-share\" referrerpolicy=\"strict-origin-when-cross-origin\" allowfullscreen><\/iframe><\/div>\n<div>El <strong>Valle Sur <\/strong>va paralelo al <strong>r\u00edo Vilcanota<\/strong> y atraviesa dos lagunas, una de ellas <strong>Huacarpay<\/strong>, sitio <strong><a rel=\"nofollow noopener\" target=\"_blank\" href=\"https:\/\/andina.pe\/agencia\/noticia-dia-mundial-los-humedales-conoce-son-estos-ecosistemas-y-su-vital-importancia-879437.aspx\">Ramsar<\/a><\/strong> rico en aves, totorales y bellos atardeceres. El valle est\u00e1 formado por peque\u00f1as localidades de agricultores, comerciantes y ganaderos, y tambi\u00e9n hay pueblos de chamanes, panaderos, constructores de tejas, as\u00ed como de m\u00fasicos y danzantes que rinden homenaje al <strong>Se\u00f1or de Qoylluriti<\/strong>.\u00a0<\/div>\n<p><img decoding=\"async\" alt=\"\" src=\"https:\/\/portal.andina.pe\/EDPFotografia3\/thumbnail\/2022\/04\/06\/000859163M.jpg\" width=\"580px\"\/><\/p>\n<p>El tiempo necesario de visita es de aproximadamente medio d\u00eda y cuenta con f\u00e1cil acceso, dado que <strong>los tres templos en el Valle Sur est\u00e1n a solo una hora de Cusco<\/strong>, mientras que el templo de La Compa\u00f1\u00eda se encuentra en la Plaza de Armas.\u00a0<\/p>\n<div>\n<h2>Monta\u00f1as Arco\u00edris<\/h2>\n<p>En la regi\u00f3n Cusco existen singulares monta\u00f1as, como <strong>Vinicunca, Palccoyo <\/strong>y<strong> Pallay Poncho<\/strong>, llamadas \u201cArco\u00edris\u201d por su impresionante colorido que cautiva a los turistas y que las han posicionado, en poco tiempo, como los atractivos m\u00e1s visitados despu\u00e9s de Machu Picchu.<\/p>\n<\/div>\n<p>Las citadas cumbres se encuentran en la provincia de <strong>Canchis<\/strong>, a poco m\u00e1s de 100 kil\u00f3metros al sureste de la ciudad de Cusco, en la <strong>cordillera de Vilcanota<\/strong> y cerca del c\u00e9lebre nevado <strong>Ausangate<\/strong>, venerado \u201capu\u201d o deidad tutelar\u00a0 cusque\u00f1a desde tiempos prehisp\u00e1nicos.<\/p>\n<p><a rel=\"nofollow noopener\" target=\"_blank\" href=\"https:\/\/andina.pe\/agencia\/noticia-machu-picchu-reabrira-noviembre-pero-solo-recibira-a-675-visitantes-dia-816986.aspx\" class=\"ApplyClass\"><img decoding=\"async\" alt=\"\" src=\"https:\/\/portal.andina.pe\/EDPFotografia3\/thumbnail\/2019\/09\/30\/000623227M.jpg\" width=\"580px\"\/><\/p>\n<div>\n<p>La variada gama de colores que cubre la superficie de ambos montes se debe, seg\u00fan la Sociedad Geol\u00f3gica del Per\u00fa, a una compleja historia geol\u00f3gica de <strong>sedimentos marinos, lacustres y fluviales<\/strong>. Estos sedimentos, transportados por el agua que antes cubr\u00eda la zona, datan de\u00a0 los periodos terciario y cuaternario, es decir, de hace 65 a dos millones de a\u00f1os.<\/p>\n<p><img decoding=\"async\" alt=\"\" src=\"https:\/\/portal.andina.pe\/EDPFotografia3\/thumbnail\/2018\/09\/21\/000533574M.jpg\" width=\"580px\"\/><\/p>\n<p>El movimiento de las <strong>placas tect\u00f3nicas<\/strong> del \u00e1rea elev\u00f3 estos sedimentos hasta que se convirtieron en monta\u00f1as. Con el paso del tiempo, los sedimentos fueron formando capas que en la actualidad se ven como franjas y los colores llamativos se deben a la <strong>oxidaci\u00f3n de los minerales<\/strong>, ejercida por la humedad de la zona, y a la erosi\u00f3n.<\/p>\n<p><img decoding=\"async\" alt=\"\" src=\"https:\/\/portal.andina.pe\/EDPFotografia3\/thumbnail\/2018\/09\/21\/000533569M.jpg\" width=\"580px\"\/><\/p>\n<p>Los colores que se aprecian en estos cerros y su relaci\u00f3n con los minerales son los siguientes: <strong>fucsia y rosado<\/strong> (mezcla de arcilla roja, fango y arena); <strong>morado o lavanda<\/strong> ( una mezcla de arcilla y carbonato de calcio y silicatos); <strong>rojo<\/strong> (argilitas y arcillas); <strong>verde<\/strong> (mezcla de hierro, magnesio y \u00f3xido de cobre), <strong>mostaza o dorado<\/strong> (limonitas, areniscas calc\u00e1reas ricas en minerales sulfurados o combinados con azufre); <strong>blanco y crema<\/strong> (arenisca o arena de cuarzo y piedra caliza).\u00a0<\/p>\n<p>La monta\u00f1a <strong>Vinicunca<\/strong> se localiza en el distrito de <strong>Pitumarca<\/strong> y su cumbre alcanza los 5,200 metros sobre el nivel del mar. El ascenso demanda entre 90 y 120 minutos y su proximidad al <strong>Ausangate<\/strong> permite observar el nevado m\u00e1s alto del Cusco y uno de los m\u00e1s altos del Per\u00fa (6,384 metros de altitud).\u00a0<\/p>\n<p><img decoding=\"async\" alt=\"\" src=\"https:\/\/portal.andina.pe\/EDPFotografia3\/thumbnail\/2019\/09\/26\/000622609M.jpg\" width=\"580px\"\/><\/p>\n<p>La ruta de acceso incluye el paso por la comunidad de <strong>Pampachiri<\/strong>, cuyos habitantes laboran como gu\u00edas tur\u00edsticos y como vendedores de artesan\u00edas que ellos mismos producen.<\/p>\n<div class=\"jeg_video_container jeg_video_content\"><iframe loading=\"lazy\" title=\"Vinicunca - Rainbow Mountain - Per\u00fa by Drone\" width=\"500\" height=\"281\" src=\"https:\/\/www.youtube.com\/embed\/1I81pjE3o4c?feature=oembed\" frameborder=\"0\" allow=\"accelerometer; autoplay; clipboard-write; encrypted-media; gyroscope; picture-in-picture; web-share\" referrerpolicy=\"strict-origin-when-cross-origin\" allowfullscreen><\/iframe><\/div>\n<p>Descubierta al turismo en 2016, la <strong>\u201cMonta\u00f1a de siete colores\u201d<\/strong> sedujo a los visitantes de todo el Per\u00fa y del mundo, llegando a recibir hasta 2,000 visitantes por d\u00eda. En agosto de 2017, Vinicunca apareci\u00f3 en la lista de 100 lugares para visitar antes de morir, recomendados por expertos en viajes en la p\u00e1gina web <em>Business Insider<\/em>.<\/p>\n<p>Por su parte, la monta\u00f1a <strong>Palccoyo<\/strong> est\u00e1 ubicada en el distrito de <strong>Checacupe<\/strong> y su cumbre alcanza una altura m\u00e1xima de 4,971 metros sobre el nivel del mar. Fue descubierta al turismo despu\u00e9s que Vinicunca, en 2018, y gracias a su similitud en belleza paisaj\u00edstica empez\u00f3 a captar la creciente atenci\u00f3n de los visitantes.<\/p>\n<p><img decoding=\"async\" alt=\"\" src=\"https:\/\/portal.andina.pe\/EDPFotografia3\/thumbnail\/2019\/11\/03\/000630688M.jpg\" width=\"580px\"\/><\/p>\n<div>\n<p>En la ruta hacia la monta\u00f1a Palccoyo se aprecia un <strong>bosque de piedras<\/strong> formado naturalmente hace millones de a\u00f1os. Desde esta ruta se puede apreciar, aunque a mayor distancia que desde Vinicunca, la belleza del nevado Ausangate. El tiempo estimado para llegar a la cumbre es de 45 a 60 minutos.<\/p>\n<p>En tanto, la monta\u00f1a <strong>Pallay Poncho<\/strong> es la \u00faltima monta\u00f1a arco\u00edris en incorporarse al circuito tur\u00edstico de Cusco antes de la llegada de la pandemia de coronavirus (covid-19). Llamada Pallay Poncho por su caprichosa forma que se asemeja a una prenda t\u00edpica cusque\u00f1a y conocida tambi\u00e9n como la <strong>&#8220;monta\u00f1a filuda&#8221;<\/strong>.\u00a0 Se ubica sobre la laguna de Langui, a unos 4,650 metros sobre el nivel del mar, en la provincia cusque\u00f1a de Canas, en el l\u00edmite con Canchis, y destaca por la forma filuda de sus cumbres y por mantener la forma de un poncho t\u00edpico del Cusco. Tambi\u00e9n es conocida como \u201cC\u00f3ndor Sayana\u201d o lugar donde se detiene el c\u00f3ndor.<\/p>\n<div><img decoding=\"async\" alt=\"\" src=\"https:\/\/portal.andina.pe\/EDPFotografia3\/thumbnail\/2020\/07\/21\/000695034M.jpg\" width=\"580px\"\/><\/p>\n<div>\n<p>El lugar es muy hermoso. All\u00ed se aprecia, bajo ese cielo azul serrano, la laguna de Langui y la monta\u00f1a, que lo convierten en un paraje de ensue\u00f1o, de visita obligada; llegar a este atractivo no es dif\u00edcil si se tiene las ganas y un buen estado f\u00edsico.<\/p>\n<\/div>\n<\/div>\n<p>La mejor temporada para visitar estas impactantes monta\u00f1as arco iris es de <strong>mayo a octubre<\/strong>, cuando hay ausencia de lluvias y se puede apreciar el magn\u00edfico contraste de las cumbres con el inmenso cielo azul.<\/p>\n<div class=\"jeg_video_container jeg_video_content\"><iframe loading=\"lazy\" title=\"Cusco Lover \u2665 - Palccoyo, cordillera arco\u00edris\" width=\"500\" height=\"281\" src=\"https:\/\/www.youtube.com\/embed\/7caGN8BVwes?feature=oembed\" frameborder=\"0\" allow=\"accelerometer; autoplay; clipboard-write; encrypted-media; gyroscope; picture-in-picture; web-share\" referrerpolicy=\"strict-origin-when-cross-origin\" allowfullscreen><\/iframe><\/div>\n<p>En <strong>temporada de lluvias<\/strong>, de noviembre a abril, ambas monta\u00f1as pueden estar cubiertas de nieve y ello, adem\u00e1s de impedir apreciar la belleza de su superficie multicolor, tambi\u00e9n dificulta el acceso a sus cumbres.<\/p>\n<h2>Puente Q&#8217;eswachaka<\/h2>\n<p>La festividad de construcci\u00f3n y renovaci\u00f3n anual del puente colgante Q\u2019eswachaka, el <strong>\u00faltimo puente inca<\/strong>, que cruza el <strong>r\u00edo Apur\u00edmac<\/strong> y que forma parte de la red de caminos inca o <strong>Qhapaq \u00d1an<\/strong>, se realiza en la primera semana de junio.<\/p>\n<p><img decoding=\"async\" alt=\"\" src=\"https:\/\/portal.andina.pe\/EDPFotografia3\/thumbnail\/2021\/06\/15\/000782026M.jpg\" width=\"580px\"\/><\/p>\n<p>Con 33 metros de largo y 1.2 metros de ancho, esta maravilla de la ingenier\u00eda inca est\u00e1 hecha de<strong> ichu q&#8217;oya<\/strong> y <strong>chachacomo<\/strong>, gram\u00edneas que crecen en zonas altoandinas. Estas materias primas son acopiadas, seleccionadas y trenzadas por los habitantes de las comunidades de <strong>Hunchiri, Chaupibanda, Choccayhua y Ccollana Quehue<\/strong>, pertenecientes al distrito de <strong>Quehue<\/strong>, quienes siguen las instrucciones del gu\u00eda constructor o <strong>chakaruwaq<\/strong>, utilizando t\u00e9cnicas de <strong>m\u00e1s de 600 a\u00f1os de antig\u00fcedad<\/strong> para construir y renovar el que es considerado el \u00faltimo puente colgante heredado de los incas.\u00a0<\/p>\n<p><img decoding=\"async\" alt=\"\" src=\"https:\/\/portal.andina.pe\/EDPFotografia3\/thumbnail\/2019\/06\/21\/000595050M.jpg\" width=\"580px\"\/><\/p>\n<p>En esta impresionante festividad de cuatro d\u00edas de duraci\u00f3n participan <strong>alrededor de 1,000 pobladores<\/strong>, entre hombres y mujeres, quienes se re\u00fanen siguiendo una organizaci\u00f3n basada en la ayuda mutua, conocida como minka.\u00a0<\/p>\n<p><img decoding=\"async\" alt=\"\" src=\"https:\/\/portal.andina.pe\/EDPFotografia3\/thumbnail\/2017\/02\/08\/000403037M.jpg\" width=\"580px\"\/><\/p>\n<p>Esta pr\u00e1ctica tradicional es el elemento fundamental de la <strong>identidad cultural de la poblaci\u00f3n de Quehue<\/strong> y representa el v\u00ednculo que dicha comunidad cusque\u00f1a establece con la naturaleza y con la historia. Es un ejemplo de la riqueza del <strong>patrimonio inmaterial<\/strong> del pa\u00eds.<\/p>\n<p><img decoding=\"async\" alt=\"\" src=\"https:\/\/portal.andina.pe\/EDPFotografia3\/thumbnail\/2022\/05\/25\/000870807M.jpg\" width=\"580px\"\/><\/p>\n<p>Esta festividad, que manifiesta los conocimientos, habilidades y rituales relacionados a la renovaci\u00f3n anual del puente Q\u2019eswachaka, fue reconocida por la Unesco como <strong>Patrimonio Cultural Inmaterial de la Humanidad<\/strong> en el a\u00f1o 2013.<\/p>\n<p><img decoding=\"async\" alt=\"\" src=\"https:\/\/portal.andina.pe\/EDPFotografia3\/thumbnail\/2019\/04\/23\/000580861M.jpg\" width=\"580px\"\/><\/p>\n<p>Para llegar al puente Q\u2019eswachaka hay que tomar la ruta hacia el distrito de <strong>Combatapa<\/strong>, luego dirigirse a la localidad de <strong>Yanaoca<\/strong>, capital de la provincia de Canas. Desde all\u00ed se debe tomar la v\u00eda hacia el distrito de <strong>Quehue<\/strong>.<\/p>\n<p>(FIN) LZD\/MAO<\/p>\n<p><strong>Tambi\u00e9n en Andina:<\/strong><\/p>\n<blockquote class=\"twitter-tweet\">\n<p lang=\"es\" dir=\"ltr\">?? \u00a1Marzo de viajes! Conoce destinos tur\u00edsticos ideales para visitar y disfrutar al m\u00e1ximo, entre los que destacan Ica, Tumbes, Talara, Andahuaylas y Cusco.<\/p>\n<p>?? <a rel=\"nofollow noopener\" target=\"_blank\" href=\"https:\/\/t.co\/7xh2F5cp4E\">https:\/\/t.co\/7xh2F5cp4E<\/a> <a rel=\"nofollow noopener\" target=\"_blank\" href=\"https:\/\/t.co\/NqmXsi1a8v\">pic.twitter.com\/NqmXsi1a8v<\/a><\/p>\n<p>\u2014 Agencia Andina (@Agencia_Andina) <a rel=\"nofollow noopener\" target=\"_blank\" href=\"https:\/\/twitter.com\/Agencia_Andina\/status\/1631030491217375233?ref_src=twsrc%5Etfw\">March 1, 2023<\/a><\/p><\/blockquote>\n<\/div>\n<\/div>\n<p>\nPublicado: 3\/3\/2023<\/p>\n<p>                        <!-- PUBLICIDAD MGID --><br \/>\n                      <!-- Composite Start --><\/p>\n<p>                      <!-- Composite End --><\/p><\/div>\n<p><script async src=\"\/\/platform.twitter.com\/widgets.js\" charset=\"utf-8\"><\/script><br \/>\n<br \/><\/p>\n<p><em> &#8221; Fuentes andina.pe &#8221; <\/em><\/p>\n","protected":false},"excerpt":{"rendered":"<p>Luego de sufrir el fuerte impacto de la pandemia del covid-19 y las protestas sociales, la regi\u00f3n Cusco emprende una reactivaci\u00f3n tur\u00edstica mostrando lo mejor de su vasta gama de destinos, entre los cuales destacan aquellos declarados de enorme inter\u00e9s para visitar este a\u00f1o. Si bien Machu Picchu, en su condici\u00f3n de \u00edcono tur\u00edstico peruano [&hellip;]<\/p>\n","protected":false},"author":4,"featured_media":499704,"comment_status":"open","ping_status":"closed","sticky":false,"template":"","format":"standard","meta":{"om_disable_all_campaigns":false,"jnews-multi-image_gallery":[],"jnews_single_post":[],"jnews_primary_category":[],"jnews_social_meta":[],"footnotes":""},"categories":[39],"tags":[43169,43283,1454,64543,64545,6825,64544,47143,27569,64546,64547,48316,64548,48315,43284],"class_list":["post-499711","post","type-post","status-publish","format-standard","has-post-thumbnail","hentry","category-viajes","tag-chinchero","tag-choquequirao","tag-cusco","tag-destinos-de-mayor-interes-para-visitar-en-cusco","tag-huasao","tag-machu-picchu","tag-montanas-arcoiris","tag-moray","tag-ollantaytambo","tag-palccoyo","tag-pallay-poncho","tag-pisac","tag-puente-qeswachaka","tag-sacsayhuaman","tag-vinicunca"],"_links":{"self":[{"href":"https:\/\/dimensionturistica.com\/es\/wp-json\/wp\/v2\/posts\/499711","targetHints":{"allow":["GET"]}}],"collection":[{"href":"https:\/\/dimensionturistica.com\/es\/wp-json\/wp\/v2\/posts"}],"about":[{"href":"https:\/\/dimensionturistica.com\/es\/wp-json\/wp\/v2\/types\/post"}],"author":[{"embeddable":true,"href":"https:\/\/dimensionturistica.com\/es\/wp-json\/wp\/v2\/users\/4"}],"replies":[{"embeddable":true,"href":"https:\/\/dimensionturistica.com\/es\/wp-json\/wp\/v2\/comments?post=499711"}],"version-history":[{"count":0,"href":"https:\/\/dimensionturistica.com\/es\/wp-json\/wp\/v2\/posts\/499711\/revisions"}],"wp:featuredmedia":[{"embeddable":true,"href":"https:\/\/dimensionturistica.com\/es\/wp-json\/wp\/v2\/media\/499704"}],"wp:attachment":[{"href":"https:\/\/dimensionturistica.com\/es\/wp-json\/wp\/v2\/media?parent=499711"}],"wp:term":[{"taxonomy":"category","embeddable":true,"href":"https:\/\/dimensionturistica.com\/es\/wp-json\/wp\/v2\/categories?post=499711"},{"taxonomy":"post_tag","embeddable":true,"href":"https:\/\/dimensionturistica.com\/es\/wp-json\/wp\/v2\/tags?post=499711"}],"curies":[{"name":"wp","href":"https:\/\/api.w.org\/{rel}","templated":true}]}}