{"id":498942,"date":"2023-03-02T18:37:46","date_gmt":"2023-03-02T18:37:46","guid":{"rendered":"https:\/\/dimensionturistica.com\/es\/?p=498942"},"modified":"2023-03-02T18:37:47","modified_gmt":"2023-03-02T18:37:47","slug":"agencia-de-viajes-cubanacan-con-nuevas-ofertas-para-el-mercado-nacional-y-extranjero-escambray","status":"publish","type":"post","link":"https:\/\/dimensionturistica.com\/es\/agencia-de-viajes-cubanacan-con-nuevas-ofertas-para-el-mercado-nacional-y-extranjero-escambray\/","title":{"rendered":"Agencia de Viajes Cubanac\u00e1n con nuevas ofertas para el mercado nacional y extranjero \u2013 Escambray"},"content":{"rendered":"<p> <br \/>\n<\/p>\n<div id=\"article-summary\">\n<p>Aun cuando en la precise temporada tur\u00edstica se muestra un alza de la visitaci\u00f3n for\u00e1nea, la entidad no deja de atender ambos mercados<\/p>\n<\/p><\/div>\n<p>Desde el sure\u00f1o municipio se ofrecen varias ofertas para turistas extranjeros y nacionales.  (Foto: Fb)<\/p>\n<div>\n<section id=\"related_posts\">&#13;<br \/>\n&#13;<br \/>\n&#13;<br \/>\n<\/section>\n<p>Ante el nuevo escenario econ\u00f3mico y los cambios en el orden comercial, la Agencia de Viajes Cubanac\u00e1n, de Trinidad, crea nuevas ofertas tanto para el mercado nacional como extranjero.<\/p>\n<p>Seg\u00fan inform\u00f3 <em>Radio Sancti Sp\u00edritus<\/em>, aun cuando en la precise temporada tur\u00edstica se muestra un alza de la visitaci\u00f3n for\u00e1nea, la entidad no deja de atender ambos mercados.<\/p>\n<p>De acuerdo con Lumay Gonz\u00e1lez Mar\u00edn, directora de esta sucursal en el territorio, desde el sure\u00f1o municipio se ofrecen varias opciones para los turistas extranjeros, como las excursiones a la monta\u00f1a, las n\u00e1uticas, entre otras existentes, dirigidas a este tipo de mercado.<\/p>\n<p>\u201cTenemos las ofertas de pasad\u00edas a playa Anc\u00f3n y a la piscina del Hotel Anc\u00f3n, que incluye almuerzo, transporte, y otras prestaciones a las que se les ha reformulado el precio, y se mantienen vigentes para todo el que desee disfrutar\u201d, apunt\u00f3 Gonz\u00e1lez Mar\u00edn.<\/p>\n<p>La agencia Cubanac\u00e1n tambi\u00e9n incorpora la comercializaci\u00f3n de boletos a\u00e9reos hacia M\u00e9xico, Italia y dem\u00e1s pa\u00edses. \u201cDisponemos de vuelos hacia el Distrito Federal, Canc\u00fan, M\u00e9rida y Monterrey, en M\u00e9xico, al igual que paquetes tur\u00edsticos orientados a esta naci\u00f3n y a Rep\u00fablica Dominicana\u201d, agreg\u00f3.<\/p>\n<p>Al decir de la propia Lumay la visitaci\u00f3n de turistas extranjeros ha experimentado un crecimiento en relaci\u00f3n al a\u00f1o anterior, mientras que el mercado interno ha disminuido, debido al incremento del precio de la mayor\u00eda de las ofertas.<\/p>\n<p>No obstante, aclar\u00f3 la directora, las tarifas se ajustan en el af\u00e1n de hacerlas accesibles para todas las personas, y mantener la salud financiera de la empresa.<\/p>\n<p><strong>(Con informaci\u00f3n de <em>Radio Sancti Sp\u00edritus<\/em>)<\/strong><\/p>\n<p><span style=\"clear:both;display:none;\"><img decoding=\"async\" src=\"http:\/\/www.escambray.cu\/wp-content\/plugins\/wp-spamfree\/img\/wpsf-img.php\" width=\"0\" height=\"0\" alt=\"\" style=\"border-style:none;width:0px;height:0px;display:none;\"\/><\/span><\/div>\n\n<p><em> &#8221; Fuentes www.escambray.cu &#8221; <\/em><\/p>\n","protected":false},"excerpt":{"rendered":"<p>Aun cuando en la precise temporada tur\u00edstica se muestra un alza de la visitaci\u00f3n for\u00e1nea, la entidad no deja de atender ambos mercados Desde el sure\u00f1o municipio se ofrecen varias ofertas para turistas extranjeros y nacionales. (Foto: Fb) &#13; &#13; &#13; Ante el nuevo escenario econ\u00f3mico y los cambios en el orden comercial, la Agencia [&hellip;]<\/p>\n","protected":false},"author":4,"featured_media":498943,"comment_status":"open","ping_status":"closed","sticky":false,"template":"","format":"standard","meta":{"om_disable_all_campaigns":false,"jnews-multi-image_gallery":[],"jnews_single_post":[],"jnews_primary_category":[],"jnews_social_meta":[],"footnotes":""},"categories":[39],"tags":[5743],"class_list":["post-498942","post","type-post","status-publish","format-standard","has-post-thumbnail","hentry","category-viajes","tag-turismo-de-naturaleza"],"_links":{"self":[{"href":"https:\/\/dimensionturistica.com\/es\/wp-json\/wp\/v2\/posts\/498942","targetHints":{"allow":["GET"]}}],"collection":[{"href":"https:\/\/dimensionturistica.com\/es\/wp-json\/wp\/v2\/posts"}],"about":[{"href":"https:\/\/dimensionturistica.com\/es\/wp-json\/wp\/v2\/types\/post"}],"author":[{"embeddable":true,"href":"https:\/\/dimensionturistica.com\/es\/wp-json\/wp\/v2\/users\/4"}],"replies":[{"embeddable":true,"href":"https:\/\/dimensionturistica.com\/es\/wp-json\/wp\/v2\/comments?post=498942"}],"version-history":[{"count":0,"href":"https:\/\/dimensionturistica.com\/es\/wp-json\/wp\/v2\/posts\/498942\/revisions"}],"wp:featuredmedia":[{"embeddable":true,"href":"https:\/\/dimensionturistica.com\/es\/wp-json\/wp\/v2\/media\/498943"}],"wp:attachment":[{"href":"https:\/\/dimensionturistica.com\/es\/wp-json\/wp\/v2\/media?parent=498942"}],"wp:term":[{"taxonomy":"category","embeddable":true,"href":"https:\/\/dimensionturistica.com\/es\/wp-json\/wp\/v2\/categories?post=498942"},{"taxonomy":"post_tag","embeddable":true,"href":"https:\/\/dimensionturistica.com\/es\/wp-json\/wp\/v2\/tags?post=498942"}],"curies":[{"name":"wp","href":"https:\/\/api.w.org\/{rel}","templated":true}]}}