{"id":498390,"date":"2023-03-01T23:57:08","date_gmt":"2023-03-01T23:57:08","guid":{"rendered":"https:\/\/dimensionturistica.com\/es\/?p=498390"},"modified":"2023-03-02T00:13:10","modified_gmt":"2023-03-02T00:13:10","slug":"hasta-el-5-91-de-la-poblacion-mundial-padece-una-enfermedad-rara-muchas-de-ellas-son-dificiles-de-diagnosticar","status":"publish","type":"post","link":"https:\/\/dimensionturistica.com\/es\/hasta-el-5-91-de-la-poblacion-mundial-padece-una-enfermedad-rara-muchas-de-ellas-son-dificiles-de-diagnosticar\/","title":{"rendered":"Hasta el 5.9% de la poblaci\u00f3n mundial padece una enfermedad rara; muchas de ellas son dif\u00edciles de diagnosticar"},"content":{"rendered":"<p>A nivel mundial, existen alrededor de 3.5 y hasta 5.9 % de personas que padecen enfermedades raras4 y que, de acuerdo con la Organizaci\u00f3n Mundial de la Salud (OMS), se presentan en menos de cinco por cada diez mil habitantes.<img decoding=\"async\" class=\"size-medium wp-image-498414 alignright\" src=\"https:\/\/dimensionturistica.com\/es\/wp-content\/uploads\/2023\/03\/th-1-300x150.jpg\" alt=\"\" width=\"300\" height=\"150\" srcset=\"https:\/\/dimensionturistica.com\/es\/wp-content\/uploads\/2023\/03\/th-1-300x150.jpg 300w, https:\/\/dimensionturistica.com\/es\/wp-content\/uploads\/2023\/03\/th-1-360x180.jpg 360w, https:\/\/dimensionturistica.com\/es\/wp-content\/uploads\/2023\/03\/th-1.jpg 474w\" sizes=\"(max-width: 300px) 100vw, 300px\" \/><br \/>\nEl D\u00eda Mundial de las Enfermedades Raras, conmemorado cada 28 de febrero, tiene como objetivo visibilizar y concientizar sobre estos padecimientos que, a nivel mundial, se tiene registro de que existen alrededor de siete mil. Mientras que en M\u00e9xico, veinte de ellos son reconocidos.<br \/>\nPor esta raz\u00f3n, desde su creaci\u00f3n en el 2008, esta conmemoraci\u00f3n se\u00f1ala lo crucial de trabajar por la equidad de oportunidades sociales, la atenci\u00f3n m\u00e9dica y el acceso a diagn\u00f3sticos para las personas que viven con enfermedades como amiloidosis card\u00edaca, hemofilia o fibrosis qu\u00edstica, por mencionar algunas.<br \/>\nAunque m\u00e1s de la mitad comienzan a manifestarse en la vida adulta y la mayor\u00eda de ellas son de origen gen\u00e9tico, es decir, no se pueden prevenir; si se trabaja en la concientizaci\u00f3n de todos los sectores involucrados en el \u00e1rea de la salud, incluida<img decoding=\"async\" class=\"size-medium wp-image-498413 alignright\" src=\"https:\/\/dimensionturistica.com\/es\/wp-content\/uploads\/2023\/03\/th-3-300x200.jpg\" alt=\"\" width=\"300\" height=\"200\" srcset=\"https:\/\/dimensionturistica.com\/es\/wp-content\/uploads\/2023\/03\/th-3-300x200.jpg 300w, https:\/\/dimensionturistica.com\/es\/wp-content\/uploads\/2023\/03\/th-3.jpg 474w\" sizes=\"(max-width: 300px) 100vw, 300px\" \/> la poblaci\u00f3n, habr\u00e1 un mejor control y diagn\u00f3stico oportuno que repercutir\u00e1 directamente en la calidad de vida de quienes las tienen.<br \/>\nPor ejemplo, la amiloidosis es una patolog\u00eda sist\u00e9mica que involucra varios \u00f3rganos en los cuales se infiltra una prote\u00edna que provoca disfunci\u00f3n, tal es el caso del coraz\u00f3n, lo que suele conllevar a la alteraci\u00f3n de los \u00f3rganos y sistemas afectados.<br \/>\n\u201cEl coraz\u00f3n, ri\u00f1\u00f3n, h\u00edgado, intestino y sistema nervioso son los \u00f3rganos m\u00e1s impactados ante la presencia de una amiloidosis.10 Sin embargo, sabemos que el da\u00f1o card\u00edaco es uno de los principales problemas.11 De hecho, el 37% de los casos presentan un problema en el coraz\u00f3n\u201d, se\u00f1al\u00f3 la doctora Kena Pastrana, Gerente M\u00e9dica del Portafolio de Enfermedades Raras para Pfizer M\u00e9xico.<br \/>\nEn M\u00e9xico, existen retos importantes en la atenci\u00f3n m\u00e9dica de esta y otras enfermedades raras. Para empezar, se siguen construyendo datos actualizados sobre la prevalencia de ellas en el pa\u00eds, lo que dificulta entender las barreras a las que se enfrenta cada persona para, no solo combatir alguna de estas afecciones,<img decoding=\"async\" class=\"size-medium wp-image-498412 alignright\" src=\"https:\/\/dimensionturistica.com\/es\/wp-content\/uploads\/2023\/03\/th-4-300x168.jpg\" alt=\"\" width=\"300\" height=\"168\" srcset=\"https:\/\/dimensionturistica.com\/es\/wp-content\/uploads\/2023\/03\/th-4-300x168.jpg 300w, https:\/\/dimensionturistica.com\/es\/wp-content\/uploads\/2023\/03\/th-4.jpg 474w\" sizes=\"(max-width: 300px) 100vw, 300px\" \/> sino recibir un diagn\u00f3stico oportuno y correcto.<br \/>\nDesde la aparici\u00f3n del primer signo, en promedio pasa por la revisi\u00f3n de cinco m\u00e9dicos y puede tardar hasta un a\u00f1o en ser diagnosticada adecuadamente. Esto se debe a que adem\u00e1s de ser una enfermedad poco com\u00fan, suele confundirse con otros padecimientos por su naturaleza multidisciplinaria.<br \/>\n\u201cSe est\u00e1 tomando hasta un a\u00f1o, a veces dos, en diagnosticar correctamente la amiloidosis, principalmente porque las manifestaciones cl\u00ednicas pueden ser las mismas que tienen otras patolog\u00edas con prevalencia mayor. Muchas veces se requiere intervenci\u00f3n de distintas especialidades m\u00e9dicas como la cardiolog\u00eda, neurolog\u00eda, gen\u00e9tica, rehabilitaci\u00f3n cardiaca y psicolog\u00eda\u201d, subray\u00f3 la doctora Pastrana.<br \/>\nPor su parte, la hemofilia es un trastorno hereditario donde la sangre no coagula y puede ocasionar hemorragias espont\u00e1neas.16 Mientras que la fibrosis qu\u00edstica provoca una acumulaci\u00f3n de moco espeso en algunas partes del cuerpo, como<img decoding=\"async\" class=\"size-medium wp-image-498411 alignright\" src=\"https:\/\/dimensionturistica.com\/es\/wp-content\/uploads\/2023\/03\/th-5-300x171.jpg\" alt=\"\" width=\"300\" height=\"171\" srcset=\"https:\/\/dimensionturistica.com\/es\/wp-content\/uploads\/2023\/03\/th-5-300x171.jpg 300w, https:\/\/dimensionturistica.com\/es\/wp-content\/uploads\/2023\/03\/th-5.jpg 474w\" sizes=\"(max-width: 300px) 100vw, 300px\" \/> los pulmones, que la vuelve potencialmente mortal17, por lo que la atenci\u00f3n m\u00e9dica temprana es primordial.<br \/>\nAdicionalmente, la especialista se\u00f1al\u00f3 que mantener una buena salud mental y emocional es fundamental: los m\u00e9dicos tenemos la responsabilidad de explicar ampliamente a las personas afectadas por las enfermedades raras y a su familia sobre lo que est\u00e1 pasando, as\u00ed como las implicaciones a futuro. Hacer una b\u00fasqueda activa en caso de ser de origen hereditario y ofrecer un grupo multidisciplinario que aborde a la persona para que le d\u00e9 respaldo en el proceso que inicia\u201d.<br \/>\nFinalmente, en medio de esta coyuntura, la experta llam\u00f3 a continuar reconociendo la existencia de estos padecimientos raros invitando a m\u00e9dicos, sociedad civil, iniciativa privada y gobierno a trabajar por mejorar su pron\u00f3stico, asegurando que lo raro de ellos es no conocerlos.<br \/>\nConsulte a su m\u00e9dico &#8211; PP-VDM-MEX-0019<\/p>\n","protected":false},"excerpt":{"rendered":"<p>A nivel mundial, existen alrededor de 3.5 y hasta 5.9 % de personas que padecen enfermedades raras4 y que, de acuerdo con la Organizaci\u00f3n Mundial de la Salud (OMS), se presentan en menos de cinco por cada diez mil habitantes. El D\u00eda Mundial de las Enfermedades Raras, conmemorado cada 28 de febrero, tiene como objetivo [&hellip;]<\/p>\n","protected":false},"author":1,"featured_media":498420,"comment_status":"open","ping_status":"closed","sticky":false,"template":"","format":"standard","meta":{"om_disable_all_campaigns":false,"jnews-multi-image_gallery":[],"jnews_single_post":{"source_name":"","source_url":"","via_name":"","via_url":"","override_template":"0","override":[{"template":"1","single_blog_custom":"","parallax":"1","fullscreen":"1","layout":"right-sidebar","sidebar":"default-sidebar","second_sidebar":"default-sidebar","sticky_sidebar":"1","share_position":"top","share_float_style":"share-monocrhome","show_share_counter":"1","show_view_counter":"1","show_featured":"1","show_post_meta":"1","show_post_author":"1","show_post_author_image":"1","show_post_date":"1","post_date_format":"default","post_date_format_custom":"Y\/m\/d","show_post_category":"1","show_post_reading_time":"0","post_reading_time_wpm":"300","show_zoom_button":"0","zoom_button_out_step":"2","zoom_button_in_step":"3","show_post_tag":"1","show_prev_next_post":"1","show_popup_post":"1","number_popup_post":"1","show_author_box":"0","show_post_related":"0","show_inline_post_related":"0"}],"override_image_size":"0","image_override":[{"single_post_thumbnail_size":"crop-500","single_post_gallery_size":"crop-500"}],"trending_post":"0","trending_post_position":"meta","trending_post_label":"Trending","sponsored_post":"0","sponsored_post_label":"Sponsored by","sponsored_post_name":"","sponsored_post_url":"","sponsored_post_logo_enable":"0","sponsored_post_logo":"","sponsored_post_desc":"","disable_ad":"0"},"jnews_primary_category":{"id":"","hide":""},"jnews_social_meta":{"fb_title":"","fb_description":"","fb_image":"","twitter_title":"","twitter_description":"","twitter_image":""},"footnotes":""},"categories":[40],"tags":[],"class_list":["post-498390","post","type-post","status-publish","format-standard","has-post-thumbnail","hentry","category-industria"],"_links":{"self":[{"href":"https:\/\/dimensionturistica.com\/es\/wp-json\/wp\/v2\/posts\/498390","targetHints":{"allow":["GET"]}}],"collection":[{"href":"https:\/\/dimensionturistica.com\/es\/wp-json\/wp\/v2\/posts"}],"about":[{"href":"https:\/\/dimensionturistica.com\/es\/wp-json\/wp\/v2\/types\/post"}],"author":[{"embeddable":true,"href":"https:\/\/dimensionturistica.com\/es\/wp-json\/wp\/v2\/users\/1"}],"replies":[{"embeddable":true,"href":"https:\/\/dimensionturistica.com\/es\/wp-json\/wp\/v2\/comments?post=498390"}],"version-history":[{"count":0,"href":"https:\/\/dimensionturistica.com\/es\/wp-json\/wp\/v2\/posts\/498390\/revisions"}],"wp:featuredmedia":[{"embeddable":true,"href":"https:\/\/dimensionturistica.com\/es\/wp-json\/wp\/v2\/media\/498420"}],"wp:attachment":[{"href":"https:\/\/dimensionturistica.com\/es\/wp-json\/wp\/v2\/media?parent=498390"}],"wp:term":[{"taxonomy":"category","embeddable":true,"href":"https:\/\/dimensionturistica.com\/es\/wp-json\/wp\/v2\/categories?post=498390"},{"taxonomy":"post_tag","embeddable":true,"href":"https:\/\/dimensionturistica.com\/es\/wp-json\/wp\/v2\/tags?post=498390"}],"curies":[{"name":"wp","href":"https:\/\/api.w.org\/{rel}","templated":true}]}}