{"id":498372,"date":"2023-03-01T22:58:43","date_gmt":"2023-03-01T22:58:43","guid":{"rendered":"https:\/\/dimensionturistica.com\/es\/?p=498372"},"modified":"2023-03-01T22:58:43","modified_gmt":"2023-03-01T22:58:43","slug":"conoce-las-mejores-zonas-de-merida-para-hospedarse-durante-semana-santa","status":"publish","type":"post","link":"https:\/\/dimensionturistica.com\/es\/conoce-las-mejores-zonas-de-merida-para-hospedarse-durante-semana-santa\/","title":{"rendered":"Conoce las mejores zonas de M\u00e9rida para hospedarse durante Semana Santa"},"content":{"rendered":"<p> <br \/>\n<\/p>\n<div id=\"cuerpo-nota\">\n<p style=\"text-align: justify;\">El pr\u00f3ximo 3 de abril dar\u00e1n inicio las <strong>vacaciones de Semana Santa<\/strong>, siendo dos semanas libres de actividades escolares y en el que se pondr\u00e1n pausa a las labores.\u00a0<\/p>\n<p style=\"text-align: justify;\">Durante estos d\u00edas se prev\u00e9 mayor afluencia de turistas en la ciudad de <strong>M\u00e9rida <\/strong>al ser la principal zona para alojamiento de los visitantes.\u00a0<\/p>\n<aside class=\"htmlinline\"\/>\n<aside class=\"relacionadas con-foto\"><strong class=\"relacionadas-titulo-gral\">Noticias Relacionadas<\/strong><\/aside>\n<p class=\"image-align-center\"><img decoding=\"async\" alt=\"\" height=\"511\" src=\"https:\/\/www.poresto.net\/u\/fotografias\/m\/2021\/11\/21\/f768x1-155007_155134_5050.jpg\" width=\"768\"\/><\/p>\n<p style=\"text-align: justify;\">M\u00e9rida es la capital de Yucat\u00e1n, por lo cual se encuentra cerca de los sitios m\u00e1s destacados, as\u00ed como el lugar que m\u00e1s destaca en el estado.\u00a0<\/p>\n<aside class=\"htmlinline\"\/>\n<aside class=\"relacionadas con-foto\"><strong class=\"relacionadas-titulo-gral\">Noticias Relacionadas<\/strong><\/aside>\n<p style=\"text-align: justify;\">Hay diferentes zonas en la ciudad de M\u00e9rida para hospedarse, siendo estos los m\u00e1s cercanos a la zona del <strong>Centro Hist\u00f3rico<\/strong>, por lo cual se tiene acceso a diversos sitios.\u00a0<\/p>\n<h2 style=\"text-align: justify;\"><strong>Paseo de Montejo\u00a0<\/strong><\/h2>\n<p style=\"text-align: justify;\">En el <strong>Paseo de Montejo de M\u00e9rida<\/strong> se encuentran diferentes sitios para hospedarse, adem\u00e1s de que la zona es de las m\u00e1s visitadas por los turistas al destacar su arquitectura, casonas antiguas y distintos restaurantes y establecimientos.\u00a0<\/p>\n<p class=\"image-align-center\"><img decoding=\"async\" alt=\"\" height=\"573\" src=\"https:\/\/www.poresto.net\/u\/fotografias\/m\/2022\/6\/1\/f768x1-206707_206834_5050.jpeg\" width=\"768\"\/><\/p>\n<h2 style=\"text-align: justify;\"><strong>Centro Hist\u00f3rico de M\u00e9rida<\/strong><\/h2>\n<p style=\"text-align: justify;\">El <strong>Centro Hist\u00f3rico de M\u00e9rida <\/strong>siempre es la zona donde se hospedan los turistas, destacando por su f\u00e1cil acceso a distintos sitios de inter\u00e9s.\u00a0\n<\/p>\n<p style=\"text-align: justify;\">Adem\u00e1s, de este mismo punto se parte hacia otros sitios, por lo cual tiene un mejor acceso para viajar a otras partes como zonas arqueol\u00f3gicas y playas.\n<\/p>\n<p class=\"image-align-center\"><img decoding=\"async\" alt=\"\" height=\"527\" src=\"https:\/\/www.poresto.net\/u\/fotografias\/m\/2022\/5\/16\/f768x1-203741_203868_5050.jpg\" width=\"768\"\/>\n<\/p>\n<h2 style=\"text-align: justify;\"><strong>Zona Norte de M\u00e9rida<\/strong><\/h2>\n<p style=\"text-align: justify;\">La<strong> Zona Norte de M\u00e9rida <\/strong>es una de las \u00e1reas en las que se suelen hospedar los turistas que buscan estar m\u00e1s alejados de la movilidad de la capital yucateca, de igual forma con acceso a diferentes sitios como plazas y comercios.\u00a0\n<\/p>\n<p class=\"image-align-center\"><img decoding=\"async\" alt=\"\" height=\"652\" src=\"https:\/\/www.poresto.net\/u\/fotografias\/m\/2023\/3\/1\/f768x1-265254_265381_50.jpg\" width=\"768\"\/>\n<\/p>\n<p style=\"text-align: justify;\">S\u00edguenos en <a rel=\"nofollow noopener\" target=\"_blank\" href=\"https:\/\/news.google.com\/publications\/CAAqBwgKMMLDmwswhs6zAw?oc=3&amp;ceid=MX:es-419&amp;hl=es-419&amp;gl=MX\">Google News <\/a>y recibe la mejor informaci\u00f3n\n<\/p>\n<p style=\"text-align: justify;\">GC<\/p>\n<\/div>\n<p><script>\n      window.fbAsyncInit = function() {\n        FB.init({\n          appId      : '{292213061927134}',\n          status     : true,\n\t\t  version:  'v2.7',\n          xfbml      : true\n        });\nFB.Event.subscribe('comment.create', function (response) {grabacom_compa(373448)});\t\nFB.Event.subscribe('comment.remove',  function (response) {grabacom_compa(373448)});\t\nFB.Event.subscribe('edge.create',  function (response) {grabacom_compa(373448)});\nFB.Event.subscribe('edge.remove',  function (response) {grabacom_compa(373448)});\n      };\n(function(d, s, id) {\n  var js, fjs = d.getElementsByTagName(s)[0];\n  if (d.getElementById(id)) return;\n  js = d.createElement(s); js.id = id;\n  js.src = \"\/\/connect.facebook.net\/es_LA\/sdk.js#xfbml=1&version=v2.7&appId=292213061927134\";\n  fjs.parentNode.insertBefore(js, fjs);\n}(document, 'script', 'facebook-jssdk'));\n    <\/script><br \/>\n<br \/><\/p>\n<p><em> &#8221; Fuentes www.poresto.net &#8221; <\/em><\/p>\n","protected":false},"excerpt":{"rendered":"<p>El pr\u00f3ximo 3 de abril dar\u00e1n inicio las vacaciones de Semana Santa, siendo dos semanas libres de actividades escolares y en el que se pondr\u00e1n pausa a las labores.\u00a0 Durante estos d\u00edas se prev\u00e9 mayor afluencia de turistas en la ciudad de M\u00e9rida al ser la principal zona para alojamiento de los visitantes.\u00a0 Noticias Relacionadas [&hellip;]<\/p>\n","protected":false},"author":4,"featured_media":498373,"comment_status":"open","ping_status":"closed","sticky":false,"template":"","format":"standard","meta":{"om_disable_all_campaigns":false,"jnews-multi-image_gallery":[],"jnews_single_post":[],"jnews_primary_category":[],"jnews_social_meta":[],"footnotes":""},"categories":[39],"tags":[6548,2946,2504],"class_list":["post-498372","post","type-post","status-publish","format-standard","has-post-thumbnail","hentry","category-viajes","tag-merida","tag-semana-santa","tag-yucatan"],"_links":{"self":[{"href":"https:\/\/dimensionturistica.com\/es\/wp-json\/wp\/v2\/posts\/498372","targetHints":{"allow":["GET"]}}],"collection":[{"href":"https:\/\/dimensionturistica.com\/es\/wp-json\/wp\/v2\/posts"}],"about":[{"href":"https:\/\/dimensionturistica.com\/es\/wp-json\/wp\/v2\/types\/post"}],"author":[{"embeddable":true,"href":"https:\/\/dimensionturistica.com\/es\/wp-json\/wp\/v2\/users\/4"}],"replies":[{"embeddable":true,"href":"https:\/\/dimensionturistica.com\/es\/wp-json\/wp\/v2\/comments?post=498372"}],"version-history":[{"count":0,"href":"https:\/\/dimensionturistica.com\/es\/wp-json\/wp\/v2\/posts\/498372\/revisions"}],"wp:featuredmedia":[{"embeddable":true,"href":"https:\/\/dimensionturistica.com\/es\/wp-json\/wp\/v2\/media\/498373"}],"wp:attachment":[{"href":"https:\/\/dimensionturistica.com\/es\/wp-json\/wp\/v2\/media?parent=498372"}],"wp:term":[{"taxonomy":"category","embeddable":true,"href":"https:\/\/dimensionturistica.com\/es\/wp-json\/wp\/v2\/categories?post=498372"},{"taxonomy":"post_tag","embeddable":true,"href":"https:\/\/dimensionturistica.com\/es\/wp-json\/wp\/v2\/tags?post=498372"}],"curies":[{"name":"wp","href":"https:\/\/api.w.org\/{rel}","templated":true}]}}