{"id":498301,"date":"2023-03-01T21:31:43","date_gmt":"2023-03-01T21:31:43","guid":{"rendered":"https:\/\/dimensionturistica.com\/es\/?p=498301"},"modified":"2023-03-01T21:31:43","modified_gmt":"2023-03-01T21:31:43","slug":"presentan-coleccion-de-libros-guanajuato-vive-grandes-historias-en-fil-del-palacio-de-mineria-en-cdmx","status":"publish","type":"post","link":"https:\/\/dimensionturistica.com\/es\/presentan-coleccion-de-libros-guanajuato-vive-grandes-historias-en-fil-del-palacio-de-mineria-en-cdmx\/","title":{"rendered":"Presentan colecci\u00f3n de libros \u201cGuanajuato Vive Grandes Historias\u201d en FIL del Palacio de Miner\u00eda en CDMX"},"content":{"rendered":"<p>En la 44 edici\u00f3n de la Feria Internacional del Libro del Palacio de Miner\u00eda en Ciudad de M\u00e9xico, Guanajuato -Estado invitado en esta FIL- present\u00f3 la colecci\u00f3n de 4 libros \u201cGuanajuato Vive Grandes Historias\u201d, obras literarias de alta calidad en la investigaci\u00f3n, edici\u00f3n y publicaci\u00f3n.<br \/>\nEsta colecci\u00f3n de libros contribuye al patrimonio cultural, hist\u00f3rico y tur\u00edstico no<img decoding=\"async\" class=\"size-medium wp-image-496163 alignright\" src=\"https:\/\/dimensionturistica.com\/es\/wp-content\/uploads\/2023\/02\/th-2-10-300x200.jpg\" alt=\"\" width=\"300\" height=\"200\" srcset=\"https:\/\/dimensionturistica.com\/es\/wp-content\/uploads\/2023\/02\/th-2-10-300x200.jpg 300w, https:\/\/dimensionturistica.com\/es\/wp-content\/uploads\/2023\/02\/th-2-10.jpg 474w\" sizes=\"(max-width: 300px) 100vw, 300px\" \/> solo de Guanajuato sino de M\u00e9xico, as\u00ed lo anunciaron hoy Juan Jos\u00e9 \u00c1lvarez Brunel, secretario de Turismo del Estado de Guanajuato, en compa\u00f1\u00eda de Adriana Camarena de Obeso, directora Estatal de la Cultura en Guanajuato; y los autores, investigadores y coordinadores de estos libros: Graciela Cruz L\u00f3pez, Miguel \u00c1ngel Avil\u00e9s, Luis Ernesto Camarillo y Rodolfo Gerschman.<br \/>\nUn equipo de colaboradores, autores, coordinadores y fot\u00f3grafos hicieron posible esta colecci\u00f3n de libros titulados: \u201cSan Miguel de Allende en la Mirada de Arturo Su\u00e1rez\u201d, \u201cLa Ruta Secreta del Mezcal\u201d, \u201cCamino Real Tierra Adentro\u201d, y \u201cVi\u00f1as y Bodegas de Guanajuato Tierra de Vinos\u201d; ambicioso proyecto editorial que se plasm\u00f3 gracias a la visi\u00f3n del Estado de Guanajuato.<br \/>\nEl a\u00f1o pasado, Gobierno del Estado, a trav\u00e9s de la Secretar\u00eda de Turismo del Estado de Guanajuato, dio a conocer esta gran colecci\u00f3n que, hasta el d\u00eda de hoy, han sido presentados en los destinos del Estado de Guanajuato, en la Feria Internacional de Guadalajara y, ahora, en la FIL del Palacio de Miner\u00eda en CDMX, la cual inici\u00f3 ayer y concluye el 06 de marzo.<br \/>\nEstas obras literarias \u201cson la historia de la herencia de Guanajuato. Estos 4 libros reflejan el reconocimiento a esta herencia hist\u00f3rica que hasta el d\u00eda de hoy es visible en la entidad; con esta colecci\u00f3n reconocemos lo que hemos venido<img decoding=\"async\" class=\"size-medium wp-image-496167 alignright\" src=\"https:\/\/dimensionturistica.com\/es\/wp-content\/uploads\/2023\/02\/Presentan-libros-Vive-Grandes-Historias-8-300x184.jpeg\" alt=\"\" width=\"300\" height=\"184\" srcset=\"https:\/\/dimensionturistica.com\/es\/wp-content\/uploads\/2023\/02\/Presentan-libros-Vive-Grandes-Historias-8-300x184.jpeg 300w, https:\/\/dimensionturistica.com\/es\/wp-content\/uploads\/2023\/02\/Presentan-libros-Vive-Grandes-Historias-8-1024x628.jpeg 1024w, https:\/\/dimensionturistica.com\/es\/wp-content\/uploads\/2023\/02\/Presentan-libros-Vive-Grandes-Historias-8-768x471.jpeg 768w, https:\/\/dimensionturistica.com\/es\/wp-content\/uploads\/2023\/02\/Presentan-libros-Vive-Grandes-Historias-8-1536x943.jpeg 1536w, https:\/\/dimensionturistica.com\/es\/wp-content\/uploads\/2023\/02\/Presentan-libros-Vive-Grandes-Historias-8-750x460.jpeg 750w, https:\/\/dimensionturistica.com\/es\/wp-content\/uploads\/2023\/02\/Presentan-libros-Vive-Grandes-Historias-8-1140x700.jpeg 1140w, https:\/\/dimensionturistica.com\/es\/wp-content\/uploads\/2023\/02\/Presentan-libros-Vive-Grandes-Historias-8.jpeg 1600w\" sizes=\"(max-width: 300px) 100vw, 300px\" \/> haciendo a trav\u00e9s de los siglos y, adem\u00e1s, nos sirve como una plataforma para seguir construyendo en Guanajuato esta narrativa\u201d, asever\u00f3 Juan Jos\u00e9 \u00c1lvarez.<br \/>\nEl secretario de Turismo agradeci\u00f3 a Adriana Camarena de Obeso, directora del Instituto Estatal de la Cultura, por esta colaboraci\u00f3n entre la SECTUR y el IEC en el FIL y, as\u00ed, continuar promoviendo \u201ca este maravilloso estado que tenemos en la Rep\u00fablica Mexicana. Agradezco tambi\u00e9n a los autores y coordinadores aqu\u00ed presentes por estas impresionantes investigaciones de nuestro estado\u201d, a\u00f1adi\u00f3.<br \/>\nDicho trabajo transversal es reconocido en Guanajuato, se\u00f1al\u00f3 Camarena de Obeso. La directora del IEC habl\u00f3 de la importancia del trabajo colaborativo entre las dependencias, \u201cporque hacemos una mayor difusi\u00f3n del conocimiento, de la cultura, de lo que acontece en Guanajuato. Estos 4 libros son muy importantes en el desarrollo de Guanajuato, son libros no solo tur\u00edsticos sino libros basados en investigaciones muy profundas de temas muy relevantes de la historia de Guanajuato\u201d.<br \/>\nUn importante elenco de autores y coordinadores hicieron tambi\u00e9n una<img decoding=\"async\" class=\"size-medium wp-image-496164 alignright\" src=\"https:\/\/dimensionturistica.com\/es\/wp-content\/uploads\/2023\/02\/th-1-17-300x199.jpg\" alt=\"\" width=\"300\" height=\"199\" srcset=\"https:\/\/dimensionturistica.com\/es\/wp-content\/uploads\/2023\/02\/th-1-17-300x199.jpg 300w, https:\/\/dimensionturistica.com\/es\/wp-content\/uploads\/2023\/02\/th-1-17.jpg 474w\" sizes=\"(max-width: 300px) 100vw, 300px\" \/> extraordinaria sinergia con Gobierno del Estado de Guanajuato para lograr una investigaci\u00f3n y publicaci\u00f3n impecable que se encuentra disponible en la p\u00e1gina www.guanajuato.mx y que impulsa al visitante a conocer a\u00fan m\u00e1s sobre la historia de la entidad.<br \/>\nGraciela Cruz L\u00f3pez habl\u00f3 hoy del libro \u201cSan Miguel de Allende en la Mirada de Arturo Su\u00e1rez\u201d, reconocido fot\u00f3grafo que logr\u00f3 un captar piezas de genio hist\u00f3rico y art\u00edstico que fueron descubiertas en publicaciones de libros y revistas de su \u00e9poca, entre 1940 y 1980, documentos de distinta \u00edndole, m\u00fasica, literatura, poes\u00eda, invaluables narraciones e im\u00e1genes que ahora han compartido con nosotros sus herederos\u201d.<br \/>\n\u201cDespu\u00e9s de 2 generaciones de custodia, 18 a\u00f1os de descubrimiento y 2 a\u00f1os pand\u00e9micos, dedicados al intenso estudio de cerca de un millar de fotograf\u00edas, tenemos como resultado una obra editorial que publica y difunde 250 fotograf\u00edas, en donde se manifiesta el arte fotogr\u00e1fico de Don Arturo, al consolidarse la primera d\u00e9cada del siglo XX (\u2026). Arturo captur\u00f3 la esencia de espacios, encontr\u00f3 los momentos precisos y las horas m\u00e1s oportunas para imprimir la cotidianidad, atrapar la luz provinciana y expresar dramatismo en cada una de sus composiciones\u201d, a\u00f1adi\u00f3 Cruz L\u00f3pez.<br \/>\nLuis Ernesto Camarillo Ram\u00edrez expuso el libro \u201cCamino Real Tierra Adentro\u201d y<img decoding=\"async\" class=\"size-medium wp-image-496166 alignright\" src=\"https:\/\/dimensionturistica.com\/es\/wp-content\/uploads\/2023\/02\/fil-mineria-2019-300x200.jpg\" alt=\"\" width=\"300\" height=\"200\" srcset=\"https:\/\/dimensionturistica.com\/es\/wp-content\/uploads\/2023\/02\/fil-mineria-2019-300x200.jpg 300w, https:\/\/dimensionturistica.com\/es\/wp-content\/uploads\/2023\/02\/fil-mineria-2019-768x512.jpg 768w, https:\/\/dimensionturistica.com\/es\/wp-content\/uploads\/2023\/02\/fil-mineria-2019-750x500.jpg 750w, https:\/\/dimensionturistica.com\/es\/wp-content\/uploads\/2023\/02\/fil-mineria-2019.jpg 1000w\" sizes=\"(max-width: 300px) 100vw, 300px\" \/> destac\u00f3 que esta obra naci\u00f3 en la pandemia por Covid-19. \u201cEs un recorrido arqueol\u00f3gico, hist\u00f3rico y de uso y conservaci\u00f3n del patrimonio intangible. Hablamos de puentes, de iglesias y de un cementerio. Este libro privilegia la investigaci\u00f3n y un estudio fotogr\u00e1fico, por especialistas de cada una de las coyunturas del M\u00e9xico colonial hasta el M\u00e9xico contempor\u00e1neo\u201d.<br \/>\n\u201cEscribimos del c\u00f3mo es que el Camino Real Tierra Adentro se involucra con la riqueza de Guanajuato. El Camino Real es una serie de caminos que nos llevaban desde la CDMX hasta Santa Fe, atravesando todo el territorio mexicano incluyendo Guanajuato. Nuestro patrimonio intangible del Camino Real Tierra Adentro es parte de la historia de Guanajuato, el cual -en este libro- se enriquece de varios autores\u201d, agreg\u00f3 Camarillo Ram\u00edrez.<br \/>\nRodolfo Geirschman, autor del libro \u201cVi\u00f1as y Bodegas de Guanajuato Tierra de Vinos\u201d, resalt\u00f3 que en Guanajuato los visitantes descubren un tipo de vino muy diferentes al estereotipo de lo que se ha hecho en M\u00e9xico, \u201cel vino de Guanajuato es diferente y esa diferencia es lo que hace la riqueza de vino en general\u201d.<br \/>\n\u201cEn el vino el tiempo es el factor crucial, hay que esperar que las vides maduren para poder cosechar y comenzar a hacer el vino. La edad de las vides va a determinar la calidad del vino, las vi\u00f1as m\u00e1s viejas son las que producen mejor vino pero en menor cantidad. El tiempo ha sido tambi\u00e9n un factor importante en la elaboraci\u00f3n de este libro; junto con el fot\u00f3grafo Ignacio Urquiza trabajamos este libro, ambos perseguimos la \u00e9poca de la maduraci\u00f3n de las vi\u00f1as y<img decoding=\"async\" class=\"size-medium wp-image-496165 alignright\" src=\"https:\/\/dimensionturistica.com\/es\/wp-content\/uploads\/2023\/02\/2023022514160167316-300x200.jpg\" alt=\"\" width=\"300\" height=\"200\" srcset=\"https:\/\/dimensionturistica.com\/es\/wp-content\/uploads\/2023\/02\/2023022514160167316-300x200.jpg 300w, https:\/\/dimensionturistica.com\/es\/wp-content\/uploads\/2023\/02\/2023022514160167316-768x512.jpg 768w, https:\/\/dimensionturistica.com\/es\/wp-content\/uploads\/2023\/02\/2023022514160167316-750x500.jpg 750w, https:\/\/dimensionturistica.com\/es\/wp-content\/uploads\/2023\/02\/2023022514160167316.jpg 837w\" sizes=\"(max-width: 300px) 100vw, 300px\" \/> finalmente pudimos documentar la cosecha, el momento de la llegada de la uva y su procesamiento\u201d.<br \/>\nGeirschman record\u00f3 que mientras Ignacio persegu\u00eda la foto, \u00e9l persegu\u00eda el desarrollo del vino en Guanajuato. \u201cEl cultivo de la VID de Guanajuato llega hasta los 2 mil 500 metros, lo cual es casi excepcional en el mundo. Los vinos de Guanajuato tienen colores muy intensos y este vino es muy fino. Todo esto lo quisimos reflejar en este libro a trav\u00e9s de una selecci\u00f3n de fotos y un (exquisito) texto\u201d.<br \/>\nMiguel \u00c1ngel Avil\u00e9s Gal\u00e1n, autor del \u201cLa Ruta secreta del Mezcal\u201d, puntualiz\u00f3 que este libro se engarza bien con los vinos, con el Camino Real Tierra Adentro y con San Miguel de Allende.<br \/>\nLa historia del mezcal, una de \u201cnuestras bebidas nacionales se fue abriendo camino por diferentes regiones del territorio mexicano. Este libro, junto con mi colaboradora Claudine Flamand Monterrubio (que falleci\u00f3 durante la pandemia), a quien reconozco por su impecable trabajo, nos remonta a la \u00e9poca prehisp\u00e1nica para conocer el origen del mezcal\u201d.<br \/>\n\u201cDurante nuestra investigaci\u00f3n descubrimos una serie de testimonios importantes hasta que llegamos al lugar de plantaci\u00f3n de cocos en las costas de Colima y Nayarit y de ah\u00ed empezamos a rastrear una historia inveros\u00edmil. Los datos que recolectamos son muy interesantes, este libro que abren una gran historia\u201d, destac\u00f3.<br \/>\nEl Mezcal, dijo, empez\u00f3 como una bebida clandestina que pronto los ind\u00edgenas destilaban; pero tambi\u00e9n hab\u00eda manos africanas. Todos los esclavos que llegaban a las haciendas empezaron a destilar su propio mezcal, y en caso espec\u00edfico de Guanajuato tenemos rastros de varias haciendas que estudiamos con or\u00edgenes de hasta 1700, donde hab\u00eda una gran cantidad de esclavos africanos que destilaban el mezcal.<br \/>\nEste libro se titul\u00f3 en \u201cRuta Secreta\u201d porque era \u201cmuy f\u00e1cil evadir a las autoridades novohispanas para evitar pagar impuestos y llegar a los centros mineros; y eso fue lo que conect\u00f3 al mezcal con Guanajuato, porque los mineros eran la clase mejor pagada y la que consum\u00eda mucho mezcal\u201d, coment\u00f3 Miguel \u00c1ngel.<br \/>\nFinalmente, los autores y coordinadores de estos 4 libros agradecieron a la SECTUR Guanajuato y al secretario de Turismo Juan Jos\u00e9 \u00c1lvarez Brunel por el apoyo en esta producci\u00f3n de libros y el impulso a la promoci\u00f3n que se le ha brindado a la historia, a la cultura y a los produstos del Estado.<\/p>\n","protected":false},"excerpt":{"rendered":"<p>En la 44 edici\u00f3n de la Feria Internacional del Libro del Palacio de Miner\u00eda en Ciudad de M\u00e9xico, Guanajuato -Estado invitado en esta FIL- present\u00f3 la colecci\u00f3n de 4 libros \u201cGuanajuato Vive Grandes Historias\u201d, obras literarias de alta calidad en la investigaci\u00f3n, edici\u00f3n y publicaci\u00f3n. Esta colecci\u00f3n de libros contribuye al patrimonio cultural, hist\u00f3rico y [&hellip;]<\/p>\n","protected":false},"author":1,"featured_media":496168,"comment_status":"open","ping_status":"closed","sticky":false,"template":"","format":"standard","meta":{"om_disable_all_campaigns":false,"jnews-multi-image_gallery":[],"jnews_single_post":{"source_name":"","source_url":"","via_name":"","via_url":"","override_template":"0","override":[{"template":"1","single_blog_custom":"","parallax":"1","fullscreen":"1","layout":"right-sidebar","sidebar":"default-sidebar","second_sidebar":"default-sidebar","sticky_sidebar":"1","share_position":"top","share_float_style":"share-monocrhome","show_share_counter":"1","show_view_counter":"1","show_featured":"1","show_post_meta":"1","show_post_author":"1","show_post_author_image":"1","show_post_date":"1","post_date_format":"default","post_date_format_custom":"Y\/m\/d","show_post_category":"1","show_post_reading_time":"0","post_reading_time_wpm":"300","show_zoom_button":"0","zoom_button_out_step":"2","zoom_button_in_step":"3","show_post_tag":"1","show_prev_next_post":"1","show_popup_post":"1","number_popup_post":"1","show_author_box":"0","show_post_related":"0","show_inline_post_related":"0"}],"override_image_size":"0","image_override":[{"single_post_thumbnail_size":"crop-500","single_post_gallery_size":"crop-500"}],"trending_post":"0","trending_post_position":"meta","trending_post_label":"Trending","sponsored_post":"0","sponsored_post_label":"Sponsored by","sponsored_post_name":"","sponsored_post_url":"","sponsored_post_logo_enable":"0","sponsored_post_logo":"","sponsored_post_desc":"","disable_ad":"0"},"jnews_primary_category":{"id":"","hide":""},"jnews_social_meta":{"fb_title":"","fb_description":"","fb_image":"","twitter_title":"","twitter_description":"","twitter_image":""},"footnotes":""},"categories":[39],"tags":[],"class_list":["post-498301","post","type-post","status-publish","format-standard","has-post-thumbnail","hentry","category-viajes"],"_links":{"self":[{"href":"https:\/\/dimensionturistica.com\/es\/wp-json\/wp\/v2\/posts\/498301","targetHints":{"allow":["GET"]}}],"collection":[{"href":"https:\/\/dimensionturistica.com\/es\/wp-json\/wp\/v2\/posts"}],"about":[{"href":"https:\/\/dimensionturistica.com\/es\/wp-json\/wp\/v2\/types\/post"}],"author":[{"embeddable":true,"href":"https:\/\/dimensionturistica.com\/es\/wp-json\/wp\/v2\/users\/1"}],"replies":[{"embeddable":true,"href":"https:\/\/dimensionturistica.com\/es\/wp-json\/wp\/v2\/comments?post=498301"}],"version-history":[{"count":0,"href":"https:\/\/dimensionturistica.com\/es\/wp-json\/wp\/v2\/posts\/498301\/revisions"}],"wp:featuredmedia":[{"embeddable":true,"href":"https:\/\/dimensionturistica.com\/es\/wp-json\/wp\/v2\/media\/496168"}],"wp:attachment":[{"href":"https:\/\/dimensionturistica.com\/es\/wp-json\/wp\/v2\/media?parent=498301"}],"wp:term":[{"taxonomy":"category","embeddable":true,"href":"https:\/\/dimensionturistica.com\/es\/wp-json\/wp\/v2\/categories?post=498301"},{"taxonomy":"post_tag","embeddable":true,"href":"https:\/\/dimensionturistica.com\/es\/wp-json\/wp\/v2\/tags?post=498301"}],"curies":[{"name":"wp","href":"https:\/\/api.w.org\/{rel}","templated":true}]}}