{"id":498204,"date":"2023-03-01T19:27:39","date_gmt":"2023-03-01T19:27:39","guid":{"rendered":"https:\/\/dimensionturistica.com\/es\/?p=498204"},"modified":"2023-03-01T19:27:39","modified_gmt":"2023-03-01T19:27:39","slug":"reafirma-fovissste-compromiso-por-la-igualdad-de-genero","status":"publish","type":"post","link":"https:\/\/dimensionturistica.com\/es\/reafirma-fovissste-compromiso-por-la-igualdad-de-genero\/","title":{"rendered":"Reafirma Fovissste compromiso por la igualdad de g\u00e9nero"},"content":{"rendered":"<p>Con el compromiso de promover la inclusi\u00f3n y la igualdad de g\u00e9nero, el Fondo de la Vivienda del Instituto de Seguridad y Servicios Sociales de los Trabajadores del Estado (Fovissste) impulsar\u00e1 acciones para visibilizar la participaci\u00f3n y los logros de las mujeres en el sector inmobiliario.<br \/>\nCon este prop\u00f3sito, Fovissste firm\u00f3 un convenio de colaboraci\u00f3n con la asociaci\u00f3n civil Mujeres L\u00edderes por la Vivienda (Muliv), cuya misi\u00f3n es demostrar<img decoding=\"async\" class=\"size-medium wp-image-498207 alignright\" src=\"https:\/\/dimensionturistica.com\/es\/wp-content\/uploads\/2023\/03\/Reafirma-Fovissste-compromiso-por-la-igualdad-de-genero-1-300x200.jpg\" alt=\"\" width=\"300\" height=\"200\" srcset=\"https:\/\/dimensionturistica.com\/es\/wp-content\/uploads\/2023\/03\/Reafirma-Fovissste-compromiso-por-la-igualdad-de-genero-1-300x200.jpg 300w, https:\/\/dimensionturistica.com\/es\/wp-content\/uploads\/2023\/03\/Reafirma-Fovissste-compromiso-por-la-igualdad-de-genero-1-1024x683.jpg 1024w, https:\/\/dimensionturistica.com\/es\/wp-content\/uploads\/2023\/03\/Reafirma-Fovissste-compromiso-por-la-igualdad-de-genero-1-768x512.jpg 768w, https:\/\/dimensionturistica.com\/es\/wp-content\/uploads\/2023\/03\/Reafirma-Fovissste-compromiso-por-la-igualdad-de-genero-1-1536x1024.jpg 1536w, https:\/\/dimensionturistica.com\/es\/wp-content\/uploads\/2023\/03\/Reafirma-Fovissste-compromiso-por-la-igualdad-de-genero-1-750x500.jpg 750w, https:\/\/dimensionturistica.com\/es\/wp-content\/uploads\/2023\/03\/Reafirma-Fovissste-compromiso-por-la-igualdad-de-genero-1-1140x760.jpg 1140w, https:\/\/dimensionturistica.com\/es\/wp-content\/uploads\/2023\/03\/Reafirma-Fovissste-compromiso-por-la-igualdad-de-genero-1.jpg 1600w\" sizes=\"(max-width: 300px) 100vw, 300px\" \/> la capacidad de esta poblaci\u00f3n para asumir cargos de alta direcci\u00f3n en el mercado de la vivienda y contribuir al empoderamiento femenino.<br \/>\nAl ser la segunda instituci\u00f3n en la colocaci\u00f3n de cr\u00e9ditos en todo el pa\u00eds, y formar parte de la pol\u00edtica para abatir el rezago habitacional, para el organismo resulta prioritario incorporar en el plan de trabajo la perspectiva de g\u00e9nero.<br \/>\n\u201cTenemos varias compa\u00f1eras en Fovissste que son subdirectoras y creo que es la primera vez que hay una subdirectora de Cr\u00e9dito que es mujer. Y la menciono, primero porque en la estructura org\u00e1nica y ante la ausencia del titular ser\u00eda quien asuma el cargo\u201d, se\u00f1al\u00f3 el vocal ejecutivo, C\u00e9sar Buenrostro Moreno.<br \/>\nResalt\u00f3 que la poblaci\u00f3n femenina, por s\u00ed misma, es fundamental para el organismo ya que representa 56 por ciento del total de personas acreditadas, y son ellas quienes ostentan la mayor cifra en el nivel de cumplimiento de pagos.<br \/>\nLa directora general de Muliv, Mariel Z\u00fa\u00f1iga Alfaro, reiter\u00f3 la importancia del convenio mediante el cual se podr\u00e1 sumar la presencia de las mujeres, quienes, adem\u00e1s de posicionarse como propietarias de bienes inmuebles, tambi\u00e9n participar\u00e1n en el intercambio de experiencias para obtener buenas f\u00f3rmulas y mejores estrategias para atender la demanda de vivienda de los mexicanos, y cumplir con ello el objetivo de mejorar la calidad de vida de las personas.<br \/>\nDestac\u00f3 que, en los \u00faltimos a\u00f1os, las mujeres han demostrado entereza para alcanzar el posicionamiento econ\u00f3mico en el que actualmente se encuentran. Por ello, con esta colaboraci\u00f3n, de manera paralela el Fovissste refrenda el compromiso de trabajar a favor de la igualdad.<br \/>\nPor lo anterior, se estableci\u00f3 el objetivo de fomentar el desarrollo profesional, la<img decoding=\"async\" class=\"size-medium wp-image-498205 alignright\" src=\"https:\/\/dimensionturistica.com\/es\/wp-content\/uploads\/2023\/03\/Reafirma-Fovissste-compromiso-por-la-igualdad-de-genero-3-300x200.jpg\" alt=\"\" width=\"300\" height=\"200\" srcset=\"https:\/\/dimensionturistica.com\/es\/wp-content\/uploads\/2023\/03\/Reafirma-Fovissste-compromiso-por-la-igualdad-de-genero-3-300x200.jpg 300w, https:\/\/dimensionturistica.com\/es\/wp-content\/uploads\/2023\/03\/Reafirma-Fovissste-compromiso-por-la-igualdad-de-genero-3-1024x683.jpg 1024w, https:\/\/dimensionturistica.com\/es\/wp-content\/uploads\/2023\/03\/Reafirma-Fovissste-compromiso-por-la-igualdad-de-genero-3-768x512.jpg 768w, https:\/\/dimensionturistica.com\/es\/wp-content\/uploads\/2023\/03\/Reafirma-Fovissste-compromiso-por-la-igualdad-de-genero-3-1536x1024.jpg 1536w, https:\/\/dimensionturistica.com\/es\/wp-content\/uploads\/2023\/03\/Reafirma-Fovissste-compromiso-por-la-igualdad-de-genero-3-750x500.jpg 750w, https:\/\/dimensionturistica.com\/es\/wp-content\/uploads\/2023\/03\/Reafirma-Fovissste-compromiso-por-la-igualdad-de-genero-3-1140x760.jpg 1140w, https:\/\/dimensionturistica.com\/es\/wp-content\/uploads\/2023\/03\/Reafirma-Fovissste-compromiso-por-la-igualdad-de-genero-3.jpg 1600w\" sizes=\"(max-width: 300px) 100vw, 300px\" \/> capacitaci\u00f3n y la toma de decisiones entre el personal del sexo femenino; muestra de esto es que ellas son quienes actualmente ocupan m\u00e1s de 45 por ciento de los puestos superiores y medios (subdirecciones y jefaturas de departamento y de servicios).<br \/>\nAsimismo, durante 2022 inici\u00f3 una campa\u00f1a de difusi\u00f3n para erradicar la violencia contra las mujeres, la cual se fortalecer\u00e1 este 2023 y continuar\u00e1 con el reconocimiento a sus aportaciones profesionales.<br \/>\nDentro de las acciones conjuntas con Muliv se contempla la organizaci\u00f3n y promoci\u00f3n de diversas actividades (charlas, foros, conferencias, entre otras), para abordar temas de evaluaci\u00f3n, cr\u00e9ditos hipotecarios, mercado inmobiliario, econom\u00eda, finanzas, y valuaci\u00f3n, as\u00ed como tendencias de demograf\u00eda y situaciones de g\u00e9nero.<br \/>\nEl acuerdo fue firmado por el vocal ejecutivo de Fovissste, C\u00e9sar Buenrostro Moreno, y la presidenta de Muliv, Bertha Lozano Mercado Asevo, mientras que la coordinaci\u00f3n se asign\u00f3 a la subdirectora de Cr\u00e9dito del organismo, Priscila Adriana Blasco Magaldi, y a la directora general de la asociaci\u00f3n, Mariel Z\u00fa\u00f1iga Alfaro.<br \/>\nPara m\u00e1s informaci\u00f3n, los derechohabientes pueden llamar al 800 368 4783, ingresar a la p\u00e1gina gob.mx\/fovissste o seguir las redes sociales oficiales Facebook (@FovisssteMX), Twitter (@FOVISSSTEmx), Instagram (@fovissstemx) y Youtube (FOVISSSTE).<\/p>\n","protected":false},"excerpt":{"rendered":"<p>Con el compromiso de promover la inclusi\u00f3n y la igualdad de g\u00e9nero, el Fondo de la Vivienda del Instituto de Seguridad y Servicios Sociales de los Trabajadores del Estado (Fovissste) impulsar\u00e1 acciones para visibilizar la participaci\u00f3n y los logros de las mujeres en el sector inmobiliario. Con este prop\u00f3sito, Fovissste firm\u00f3 un convenio de colaboraci\u00f3n [&hellip;]<\/p>\n","protected":false},"author":1,"featured_media":498206,"comment_status":"open","ping_status":"closed","sticky":false,"template":"","format":"standard","meta":{"om_disable_all_campaigns":false,"jnews-multi-image_gallery":[],"jnews_single_post":{"source_name":"","source_url":"","via_name":"","via_url":"","override_template":"0","override":[{"template":"1","single_blog_custom":"","parallax":"1","fullscreen":"1","layout":"right-sidebar","sidebar":"default-sidebar","second_sidebar":"default-sidebar","sticky_sidebar":"1","share_position":"top","share_float_style":"share-monocrhome","show_share_counter":"1","show_view_counter":"1","show_featured":"1","show_post_meta":"1","show_post_author":"1","show_post_author_image":"1","show_post_date":"1","post_date_format":"default","post_date_format_custom":"Y\/m\/d","show_post_category":"1","show_post_reading_time":"0","post_reading_time_wpm":"300","show_zoom_button":"0","zoom_button_out_step":"2","zoom_button_in_step":"3","show_post_tag":"1","show_prev_next_post":"1","show_popup_post":"1","number_popup_post":"1","show_author_box":"0","show_post_related":"0","show_inline_post_related":"0"}],"override_image_size":"0","image_override":[{"single_post_thumbnail_size":"crop-500","single_post_gallery_size":"crop-500"}],"trending_post":"0","trending_post_position":"meta","trending_post_label":"Trending","sponsored_post":"0","sponsored_post_label":"Sponsored by","sponsored_post_name":"","sponsored_post_url":"","sponsored_post_logo_enable":"0","sponsored_post_logo":"","sponsored_post_desc":"","disable_ad":"0"},"jnews_primary_category":{"id":"","hide":""},"jnews_social_meta":{"fb_title":"","fb_description":"","fb_image":"","twitter_title":"","twitter_description":"","twitter_image":""},"footnotes":""},"categories":[40],"tags":[],"class_list":["post-498204","post","type-post","status-publish","format-standard","has-post-thumbnail","hentry","category-industria"],"_links":{"self":[{"href":"https:\/\/dimensionturistica.com\/es\/wp-json\/wp\/v2\/posts\/498204","targetHints":{"allow":["GET"]}}],"collection":[{"href":"https:\/\/dimensionturistica.com\/es\/wp-json\/wp\/v2\/posts"}],"about":[{"href":"https:\/\/dimensionturistica.com\/es\/wp-json\/wp\/v2\/types\/post"}],"author":[{"embeddable":true,"href":"https:\/\/dimensionturistica.com\/es\/wp-json\/wp\/v2\/users\/1"}],"replies":[{"embeddable":true,"href":"https:\/\/dimensionturistica.com\/es\/wp-json\/wp\/v2\/comments?post=498204"}],"version-history":[{"count":0,"href":"https:\/\/dimensionturistica.com\/es\/wp-json\/wp\/v2\/posts\/498204\/revisions"}],"wp:featuredmedia":[{"embeddable":true,"href":"https:\/\/dimensionturistica.com\/es\/wp-json\/wp\/v2\/media\/498206"}],"wp:attachment":[{"href":"https:\/\/dimensionturistica.com\/es\/wp-json\/wp\/v2\/media?parent=498204"}],"wp:term":[{"taxonomy":"category","embeddable":true,"href":"https:\/\/dimensionturistica.com\/es\/wp-json\/wp\/v2\/categories?post=498204"},{"taxonomy":"post_tag","embeddable":true,"href":"https:\/\/dimensionturistica.com\/es\/wp-json\/wp\/v2\/tags?post=498204"}],"curies":[{"name":"wp","href":"https:\/\/api.w.org\/{rel}","templated":true}]}}