{"id":497721,"date":"2023-03-01T01:17:59","date_gmt":"2023-03-01T01:17:59","guid":{"rendered":"https:\/\/dimensionturistica.com\/es\/?p=497721"},"modified":"2023-03-01T01:17:59","modified_gmt":"2023-03-01T01:17:59","slug":"durante-la-semana-del-18-al-24-de-febrero-siguiendo-cancun-con-89-1","status":"publish","type":"post","link":"https:\/\/dimensionturistica.com\/es\/durante-la-semana-del-18-al-24-de-febrero-siguiendo-cancun-con-89-1\/","title":{"rendered":"\u201cDurante la semana del 18 al 24 de febrero, siguiendo Canc\u00fan con 89.1%\u201c"},"content":{"rendered":"<p>La Riviera Maya contin\u00faa siendo el destinos favorito para miles de visitantes, al<img decoding=\"async\" class=\"size-medium wp-image-497728 alignright\" src=\"https:\/\/dimensionturistica.com\/es\/wp-content\/uploads\/2023\/03\/db224c58-fad6-4d3e-bb93-f80e083f55a3-300x169.jpg\" alt=\"\" width=\"300\" height=\"169\" srcset=\"https:\/\/dimensionturistica.com\/es\/wp-content\/uploads\/2023\/03\/db224c58-fad6-4d3e-bb93-f80e083f55a3-300x169.jpg 300w, https:\/\/dimensionturistica.com\/es\/wp-content\/uploads\/2023\/03\/db224c58-fad6-4d3e-bb93-f80e083f55a3-1024x576.jpg 1024w, https:\/\/dimensionturistica.com\/es\/wp-content\/uploads\/2023\/03\/db224c58-fad6-4d3e-bb93-f80e083f55a3-768x432.jpg 768w, https:\/\/dimensionturistica.com\/es\/wp-content\/uploads\/2023\/03\/db224c58-fad6-4d3e-bb93-f80e083f55a3-1536x864.jpg 1536w, https:\/\/dimensionturistica.com\/es\/wp-content\/uploads\/2023\/03\/db224c58-fad6-4d3e-bb93-f80e083f55a3-750x422.jpg 750w, https:\/\/dimensionturistica.com\/es\/wp-content\/uploads\/2023\/03\/db224c58-fad6-4d3e-bb93-f80e083f55a3-1140x641.jpg 1140w, https:\/\/dimensionturistica.com\/es\/wp-content\/uploads\/2023\/03\/db224c58-fad6-4d3e-bb93-f80e083f55a3.jpg 1600w\" sizes=\"(max-width: 300px) 100vw, 300px\" \/> registrar la mayor ocupaci\u00f3n hotelera entre los destinos tur\u00edsticos del Caribe Mexicano durante la semana del 18 al 24 de febrero, con 90.1%, seguida de Canc\u00fan, con 89.1%.<br \/>\nLa Riviera Maya se extiende a lo largo de la costa del Caribe, en la parte oriental de la Pen\u00ednsula de Yucat\u00e1n. Comprende la zona que va de Puerto Morelos a la Reserva de la Bi\u00f3sfera de Sian Ka\u2019an.<br \/>\nDurante este mismo per\u00edodo, Isla Mujeres registr\u00f3 una ocupaci\u00f3n de 75.2%; Costa Mujeres, 87.5%; Tulum, 87.3%; Cozumel, 86.3%, y Grand Costa Maya, 61.5%, seg\u00fan reportes estad\u00edsticos de asociaciones de hoteles, direcciones de Turismo<img decoding=\"async\" class=\"size-medium wp-image-497724 alignright\" src=\"https:\/\/dimensionturistica.com\/es\/wp-content\/uploads\/2023\/03\/0de13111-05ad-4383-a36d-0e48843c231a-300x169.jpg\" alt=\"\" width=\"300\" height=\"169\" srcset=\"https:\/\/dimensionturistica.com\/es\/wp-content\/uploads\/2023\/03\/0de13111-05ad-4383-a36d-0e48843c231a-300x169.jpg 300w, https:\/\/dimensionturistica.com\/es\/wp-content\/uploads\/2023\/03\/0de13111-05ad-4383-a36d-0e48843c231a-1024x576.jpg 1024w, https:\/\/dimensionturistica.com\/es\/wp-content\/uploads\/2023\/03\/0de13111-05ad-4383-a36d-0e48843c231a-768x432.jpg 768w, https:\/\/dimensionturistica.com\/es\/wp-content\/uploads\/2023\/03\/0de13111-05ad-4383-a36d-0e48843c231a-750x422.jpg 750w, https:\/\/dimensionturistica.com\/es\/wp-content\/uploads\/2023\/03\/0de13111-05ad-4383-a36d-0e48843c231a-1140x641.jpg 1140w, https:\/\/dimensionturistica.com\/es\/wp-content\/uploads\/2023\/03\/0de13111-05ad-4383-a36d-0e48843c231a.jpg 1280w\" sizes=\"(max-width: 300px) 100vw, 300px\" \/> municipales, y el Consejo de Promoci\u00f3n Tur\u00edstica de Quintana Roo.<br \/>\nEl desglose de la afluencia de turistas, seg\u00fan su pa\u00eds de origen, indica que el mayor porcentaje lo <img decoding=\"async\" class=\"size-medium wp-image-497725 alignleft\" src=\"https:\/\/dimensionturistica.com\/es\/wp-content\/uploads\/2023\/03\/b08eb432-83fc-4da5-a62d-9b4d99ee49cd-300x184.jpg\" alt=\"\" width=\"300\" height=\"184\" srcset=\"https:\/\/dimensionturistica.com\/es\/wp-content\/uploads\/2023\/03\/b08eb432-83fc-4da5-a62d-9b4d99ee49cd-300x184.jpg 300w, https:\/\/dimensionturistica.com\/es\/wp-content\/uploads\/2023\/03\/b08eb432-83fc-4da5-a62d-9b4d99ee49cd-1024x627.jpg 1024w, https:\/\/dimensionturistica.com\/es\/wp-content\/uploads\/2023\/03\/b08eb432-83fc-4da5-a62d-9b4d99ee49cd-768x470.jpg 768w, https:\/\/dimensionturistica.com\/es\/wp-content\/uploads\/2023\/03\/b08eb432-83fc-4da5-a62d-9b4d99ee49cd-750x459.jpg 750w, https:\/\/dimensionturistica.com\/es\/wp-content\/uploads\/2023\/03\/b08eb432-83fc-4da5-a62d-9b4d99ee49cd-1140x698.jpg 1140w, https:\/\/dimensionturistica.com\/es\/wp-content\/uploads\/2023\/03\/b08eb432-83fc-4da5-a62d-9b4d99ee49cd.jpg 1280w\" sizes=\"(max-width: 300px) 100vw, 300px\" \/>aporta Estados Unidos, con el 37.01%.<br \/>\nEn segundo lugar se ubica M\u00e9xico, con 35.97%, y le siguen en orden de importancia, Canad\u00e1, 6.48%; Reino Unido, 2.91%; Colombia, 2.75; Argentina, 1.24%; Espa\u00f1a, 1.19%; Francia, 1.06%; Brasil, 1%; Alemania, 0.92%, y otros mercados, 9.47%.<br \/>\nEl conjunto de estos mercados aporta al Caribe Mexicano un total de 479 mil 258 turistas.<\/p>\n","protected":false},"excerpt":{"rendered":"<p>La Riviera Maya contin\u00faa siendo el destinos favorito para miles de visitantes, al registrar la mayor ocupaci\u00f3n hotelera entre los destinos tur\u00edsticos del Caribe Mexicano durante la semana del 18 al 24 de febrero, con 90.1%, seguida de Canc\u00fan, con 89.1%. La Riviera Maya se extiende a lo largo de la costa del Caribe, en [&hellip;]<\/p>\n","protected":false},"author":1,"featured_media":497726,"comment_status":"open","ping_status":"closed","sticky":false,"template":"","format":"standard","meta":{"om_disable_all_campaigns":false,"jnews-multi-image_gallery":[],"jnews_single_post":{"source_name":"","source_url":"","via_name":"","via_url":"","override_template":"0","override":[{"template":"1","single_blog_custom":"","parallax":"1","fullscreen":"1","layout":"right-sidebar","sidebar":"default-sidebar","second_sidebar":"default-sidebar","sticky_sidebar":"1","share_position":"top","share_float_style":"share-monocrhome","show_share_counter":"1","show_view_counter":"1","show_featured":"1","show_post_meta":"1","show_post_author":"1","show_post_author_image":"1","show_post_date":"1","post_date_format":"default","post_date_format_custom":"Y\/m\/d","show_post_category":"1","show_post_reading_time":"0","post_reading_time_wpm":"300","show_zoom_button":"0","zoom_button_out_step":"2","zoom_button_in_step":"3","show_post_tag":"1","show_prev_next_post":"1","show_popup_post":"1","number_popup_post":"1","show_author_box":"0","show_post_related":"0","show_inline_post_related":"0"}],"override_image_size":"0","image_override":[{"single_post_thumbnail_size":"crop-500","single_post_gallery_size":"crop-500"}],"trending_post":"0","trending_post_position":"meta","trending_post_label":"Trending","sponsored_post":"0","sponsored_post_label":"Sponsored by","sponsored_post_name":"","sponsored_post_url":"","sponsored_post_logo_enable":"0","sponsored_post_logo":"","sponsored_post_desc":"","disable_ad":"0"},"jnews_primary_category":{"id":"","hide":""},"jnews_social_meta":{"fb_title":"","fb_description":"","fb_image":"","twitter_title":"","twitter_description":"","twitter_image":""},"footnotes":""},"categories":[39],"tags":[],"class_list":["post-497721","post","type-post","status-publish","format-standard","has-post-thumbnail","hentry","category-viajes"],"_links":{"self":[{"href":"https:\/\/dimensionturistica.com\/es\/wp-json\/wp\/v2\/posts\/497721","targetHints":{"allow":["GET"]}}],"collection":[{"href":"https:\/\/dimensionturistica.com\/es\/wp-json\/wp\/v2\/posts"}],"about":[{"href":"https:\/\/dimensionturistica.com\/es\/wp-json\/wp\/v2\/types\/post"}],"author":[{"embeddable":true,"href":"https:\/\/dimensionturistica.com\/es\/wp-json\/wp\/v2\/users\/1"}],"replies":[{"embeddable":true,"href":"https:\/\/dimensionturistica.com\/es\/wp-json\/wp\/v2\/comments?post=497721"}],"version-history":[{"count":0,"href":"https:\/\/dimensionturistica.com\/es\/wp-json\/wp\/v2\/posts\/497721\/revisions"}],"wp:featuredmedia":[{"embeddable":true,"href":"https:\/\/dimensionturistica.com\/es\/wp-json\/wp\/v2\/media\/497726"}],"wp:attachment":[{"href":"https:\/\/dimensionturistica.com\/es\/wp-json\/wp\/v2\/media?parent=497721"}],"wp:term":[{"taxonomy":"category","embeddable":true,"href":"https:\/\/dimensionturistica.com\/es\/wp-json\/wp\/v2\/categories?post=497721"},{"taxonomy":"post_tag","embeddable":true,"href":"https:\/\/dimensionturistica.com\/es\/wp-json\/wp\/v2\/tags?post=497721"}],"curies":[{"name":"wp","href":"https:\/\/api.w.org\/{rel}","templated":true}]}}