{"id":497670,"date":"2023-03-01T00:58:24","date_gmt":"2023-03-01T00:58:24","guid":{"rendered":"https:\/\/dimensionturistica.com\/es\/?p=497670"},"modified":"2023-03-01T00:58:24","modified_gmt":"2023-03-01T00:58:24","slug":"fortalecen-la-competitividad-y-el-liderazgo-de-la-industria-turistica-en-el-caribe-mexicano","status":"publish","type":"post","link":"https:\/\/dimensionturistica.com\/es\/fortalecen-la-competitividad-y-el-liderazgo-de-la-industria-turistica-en-el-caribe-mexicano\/","title":{"rendered":"Fortalecen la competitividad y el liderazgo de la industria tur\u00edstica en el Caribe Mexicano"},"content":{"rendered":"<p>La Asociaci\u00f3n de Complejos Vacacionales y Tur\u00edsticos (ACOTUR), en conjunto con<img decoding=\"async\" class=\"size-medium wp-image-497684 alignright\" src=\"https:\/\/dimensionturistica.com\/es\/wp-content\/uploads\/2023\/03\/f04f9769-833c-43ea-9f09-978c92590b7a-300x214.jpg\" alt=\"\" width=\"300\" height=\"214\" srcset=\"https:\/\/dimensionturistica.com\/es\/wp-content\/uploads\/2023\/03\/f04f9769-833c-43ea-9f09-978c92590b7a-300x214.jpg 300w, https:\/\/dimensionturistica.com\/es\/wp-content\/uploads\/2023\/03\/f04f9769-833c-43ea-9f09-978c92590b7a-1024x729.jpg 1024w, https:\/\/dimensionturistica.com\/es\/wp-content\/uploads\/2023\/03\/f04f9769-833c-43ea-9f09-978c92590b7a-768x547.jpg 768w, https:\/\/dimensionturistica.com\/es\/wp-content\/uploads\/2023\/03\/f04f9769-833c-43ea-9f09-978c92590b7a-1536x1093.jpg 1536w, https:\/\/dimensionturistica.com\/es\/wp-content\/uploads\/2023\/03\/f04f9769-833c-43ea-9f09-978c92590b7a-120x86.jpg 120w, https:\/\/dimensionturistica.com\/es\/wp-content\/uploads\/2023\/03\/f04f9769-833c-43ea-9f09-978c92590b7a-350x250.jpg 350w, https:\/\/dimensionturistica.com\/es\/wp-content\/uploads\/2023\/03\/f04f9769-833c-43ea-9f09-978c92590b7a-750x534.jpg 750w, https:\/\/dimensionturistica.com\/es\/wp-content\/uploads\/2023\/03\/f04f9769-833c-43ea-9f09-978c92590b7a-1140x811.jpg 1140w, https:\/\/dimensionturistica.com\/es\/wp-content\/uploads\/2023\/03\/f04f9769-833c-43ea-9f09-978c92590b7a.jpg 1599w\" sizes=\"(max-width: 300px) 100vw, 300px\" \/> la Universidad La Salle y SAPERE Consultor\u00eda, concluyeron con \u00e9xito el primer Diplomado en Programas Vacacionales y de Lealtad que tuvo como objetivo fortalecer la competitividad y el liderazgo tur\u00edstico del Caribe Mexicano, multidestino que recibi\u00f3 a m\u00e1s de 19 millones de visitantes en el 2022.\u201c\u201cEl diplomado de formaci\u00f3n profesional m\u00e1s moderno y actualizado para la industria vacacional, con una duraci\u00f3n de seis meses, cont\u00f3 con la participaci\u00f3n de 108 ejecutivos de la industria vacacional y estudiantes que fortalecieron sus conocimientos en el \u00e1rea de marketing, ventas y administraci\u00f3n de la industria del<img decoding=\"async\" class=\"size-medium wp-image-497678 alignright\" src=\"https:\/\/dimensionturistica.com\/es\/wp-content\/uploads\/2023\/03\/533f8790-7c36-4865-9266-7fa672c2acef-300x238.jpg\" alt=\"\" width=\"300\" height=\"238\" srcset=\"https:\/\/dimensionturistica.com\/es\/wp-content\/uploads\/2023\/03\/533f8790-7c36-4865-9266-7fa672c2acef-300x238.jpg 300w, https:\/\/dimensionturistica.com\/es\/wp-content\/uploads\/2023\/03\/533f8790-7c36-4865-9266-7fa672c2acef-1024x811.jpg 1024w, https:\/\/dimensionturistica.com\/es\/wp-content\/uploads\/2023\/03\/533f8790-7c36-4865-9266-7fa672c2acef-768x608.jpg 768w, https:\/\/dimensionturistica.com\/es\/wp-content\/uploads\/2023\/03\/533f8790-7c36-4865-9266-7fa672c2acef-1536x1216.jpg 1536w, https:\/\/dimensionturistica.com\/es\/wp-content\/uploads\/2023\/03\/533f8790-7c36-4865-9266-7fa672c2acef-750x594.jpg 750w, https:\/\/dimensionturistica.com\/es\/wp-content\/uploads\/2023\/03\/533f8790-7c36-4865-9266-7fa672c2acef-1140x903.jpg 1140w, https:\/\/dimensionturistica.com\/es\/wp-content\/uploads\/2023\/03\/533f8790-7c36-4865-9266-7fa672c2acef.jpg 1600w\" sizes=\"(max-width: 300px) 100vw, 300px\" \/> tiempo compartido y club vacacional, sector que genera cada a\u00f1o ventas por alrededor de mil millones de d\u00f3lares al a\u00f1o tan s\u00f3lo en Quintana Roo.<br \/>\nEs un diplomado que nunca se hab\u00eda dado, que ha roto muchos paradigmas, en primera por ser una herramienta de formaci\u00f3n espec\u00edfica a una industria que es punta de lanza en el sector tur\u00edstico\u201d, se\u00f1al\u00f3 Guillermo Muhech, Director Ejecutivo de ACOTUR.<br \/>\nEl diplomado, a\u00f1adi\u00f3, logr\u00f3 conjuntar a tres organismos con un carisma diferente. Una instituci\u00f3n educativa de primer nivel como La Salle; con SAPERE Consultor\u00eda<img decoding=\"async\" class=\"size-medium wp-image-497682 alignright\" src=\"https:\/\/dimensionturistica.com\/es\/wp-content\/uploads\/2023\/03\/d677032e-ff87-4539-8f47-b76dd9ae4f58-300x199.jpg\" alt=\"\" width=\"300\" height=\"199\" srcset=\"https:\/\/dimensionturistica.com\/es\/wp-content\/uploads\/2023\/03\/d677032e-ff87-4539-8f47-b76dd9ae4f58-300x199.jpg 300w, https:\/\/dimensionturistica.com\/es\/wp-content\/uploads\/2023\/03\/d677032e-ff87-4539-8f47-b76dd9ae4f58-1024x680.jpg 1024w, https:\/\/dimensionturistica.com\/es\/wp-content\/uploads\/2023\/03\/d677032e-ff87-4539-8f47-b76dd9ae4f58-768x510.jpg 768w, https:\/\/dimensionturistica.com\/es\/wp-content\/uploads\/2023\/03\/d677032e-ff87-4539-8f47-b76dd9ae4f58-1536x1020.jpg 1536w, https:\/\/dimensionturistica.com\/es\/wp-content\/uploads\/2023\/03\/d677032e-ff87-4539-8f47-b76dd9ae4f58-750x498.jpg 750w, https:\/\/dimensionturistica.com\/es\/wp-content\/uploads\/2023\/03\/d677032e-ff87-4539-8f47-b76dd9ae4f58-1140x757.jpg 1140w, https:\/\/dimensionturistica.com\/es\/wp-content\/uploads\/2023\/03\/d677032e-ff87-4539-8f47-b76dd9ae4f58.jpg 1600w\" sizes=\"(max-width: 300px) 100vw, 300px\" \/> creando contenidos de primer nivel y con ACOTUR y todos sus asociados que hacen posible que sea una agrupaci\u00f3n participativa, organizada y ruidosa en general al estar constantemente haciendo cosas nuevas.<br \/>\n\u201cMuchas felicidades a todos los alumnos que hoy se grad\u00faan por su alto nivel de disciplina para dedicar tiempo para s\u00ed mismos y para su futuro en esta industria\u201d, puntualiz\u00f3 al destacar que Quintana Roo acapara casi el 60 por ciento de las ventas de este sector en M\u00e9xico, teniendo una oferta que suma 103 hoteles, con 45 mil cuartos y m\u00e1s de 93 mil membres\u00edas vendidas.<br \/>\nEl Subsecretario de Promoci\u00f3n y Operaci\u00f3n Tur\u00edstica de la Secretar\u00eda Estatal de<img decoding=\"async\" class=\"size-medium wp-image-497680 alignright\" src=\"https:\/\/dimensionturistica.com\/es\/wp-content\/uploads\/2023\/03\/79086e18-6897-47f7-9b84-d8d0e290a277-300x254.jpg\" alt=\"\" width=\"300\" height=\"254\" srcset=\"https:\/\/dimensionturistica.com\/es\/wp-content\/uploads\/2023\/03\/79086e18-6897-47f7-9b84-d8d0e290a277-300x254.jpg 300w, https:\/\/dimensionturistica.com\/es\/wp-content\/uploads\/2023\/03\/79086e18-6897-47f7-9b84-d8d0e290a277-1024x867.jpg 1024w, https:\/\/dimensionturistica.com\/es\/wp-content\/uploads\/2023\/03\/79086e18-6897-47f7-9b84-d8d0e290a277-768x650.jpg 768w, https:\/\/dimensionturistica.com\/es\/wp-content\/uploads\/2023\/03\/79086e18-6897-47f7-9b84-d8d0e290a277-1536x1301.jpg 1536w, https:\/\/dimensionturistica.com\/es\/wp-content\/uploads\/2023\/03\/79086e18-6897-47f7-9b84-d8d0e290a277-750x635.jpg 750w, https:\/\/dimensionturistica.com\/es\/wp-content\/uploads\/2023\/03\/79086e18-6897-47f7-9b84-d8d0e290a277-1140x965.jpg 1140w, https:\/\/dimensionturistica.com\/es\/wp-content\/uploads\/2023\/03\/79086e18-6897-47f7-9b84-d8d0e290a277.jpg 1600w\" sizes=\"(max-width: 300px) 100vw, 300px\" \/> Turismo, Andr\u00e9s Gerardo Aguilar Becerril aplaudi\u00f3 los esfuerzos de todos los que hicieron posible este diplomado que contribuye al \u00e9xito de este destino tur\u00edstico y a sentirnos orgullos de lo que representa el turismo en Quintana Roo, que a poco tiempo de la pandemia \u201cya no se habla de recuperaci\u00f3n, sino de crecimiento\u201d.<br \/>\nTenemos una perspectiva muy positiva en Quintana Roo. En 2022 cerramos con m\u00e1s de 19 millones de turistas, que es la misma cifra de Brasil y Argentina juntos y para el 2023 esperamos seguir creciendo\u201d, sostuvo el funcionario, quien agreg\u00f3 que \u201cla importancia del diplomado radica en la responsabilidad que tenemos para mantenernos l\u00edderes como un destino competitivo. Y hablar de competitividad es<img decoding=\"async\" class=\"size-medium wp-image-497676 alignright\" src=\"https:\/\/dimensionturistica.com\/es\/wp-content\/uploads\/2023\/03\/52ae96eb-60ab-4608-85ad-cb30f9cd65fd-300x254.jpg\" alt=\"\" width=\"300\" height=\"254\" srcset=\"https:\/\/dimensionturistica.com\/es\/wp-content\/uploads\/2023\/03\/52ae96eb-60ab-4608-85ad-cb30f9cd65fd-300x254.jpg 300w, https:\/\/dimensionturistica.com\/es\/wp-content\/uploads\/2023\/03\/52ae96eb-60ab-4608-85ad-cb30f9cd65fd-1024x868.jpg 1024w, https:\/\/dimensionturistica.com\/es\/wp-content\/uploads\/2023\/03\/52ae96eb-60ab-4608-85ad-cb30f9cd65fd-768x651.jpg 768w, https:\/\/dimensionturistica.com\/es\/wp-content\/uploads\/2023\/03\/52ae96eb-60ab-4608-85ad-cb30f9cd65fd-1536x1302.jpg 1536w, https:\/\/dimensionturistica.com\/es\/wp-content\/uploads\/2023\/03\/52ae96eb-60ab-4608-85ad-cb30f9cd65fd-750x636.jpg 750w, https:\/\/dimensionturistica.com\/es\/wp-content\/uploads\/2023\/03\/52ae96eb-60ab-4608-85ad-cb30f9cd65fd-1140x966.jpg 1140w, https:\/\/dimensionturistica.com\/es\/wp-content\/uploads\/2023\/03\/52ae96eb-60ab-4608-85ad-cb30f9cd65fd.jpg 1600w\" sizes=\"(max-width: 300px) 100vw, 300px\" \/> hablar de sustentabilidad y formaci\u00f3n de recursos humanos, de maximizar los beneficios que genera esta industria, por lo que hago un llamado a la corresponsabilidad para mantener este liderazgo\u201d.<br \/>\nEl Rector de la Universidad La Salle Canc\u00fan, Mtro. Efra\u00edn Calder\u00f3n Amaya record\u00f3 que despu\u00e9s de la pandemia, el sector vacacional fue el primero en recepcionar turistas y fue lo que salv\u00f3 a Canc\u00fan de un colapso por lo que el seguirse preparando con este diplomado les permitir\u00e1 dar un mejor servicio a los turistas. \u201cEs la primera vez que hacemos esta alianza y sin duda ha sido un proyecto exitoso\u201d, puntualiz\u00f3.\u201c\u201cCon la presencia de la Coordinadora de Formaci\u00f3n Continua y Postgrado de La Salle Canc\u00fan, Mtra. Aurora Negrete y del Director de SAPERE Consultor\u00eda, Gerardo Bayona, se<img decoding=\"async\" class=\"size-medium wp-image-497677 alignright\" src=\"https:\/\/dimensionturistica.com\/es\/wp-content\/uploads\/2023\/03\/0473be22-c3ee-4ce8-9d9b-af6a338f0e6a-300x270.jpg\" alt=\"\" width=\"300\" height=\"270\" srcset=\"https:\/\/dimensionturistica.com\/es\/wp-content\/uploads\/2023\/03\/0473be22-c3ee-4ce8-9d9b-af6a338f0e6a-300x270.jpg 300w, https:\/\/dimensionturistica.com\/es\/wp-content\/uploads\/2023\/03\/0473be22-c3ee-4ce8-9d9b-af6a338f0e6a-1024x922.jpg 1024w, https:\/\/dimensionturistica.com\/es\/wp-content\/uploads\/2023\/03\/0473be22-c3ee-4ce8-9d9b-af6a338f0e6a-768x692.jpg 768w, https:\/\/dimensionturistica.com\/es\/wp-content\/uploads\/2023\/03\/0473be22-c3ee-4ce8-9d9b-af6a338f0e6a-1536x1383.jpg 1536w, https:\/\/dimensionturistica.com\/es\/wp-content\/uploads\/2023\/03\/0473be22-c3ee-4ce8-9d9b-af6a338f0e6a-750x675.jpg 750w, https:\/\/dimensionturistica.com\/es\/wp-content\/uploads\/2023\/03\/0473be22-c3ee-4ce8-9d9b-af6a338f0e6a-1140x1027.jpg 1140w, https:\/\/dimensionturistica.com\/es\/wp-content\/uploads\/2023\/03\/0473be22-c3ee-4ce8-9d9b-af6a338f0e6a.jpg 1600w\" sizes=\"(max-width: 300px) 100vw, 300px\" \/> entregaron diplomas a los egresados de este primer diplomado as\u00ed como un reconocimiento especial a la Gerente de Operaciones de ACOTUR, Itzel Voigt por coordinar esfuerzos y lograr el \u00e9xito de este primer diplomado.<br \/>\nEl diplomado cont\u00f3 con la participaci\u00f3n como ponentes de por lo menos 20 l\u00edderes de la industria vacacional de reconocidas empresas como ALG, Royal Holiday Club, Posadas, Sunset World, Unlimited Vacation Club, Circle One by Blue Bay, Mexico Destination Club by Xcaret, Fiesta Americana Villas Canc\u00fan, H10 Premium y Canc\u00fan Cards. La metodolog\u00eda consisti\u00f3 en sesiones presenciales con expertos, sesiones virtuales por webinar, aplicaci\u00f3n del aprendizaje y la certificaci\u00f3n mediante ex\u00e1menes de evaluaci\u00f3n.<\/p>\n","protected":false},"excerpt":{"rendered":"<p>La Asociaci\u00f3n de Complejos Vacacionales y Tur\u00edsticos (ACOTUR), en conjunto con la Universidad La Salle y SAPERE Consultor\u00eda, concluyeron con \u00e9xito el primer Diplomado en Programas Vacacionales y de Lealtad que tuvo como objetivo fortalecer la competitividad y el liderazgo tur\u00edstico del Caribe Mexicano, multidestino que recibi\u00f3 a m\u00e1s de 19 millones de visitantes en [&hellip;]<\/p>\n","protected":false},"author":1,"featured_media":497683,"comment_status":"open","ping_status":"closed","sticky":false,"template":"","format":"standard","meta":{"om_disable_all_campaigns":false,"jnews-multi-image_gallery":[],"jnews_single_post":{"source_name":"","source_url":"","via_name":"","via_url":"","override_template":"0","override":[{"template":"1","single_blog_custom":"","parallax":"1","fullscreen":"1","layout":"right-sidebar","sidebar":"default-sidebar","second_sidebar":"default-sidebar","sticky_sidebar":"1","share_position":"top","share_float_style":"share-monocrhome","show_share_counter":"1","show_view_counter":"1","show_featured":"1","show_post_meta":"1","show_post_author":"1","show_post_author_image":"1","show_post_date":"1","post_date_format":"default","post_date_format_custom":"Y\/m\/d","show_post_category":"1","show_post_reading_time":"0","post_reading_time_wpm":"300","show_zoom_button":"0","zoom_button_out_step":"2","zoom_button_in_step":"3","show_post_tag":"1","show_prev_next_post":"1","show_popup_post":"1","number_popup_post":"1","show_author_box":"0","show_post_related":"0","show_inline_post_related":"0"}],"override_image_size":"0","image_override":[{"single_post_thumbnail_size":"crop-500","single_post_gallery_size":"crop-500"}],"trending_post":"0","trending_post_position":"meta","trending_post_label":"Trending","sponsored_post":"0","sponsored_post_label":"Sponsored by","sponsored_post_name":"","sponsored_post_url":"","sponsored_post_logo_enable":"0","sponsored_post_logo":"","sponsored_post_desc":"","disable_ad":"0"},"jnews_primary_category":{"id":"","hide":""},"jnews_social_meta":{"fb_title":"","fb_description":"","fb_image":"","twitter_title":"","twitter_description":"","twitter_image":""},"footnotes":""},"categories":[39],"tags":[],"class_list":["post-497670","post","type-post","status-publish","format-standard","has-post-thumbnail","hentry","category-viajes"],"_links":{"self":[{"href":"https:\/\/dimensionturistica.com\/es\/wp-json\/wp\/v2\/posts\/497670","targetHints":{"allow":["GET"]}}],"collection":[{"href":"https:\/\/dimensionturistica.com\/es\/wp-json\/wp\/v2\/posts"}],"about":[{"href":"https:\/\/dimensionturistica.com\/es\/wp-json\/wp\/v2\/types\/post"}],"author":[{"embeddable":true,"href":"https:\/\/dimensionturistica.com\/es\/wp-json\/wp\/v2\/users\/1"}],"replies":[{"embeddable":true,"href":"https:\/\/dimensionturistica.com\/es\/wp-json\/wp\/v2\/comments?post=497670"}],"version-history":[{"count":0,"href":"https:\/\/dimensionturistica.com\/es\/wp-json\/wp\/v2\/posts\/497670\/revisions"}],"wp:featuredmedia":[{"embeddable":true,"href":"https:\/\/dimensionturistica.com\/es\/wp-json\/wp\/v2\/media\/497683"}],"wp:attachment":[{"href":"https:\/\/dimensionturistica.com\/es\/wp-json\/wp\/v2\/media?parent=497670"}],"wp:term":[{"taxonomy":"category","embeddable":true,"href":"https:\/\/dimensionturistica.com\/es\/wp-json\/wp\/v2\/categories?post=497670"},{"taxonomy":"post_tag","embeddable":true,"href":"https:\/\/dimensionturistica.com\/es\/wp-json\/wp\/v2\/tags?post=497670"}],"curies":[{"name":"wp","href":"https:\/\/api.w.org\/{rel}","templated":true}]}}