{"id":496806,"date":"2023-02-27T19:39:02","date_gmt":"2023-02-27T19:39:02","guid":{"rendered":"https:\/\/dimensionturistica.com\/es\/?p=496806"},"modified":"2023-02-27T19:39:02","modified_gmt":"2023-02-27T19:39:02","slug":"sectur-de-nuevo-leon-proyecta-mayor-conectividad-internacional-para-el-estado","status":"publish","type":"post","link":"https:\/\/dimensionturistica.com\/es\/sectur-de-nuevo-leon-proyecta-mayor-conectividad-internacional-para-el-estado\/","title":{"rendered":"SECTUR de Nuevo Le\u00f3n, proyecta mayor conectividad internacional para el estado"},"content":{"rendered":"<p>La nueva ruta Monterrey \u2013 Bogot\u00e1 de Viva Aerobus iniciar\u00e1 operaciones el 8 de<img decoding=\"async\" class=\"size-medium wp-image-496820 alignright\" src=\"https:\/\/dimensionturistica.com\/es\/wp-content\/uploads\/2023\/02\/NUEVO5-300x225.jpg\" alt=\"\" width=\"300\" height=\"225\" srcset=\"https:\/\/dimensionturistica.com\/es\/wp-content\/uploads\/2023\/02\/NUEVO5-300x225.jpg 300w, https:\/\/dimensionturistica.com\/es\/wp-content\/uploads\/2023\/02\/NUEVO5.jpg 600w\" sizes=\"(max-width: 300px) 100vw, 300px\" \/> junio de este a\u00f1o con dos vuelos a la semana (jueves y domingo).<br \/>\nLos vuelos, con duraci\u00f3n aproximada de poco m\u00e1s de 4 horas, ser\u00e1n operados con aeronaves Airbus A320 y A321, que forman parte de la flota m\u00e1s moderna de M\u00e9xico y la cuarta m\u00e1s joven de Norteam\u00e9rica con una edad promedio de 5.2 a\u00f1os.<br \/>\nEste servicio est\u00e1 dise\u00f1ado para atender la creciente demanda en uno de los mayores mercados a\u00e9reos de Am\u00e9rica Latina, M\u00e9xico &#8211; Colombia; y el tercer mercado internacional con mayor dinamismo para el pa\u00eds.<br \/>\n\u201cNos entusiasma ver el crecimiento sostenido de Viva Aerobus en nuestra capital y aplaudimos esta tan necesaria conexi\u00f3n directa entre Bogot\u00e1 y Monterrey\u201d mencion\u00f3 Maricarmen Mart\u00ednez Villarreal, Secretaria de Turismo de Nuevo Le\u00f3n.<br \/>\nDe acuerdo con informaci\u00f3n de la Secretar\u00eda de Turismo, en 2022, m\u00e1s de 858 mil<img decoding=\"async\" class=\"size-medium wp-image-496819 alignleft\" src=\"https:\/\/dimensionturistica.com\/es\/wp-content\/uploads\/2023\/02\/NUEVO2-300x257.jpg\" alt=\"\" width=\"300\" height=\"257\" srcset=\"https:\/\/dimensionturistica.com\/es\/wp-content\/uploads\/2023\/02\/NUEVO2-300x257.jpg 300w, https:\/\/dimensionturistica.com\/es\/wp-content\/uploads\/2023\/02\/NUEVO2.jpg 600w\" sizes=\"(max-width: 300px) 100vw, 300px\" \/> pasajeros procedentes de Colombia visitaron M\u00e9xico, ello representa un 4.2% del total de visitantes a\u00e9reos internacionales en M\u00e9xico.<br \/>\nEs decir, Colombia se posicion\u00f3 como el tercer pa\u00eds que m\u00e1s visitantes envi\u00f3 a M\u00e9xico v\u00eda a\u00e9rea, tan s\u00f3lo detr\u00e1s de Estados Unidos y Canad\u00e1.<br \/>\nLo anterior, adem\u00e1s, signific\u00f3 un crecimiento superior al 88% en comparaci\u00f3n con 2021.<\/p>\n","protected":false},"excerpt":{"rendered":"<p>La nueva ruta Monterrey \u2013 Bogot\u00e1 de Viva Aerobus iniciar\u00e1 operaciones el 8 de junio de este a\u00f1o con dos vuelos a la semana (jueves y domingo). Los vuelos, con duraci\u00f3n aproximada de poco m\u00e1s de 4 horas, ser\u00e1n operados con aeronaves Airbus A320 y A321, que forman parte de la flota m\u00e1s moderna de [&hellip;]<\/p>\n","protected":false},"author":1,"featured_media":496818,"comment_status":"open","ping_status":"closed","sticky":false,"template":"","format":"standard","meta":{"om_disable_all_campaigns":false,"jnews-multi-image_gallery":[],"jnews_single_post":{"source_name":"","source_url":"","via_name":"","via_url":"","override_template":"0","override":[{"template":"1","single_blog_custom":"","parallax":"1","fullscreen":"1","layout":"right-sidebar","sidebar":"default-sidebar","second_sidebar":"default-sidebar","sticky_sidebar":"1","share_position":"top","share_float_style":"share-monocrhome","show_share_counter":"1","show_view_counter":"1","show_featured":"1","show_post_meta":"1","show_post_author":"1","show_post_author_image":"1","show_post_date":"1","post_date_format":"default","post_date_format_custom":"Y\/m\/d","show_post_category":"1","show_post_reading_time":"0","post_reading_time_wpm":"300","show_zoom_button":"0","zoom_button_out_step":"2","zoom_button_in_step":"3","show_post_tag":"1","show_prev_next_post":"1","show_popup_post":"1","number_popup_post":"1","show_author_box":"0","show_post_related":"0","show_inline_post_related":"0"}],"override_image_size":"0","image_override":[{"single_post_thumbnail_size":"crop-500","single_post_gallery_size":"crop-500"}],"trending_post":"0","trending_post_position":"meta","trending_post_label":"Trending","sponsored_post":"0","sponsored_post_label":"Sponsored by","sponsored_post_name":"","sponsored_post_url":"","sponsored_post_logo_enable":"0","sponsored_post_logo":"","sponsored_post_desc":"","disable_ad":"0"},"jnews_primary_category":{"id":"","hide":""},"jnews_social_meta":{"fb_title":"","fb_description":"","fb_image":"","twitter_title":"","twitter_description":"","twitter_image":""},"footnotes":""},"categories":[39],"tags":[],"class_list":["post-496806","post","type-post","status-publish","format-standard","has-post-thumbnail","hentry","category-viajes"],"_links":{"self":[{"href":"https:\/\/dimensionturistica.com\/es\/wp-json\/wp\/v2\/posts\/496806","targetHints":{"allow":["GET"]}}],"collection":[{"href":"https:\/\/dimensionturistica.com\/es\/wp-json\/wp\/v2\/posts"}],"about":[{"href":"https:\/\/dimensionturistica.com\/es\/wp-json\/wp\/v2\/types\/post"}],"author":[{"embeddable":true,"href":"https:\/\/dimensionturistica.com\/es\/wp-json\/wp\/v2\/users\/1"}],"replies":[{"embeddable":true,"href":"https:\/\/dimensionturistica.com\/es\/wp-json\/wp\/v2\/comments?post=496806"}],"version-history":[{"count":0,"href":"https:\/\/dimensionturistica.com\/es\/wp-json\/wp\/v2\/posts\/496806\/revisions"}],"wp:featuredmedia":[{"embeddable":true,"href":"https:\/\/dimensionturistica.com\/es\/wp-json\/wp\/v2\/media\/496818"}],"wp:attachment":[{"href":"https:\/\/dimensionturistica.com\/es\/wp-json\/wp\/v2\/media?parent=496806"}],"wp:term":[{"taxonomy":"category","embeddable":true,"href":"https:\/\/dimensionturistica.com\/es\/wp-json\/wp\/v2\/categories?post=496806"},{"taxonomy":"post_tag","embeddable":true,"href":"https:\/\/dimensionturistica.com\/es\/wp-json\/wp\/v2\/tags?post=496806"}],"curies":[{"name":"wp","href":"https:\/\/api.w.org\/{rel}","templated":true}]}}