{"id":496596,"date":"2023-02-27T14:29:50","date_gmt":"2023-02-27T14:29:50","guid":{"rendered":"https:\/\/dimensionturistica.com\/es\/?p=496596"},"modified":"2023-02-27T14:29:50","modified_gmt":"2023-02-27T14:29:50","slug":"sonora-impone-el-record-guinness-de-la-carne-asada-mas-grande-del-mundo-con-mas-de-2-mil-participantes","status":"publish","type":"post","link":"https:\/\/dimensionturistica.com\/es\/sonora-impone-el-record-guinness-de-la-carne-asada-mas-grande-del-mundo-con-mas-de-2-mil-participantes\/","title":{"rendered":"Sonora impone el R\u00e9cord Guinness de la Carne Asada m\u00e1s Grande del Mundo con m\u00e1s de 2 mil participantes"},"content":{"rendered":"<p>El secretario de Turismo del Gobierno de M\u00e9xico, Miguel Torruco Marqu\u00e9s, y el<img decoding=\"async\" class=\"size-medium wp-image-496611 alignright\" src=\"https:\/\/dimensionturistica.com\/es\/wp-content\/uploads\/2023\/02\/La-Carne-Asada-mas-Grande-del-Mundo-24-300x200.jpg\" alt=\"\" width=\"300\" height=\"200\" srcset=\"https:\/\/dimensionturistica.com\/es\/wp-content\/uploads\/2023\/02\/La-Carne-Asada-mas-Grande-del-Mundo-24-300x200.jpg 300w, https:\/\/dimensionturistica.com\/es\/wp-content\/uploads\/2023\/02\/La-Carne-Asada-mas-Grande-del-Mundo-24-1024x682.jpg 1024w, https:\/\/dimensionturistica.com\/es\/wp-content\/uploads\/2023\/02\/La-Carne-Asada-mas-Grande-del-Mundo-24-768x512.jpg 768w, https:\/\/dimensionturistica.com\/es\/wp-content\/uploads\/2023\/02\/La-Carne-Asada-mas-Grande-del-Mundo-24-1536x1023.jpg 1536w, https:\/\/dimensionturistica.com\/es\/wp-content\/uploads\/2023\/02\/La-Carne-Asada-mas-Grande-del-Mundo-24-750x500.jpg 750w, https:\/\/dimensionturistica.com\/es\/wp-content\/uploads\/2023\/02\/La-Carne-Asada-mas-Grande-del-Mundo-24-1140x760.jpg 1140w, https:\/\/dimensionturistica.com\/es\/wp-content\/uploads\/2023\/02\/La-Carne-Asada-mas-Grande-del-Mundo-24.jpg 1600w\" sizes=\"(max-width: 300px) 100vw, 300px\" \/> gobernador de Sonora, Alfonso Durazo Monta\u00f1o, encabezaron el evento en el que la entidad impuso un nuevo R\u00e9cord Guinness con el mayor n\u00famero de personas asando carne al mismo tiempo, con 2 mil 184 parrilleros; en un ambiente de fiesta, m\u00fasica pero sobre todo sabor, en donde miles de personas m\u00e1s se dieron cita para presenciar el suceso y disfrutar del momento.<br \/>\nAcompa\u00f1ado tambi\u00e9n de la secretaria de Turismo de Sonora, C\u00e9lida L\u00f3pez C\u00e1rdenas; y del alcalde de Hermosillo, Antonio Astiazar\u00e1n Guti\u00e9rrez; el titular de la Secretar\u00eda de Turismo (Sectur) destac\u00f3 que esta nueva marca supera la registrada<img decoding=\"async\" class=\"size-medium wp-image-496609 alignright\" src=\"https:\/\/dimensionturistica.com\/es\/wp-content\/uploads\/2023\/02\/La-Carne-Asada-mas-Grande-del-Mundo-22-300x200.jpg\" alt=\"\" width=\"300\" height=\"200\" srcset=\"https:\/\/dimensionturistica.com\/es\/wp-content\/uploads\/2023\/02\/La-Carne-Asada-mas-Grande-del-Mundo-22-300x200.jpg 300w, https:\/\/dimensionturistica.com\/es\/wp-content\/uploads\/2023\/02\/La-Carne-Asada-mas-Grande-del-Mundo-22-1024x682.jpg 1024w, https:\/\/dimensionturistica.com\/es\/wp-content\/uploads\/2023\/02\/La-Carne-Asada-mas-Grande-del-Mundo-22-768x512.jpg 768w, https:\/\/dimensionturistica.com\/es\/wp-content\/uploads\/2023\/02\/La-Carne-Asada-mas-Grande-del-Mundo-22-1536x1023.jpg 1536w, https:\/\/dimensionturistica.com\/es\/wp-content\/uploads\/2023\/02\/La-Carne-Asada-mas-Grande-del-Mundo-22-750x500.jpg 750w, https:\/\/dimensionturistica.com\/es\/wp-content\/uploads\/2023\/02\/La-Carne-Asada-mas-Grande-del-Mundo-22-1140x760.jpg 1140w, https:\/\/dimensionturistica.com\/es\/wp-content\/uploads\/2023\/02\/La-Carne-Asada-mas-Grande-del-Mundo-22.jpg 1600w\" sizes=\"(max-width: 300px) 100vw, 300px\" \/> en la ciudad de Saint Jean Sur Richelieu, en Canad\u00e1, en donde participaron 914 personas.<br \/>\nLa adjudicadora del Guinness World Records, Susana Reyes, detall\u00f3 los lineamientos cumplidos para alcanzar este reto, que entre otros consisti\u00f3 en el debido registro de participantes que ejecutaran la acci\u00f3n de asar carne al mismo tiempo por al menos cinco minutos.<br \/>\nTorruco Marqu\u00e9s indic\u00f3 que este nuevo r\u00e9cord obtenido proyectar\u00e1 la imagen y gastronom\u00eda de Hermosillo hacia diferentes latitudes del mundo, y brindar\u00e1 la oportunidad de promover tambi\u00e9n otros destinos de Sonora. \u201cAdem\u00e1s, se hace de<img decoding=\"async\" class=\"size-medium wp-image-496604 alignright\" src=\"https:\/\/dimensionturistica.com\/es\/wp-content\/uploads\/2023\/02\/La-Carne-Asada-mas-Grande-del-Mundo-16-300x225.jpg\" alt=\"\" width=\"300\" height=\"225\" srcset=\"https:\/\/dimensionturistica.com\/es\/wp-content\/uploads\/2023\/02\/La-Carne-Asada-mas-Grande-del-Mundo-16-300x225.jpg 300w, https:\/\/dimensionturistica.com\/es\/wp-content\/uploads\/2023\/02\/La-Carne-Asada-mas-Grande-del-Mundo-16-1024x768.jpg 1024w, https:\/\/dimensionturistica.com\/es\/wp-content\/uploads\/2023\/02\/La-Carne-Asada-mas-Grande-del-Mundo-16-768x576.jpg 768w, https:\/\/dimensionturistica.com\/es\/wp-content\/uploads\/2023\/02\/La-Carne-Asada-mas-Grande-del-Mundo-16-1536x1152.jpg 1536w, https:\/\/dimensionturistica.com\/es\/wp-content\/uploads\/2023\/02\/La-Carne-Asada-mas-Grande-del-Mundo-16-750x563.jpg 750w, https:\/\/dimensionturistica.com\/es\/wp-content\/uploads\/2023\/02\/La-Carne-Asada-mas-Grande-del-Mundo-16-1140x855.jpg 1140w, https:\/\/dimensionturistica.com\/es\/wp-content\/uploads\/2023\/02\/La-Carne-Asada-mas-Grande-del-Mundo-16.jpg 1600w\" sizes=\"(max-width: 300px) 100vw, 300px\" \/> la tradici\u00f3n culinaria una causa, destinando los fondos recaudados al apoyo de atletas sonorenses de alto rendimiento que nos representan en el exterior, lo que, definitivamente, le da un valor agregado a la haza\u00f1a de este d\u00eda\u201d, declar\u00f3.<br \/>\nPuntualiz\u00f3 que esta capital norte\u00f1a cuenta ya con dos R\u00e9cords Guinness: \u201cLa Carne Asada m\u00e1s Grande del Mundo\u201d, en 2005; y \u201cLa Raci\u00f3n de Tacos m\u00e1s Grande del Mundo\u201d, en 2015.<br \/>\nRecientemente, en nuestro pa\u00eds hemos presenciado R\u00e9cords Guinness que nos han colocado como \u201cfoco\u201d de atracci\u00f3n tur\u00edstica, entre ellos: \u201cLa Clase de Box m\u00e1s Grande del Mundo\u201d, en la Ciudad de M\u00e9xico, en 2022; \u201cEl Tapete de Aserr\u00edn m\u00e1s<img decoding=\"async\" class=\"size-medium wp-image-496599 alignright\" src=\"https:\/\/dimensionturistica.com\/es\/wp-content\/uploads\/2023\/02\/La-Carne-Asada-mas-Grande-del-Mundo-14-300x200.jpg\" alt=\"\" width=\"300\" height=\"200\" srcset=\"https:\/\/dimensionturistica.com\/es\/wp-content\/uploads\/2023\/02\/La-Carne-Asada-mas-Grande-del-Mundo-14-300x200.jpg 300w, https:\/\/dimensionturistica.com\/es\/wp-content\/uploads\/2023\/02\/La-Carne-Asada-mas-Grande-del-Mundo-14-1024x682.jpg 1024w, https:\/\/dimensionturistica.com\/es\/wp-content\/uploads\/2023\/02\/La-Carne-Asada-mas-Grande-del-Mundo-14-768x512.jpg 768w, https:\/\/dimensionturistica.com\/es\/wp-content\/uploads\/2023\/02\/La-Carne-Asada-mas-Grande-del-Mundo-14-1536x1023.jpg 1536w, https:\/\/dimensionturistica.com\/es\/wp-content\/uploads\/2023\/02\/La-Carne-Asada-mas-Grande-del-Mundo-14-750x500.jpg 750w, https:\/\/dimensionturistica.com\/es\/wp-content\/uploads\/2023\/02\/La-Carne-Asada-mas-Grande-del-Mundo-14-1140x760.jpg 1140w, https:\/\/dimensionturistica.com\/es\/wp-content\/uploads\/2023\/02\/La-Carne-Asada-mas-Grande-del-Mundo-14.jpg 1600w\" sizes=\"(max-width: 300px) 100vw, 300px\" \/> Largo del Mundo\u201d, en Huamantla, Tlaxcala, tambi\u00e9n el a\u00f1o pasado; \u201cLa Ciudad m\u00e1s Conectada del Mundo\u201d, otorgado igualmente a la Ciudad de M\u00e9xico, en 2021; y \u201cLa Montura m\u00e1s Grande del Mundo\u201d, en M\u00fazquiz, Coahuila, en 2019.<br \/>\nEl secretario de Turismo precis\u00f3 que los R\u00e9cord Guinness, importantes acontecimientos respaldados por organizaciones internacionales, brindan la oportunidad de promover a nuestros destinos y permanecer en la mente de potenciales turistas, tanto nacionales como internacionales, y a su vez favorecen la derrama econ\u00f3mica en beneficio de la poblaci\u00f3n local.<br \/>\nFelicit\u00f3 al gobierno de Sonora a trav\u00e9s de la Secretar\u00eda de Turismo estatal, as\u00ed<img decoding=\"async\" class=\"size-medium wp-image-496605 alignright\" src=\"https:\/\/dimensionturistica.com\/es\/wp-content\/uploads\/2023\/02\/La-Carne-Asada-mas-Grande-del-Mundo-17-300x169.jpg\" alt=\"\" width=\"300\" height=\"169\" srcset=\"https:\/\/dimensionturistica.com\/es\/wp-content\/uploads\/2023\/02\/La-Carne-Asada-mas-Grande-del-Mundo-17-300x169.jpg 300w, https:\/\/dimensionturistica.com\/es\/wp-content\/uploads\/2023\/02\/La-Carne-Asada-mas-Grande-del-Mundo-17-1024x576.jpg 1024w, https:\/\/dimensionturistica.com\/es\/wp-content\/uploads\/2023\/02\/La-Carne-Asada-mas-Grande-del-Mundo-17-768x432.jpg 768w, https:\/\/dimensionturistica.com\/es\/wp-content\/uploads\/2023\/02\/La-Carne-Asada-mas-Grande-del-Mundo-17-1536x864.jpg 1536w, https:\/\/dimensionturistica.com\/es\/wp-content\/uploads\/2023\/02\/La-Carne-Asada-mas-Grande-del-Mundo-17-750x422.jpg 750w, https:\/\/dimensionturistica.com\/es\/wp-content\/uploads\/2023\/02\/La-Carne-Asada-mas-Grande-del-Mundo-17-1140x641.jpg 1140w, https:\/\/dimensionturistica.com\/es\/wp-content\/uploads\/2023\/02\/La-Carne-Asada-mas-Grande-del-Mundo-17.jpg 1600w\" sizes=\"(max-width: 300px) 100vw, 300px\" \/> como a la Fundaci\u00f3n Sonorense para el Apoyo del Deporte de Alto Rendimiento, por la organizaci\u00f3n de este gran suceso, que pone en alto a la ciudad de Hermosillo, a Sonora y a M\u00e9xico.<br \/>\n\u201cUnidos, sector p\u00fablico, privado y social, sigamos trabajando con creatividad para que el turismo de nuestro pa\u00eds se reafirme como motor de desarrollo de la econom\u00eda nacional, as\u00ed como fuente de progreso y bienestar social\u201d, enfatiz\u00f3 el titular de Sectur.<br \/>\nEl gobernador de Sonora, Alfonso Durazo Monta\u00f1o, subray\u00f3 que es un honor ser parte de este evento que certifica a nivel internacional a Hermosillo como la capital de la carne asada, pero tambi\u00e9n al estado como productor de la mejor carne de M\u00e9xico.<img decoding=\"async\" class=\"size-medium wp-image-496600 alignright\" src=\"https:\/\/dimensionturistica.com\/es\/wp-content\/uploads\/2023\/02\/La-Carne-Asada-mas-Grande-del-Mundo-15-300x200.jpg\" alt=\"\" width=\"300\" height=\"200\" srcset=\"https:\/\/dimensionturistica.com\/es\/wp-content\/uploads\/2023\/02\/La-Carne-Asada-mas-Grande-del-Mundo-15-300x200.jpg 300w, https:\/\/dimensionturistica.com\/es\/wp-content\/uploads\/2023\/02\/La-Carne-Asada-mas-Grande-del-Mundo-15-1024x682.jpg 1024w, https:\/\/dimensionturistica.com\/es\/wp-content\/uploads\/2023\/02\/La-Carne-Asada-mas-Grande-del-Mundo-15-768x512.jpg 768w, https:\/\/dimensionturistica.com\/es\/wp-content\/uploads\/2023\/02\/La-Carne-Asada-mas-Grande-del-Mundo-15-1536x1023.jpg 1536w, https:\/\/dimensionturistica.com\/es\/wp-content\/uploads\/2023\/02\/La-Carne-Asada-mas-Grande-del-Mundo-15-750x500.jpg 750w, https:\/\/dimensionturistica.com\/es\/wp-content\/uploads\/2023\/02\/La-Carne-Asada-mas-Grande-del-Mundo-15-1140x760.jpg 1140w, https:\/\/dimensionturistica.com\/es\/wp-content\/uploads\/2023\/02\/La-Carne-Asada-mas-Grande-del-Mundo-15.jpg 1600w\" sizes=\"(max-width: 300px) 100vw, 300px\" \/><br \/>\nPuntualiz\u00f3 que este logro es gracias a la suma de esfuerzos de nuestra gente, del gobierno municipal, del estatal y del gobierno federal representado por el secretario de Turismo, Miguel Torruco Marqu\u00e9s.<br \/>\nAgreg\u00f3 que \u201ceste r\u00e9cord que nos da significado a nivel internacional como capital de la carne asada, es un atractivo que representa y genera turismo, y \u00e9ste genera bienestar porque no hay actividad econ\u00f3mica que democratice m\u00e1s el ingreso que el turismo, por eso estamos empe\u00f1ados en ir agregando poco a poco mayores atractivos y mayores opciones tur\u00edsticas aqu\u00ed en la ciudad y en todo el estado\u201d.<br \/>\nEn su oportunidad, el alcalde de Hermosillo Antonio Astiazar\u00e1n Guti\u00e9rrez, se\u00f1al\u00f3: \u201cHoy somos testigos de la generosidad y la empat\u00eda de la solidaridad de las familias hermosillenses hacia la fundaci\u00f3n pero tambi\u00e9n nuestros deportistas.<img decoding=\"async\" class=\"size-medium wp-image-496598 alignright\" src=\"https:\/\/dimensionturistica.com\/es\/wp-content\/uploads\/2023\/02\/La-Carne-Asada-mas-Grande-del-Mundo-13-300x200.jpg\" alt=\"\" width=\"300\" height=\"200\" srcset=\"https:\/\/dimensionturistica.com\/es\/wp-content\/uploads\/2023\/02\/La-Carne-Asada-mas-Grande-del-Mundo-13-300x200.jpg 300w, https:\/\/dimensionturistica.com\/es\/wp-content\/uploads\/2023\/02\/La-Carne-Asada-mas-Grande-del-Mundo-13-1024x682.jpg 1024w, https:\/\/dimensionturistica.com\/es\/wp-content\/uploads\/2023\/02\/La-Carne-Asada-mas-Grande-del-Mundo-13-768x512.jpg 768w, https:\/\/dimensionturistica.com\/es\/wp-content\/uploads\/2023\/02\/La-Carne-Asada-mas-Grande-del-Mundo-13-1536x1023.jpg 1536w, https:\/\/dimensionturistica.com\/es\/wp-content\/uploads\/2023\/02\/La-Carne-Asada-mas-Grande-del-Mundo-13-750x500.jpg 750w, https:\/\/dimensionturistica.com\/es\/wp-content\/uploads\/2023\/02\/La-Carne-Asada-mas-Grande-del-Mundo-13-1140x760.jpg 1140w, https:\/\/dimensionturistica.com\/es\/wp-content\/uploads\/2023\/02\/La-Carne-Asada-mas-Grande-del-Mundo-13.jpg 1600w\" sizes=\"(max-width: 300px) 100vw, 300px\" \/> Recibo esta distinci\u00f3n a nombre de todas y todos ustedes que lo hicieron posible y tuvieron una muestra de lo mucho que se puede lograr. Seguiremos con el gobernador y con el gobierno federal para seguir haciendo de nuestra ciudad, una que brille por la calidez de todas y todos ustedes\u201d.<br \/>\nCon el evento del R\u00e9cord Guinness de la Carne Asada m\u00e1s Grande del Mundo, culmin\u00f3 la gira de trabajo del secretario Miguel Torruco Marqu\u00e9s por el estado de Sonora, en donde se llevaron a cabo acciones para detonar la actividad tur\u00edstica en los diferentes destinos de la entidad, como sus Pueblos M\u00e1gicos: \u00c1lamos y Magdalena de Kino; el nombramiento del Barrio M\u00e1gico de Villa de Seris, en Hermosillo, y Guaymas, en la costa del Mar de Cort\u00e9s.<\/p>\n","protected":false},"excerpt":{"rendered":"<p>El secretario de Turismo del Gobierno de M\u00e9xico, Miguel Torruco Marqu\u00e9s, y el gobernador de Sonora, Alfonso Durazo Monta\u00f1o, encabezaron el evento en el que la entidad impuso un nuevo R\u00e9cord Guinness con el mayor n\u00famero de personas asando carne al mismo tiempo, con 2 mil 184 parrilleros; en un ambiente de fiesta, m\u00fasica pero [&hellip;]<\/p>\n","protected":false},"author":1,"featured_media":496597,"comment_status":"open","ping_status":"closed","sticky":false,"template":"","format":"standard","meta":{"om_disable_all_campaigns":false,"jnews-multi-image_gallery":[],"jnews_single_post":{"source_name":"","source_url":"","via_name":"","via_url":"","override_template":"0","override":[{"template":"1","single_blog_custom":"","parallax":"1","fullscreen":"1","layout":"right-sidebar","sidebar":"default-sidebar","second_sidebar":"default-sidebar","sticky_sidebar":"1","share_position":"top","share_float_style":"share-monocrhome","show_share_counter":"1","show_view_counter":"1","show_featured":"1","show_post_meta":"1","show_post_author":"1","show_post_author_image":"1","show_post_date":"1","post_date_format":"default","post_date_format_custom":"Y\/m\/d","show_post_category":"1","show_post_reading_time":"0","post_reading_time_wpm":"300","show_zoom_button":"0","zoom_button_out_step":"2","zoom_button_in_step":"3","show_post_tag":"1","show_prev_next_post":"1","show_popup_post":"1","number_popup_post":"1","show_author_box":"0","show_post_related":"0","show_inline_post_related":"0"}],"override_image_size":"0","image_override":[{"single_post_thumbnail_size":"crop-500","single_post_gallery_size":"crop-500"}],"trending_post":"0","trending_post_position":"meta","trending_post_label":"Trending","sponsored_post":"0","sponsored_post_label":"Sponsored by","sponsored_post_name":"","sponsored_post_url":"","sponsored_post_logo_enable":"0","sponsored_post_logo":"","sponsored_post_desc":"","disable_ad":"0"},"jnews_primary_category":{"id":"","hide":""},"jnews_social_meta":{"fb_title":"","fb_description":"","fb_image":"","twitter_title":"","twitter_description":"","twitter_image":""},"footnotes":""},"categories":[43],"tags":[],"class_list":["post-496596","post","type-post","status-publish","format-standard","has-post-thumbnail","hentry","category-gourmet"],"_links":{"self":[{"href":"https:\/\/dimensionturistica.com\/es\/wp-json\/wp\/v2\/posts\/496596","targetHints":{"allow":["GET"]}}],"collection":[{"href":"https:\/\/dimensionturistica.com\/es\/wp-json\/wp\/v2\/posts"}],"about":[{"href":"https:\/\/dimensionturistica.com\/es\/wp-json\/wp\/v2\/types\/post"}],"author":[{"embeddable":true,"href":"https:\/\/dimensionturistica.com\/es\/wp-json\/wp\/v2\/users\/1"}],"replies":[{"embeddable":true,"href":"https:\/\/dimensionturistica.com\/es\/wp-json\/wp\/v2\/comments?post=496596"}],"version-history":[{"count":0,"href":"https:\/\/dimensionturistica.com\/es\/wp-json\/wp\/v2\/posts\/496596\/revisions"}],"wp:featuredmedia":[{"embeddable":true,"href":"https:\/\/dimensionturistica.com\/es\/wp-json\/wp\/v2\/media\/496597"}],"wp:attachment":[{"href":"https:\/\/dimensionturistica.com\/es\/wp-json\/wp\/v2\/media?parent=496596"}],"wp:term":[{"taxonomy":"category","embeddable":true,"href":"https:\/\/dimensionturistica.com\/es\/wp-json\/wp\/v2\/categories?post=496596"},{"taxonomy":"post_tag","embeddable":true,"href":"https:\/\/dimensionturistica.com\/es\/wp-json\/wp\/v2\/tags?post=496596"}],"curies":[{"name":"wp","href":"https:\/\/api.w.org\/{rel}","templated":true}]}}