{"id":496233,"date":"2023-02-26T22:45:05","date_gmt":"2023-02-26T22:45:05","guid":{"rendered":"https:\/\/dimensionturistica.com\/es\/?p=496233"},"modified":"2023-02-26T22:45:05","modified_gmt":"2023-02-26T22:45:05","slug":"496233-2","status":"publish","type":"post","link":"https:\/\/dimensionturistica.com\/es\/496233-2\/","title":{"rendered":""},"content":{"rendered":"<p>HotelDO presenta su atractiva oferta de productos durante los eventos de la<br \/>\nAsociaci\u00f3n de Mercadotecnia y Ejecutivos de Ventas de la Hospitalidad<\/p>\n<p>&nbsp;<\/p>\n<p>Canc\u00fan, Quintana Roo a 22 de febrero de 2023.- HotelDO, la empresa B2B de viajes l\u00edder en Latinoam\u00e9rica, con 20 a\u00f1os de experiencia en el mercado, da a conocer que participar\u00e1 activamente en los eventos organizados por la Asociaci\u00f3n de Mercadotecnia y Ejecutivos de Ventas de la Hospitalidad en este 2023, a fin de exponer a los agentes de viajes asistentes las herramientas digitales que HotelDO les ofrece y los beneficios que les brinda a ellos y a sus clientes.<img decoding=\"async\" class=\" wp-image-496235 alignright\" src=\"https:\/\/dimensionturistica.com\/es\/wp-content\/uploads\/2023\/02\/HOTELEDO-300x65.png\" alt=\"\" width=\"642\" height=\"139\" srcset=\"https:\/\/dimensionturistica.com\/es\/wp-content\/uploads\/2023\/02\/HOTELEDO-300x65.png 300w, https:\/\/dimensionturistica.com\/es\/wp-content\/uploads\/2023\/02\/HOTELEDO.png 426w\" sizes=\"(max-width: 642px) 100vw, 642px\" \/><br \/>\nComo desde hace 57 a\u00f1os, la AMEVH organiza una serie de eventos que incluyen un desayuno, un trade show y una serie de presentaciones de las empresas asociadas participantes, dirigidas a un p\u00fablico integrado por reconocidos agentes de viajes.<br \/>\n\u201cPara HotelDO es un gusto ser parte de los m\u00e1s de 20 eventos organizados por la AMEVH en las principales ciudades y destinos tur\u00edsticos de M\u00e9xico. En cada evento tendremos la oportunidad de prospectar nuevos clientes y presentar los productos de HotelDO, dentro de los que destacan miles de opciones de hospedaje y actividades, con tarifas din\u00e1micas y disponibilidad confirmada al momento de reservar\u201d, coment\u00f3 Alejandro Torres, Director Comercial Minorista de HotelDO M\u00e9xico.<br \/>\nEl agente de viajes necesita ventajas competitivas para mantener y atraer clientes, as\u00ed como de generar m\u00e1s y mejores ventas. En este sentido, HotelDO es la herramienta perfecta para los profesionales de la industria tur\u00edstica que quieren hacer crecer su negocio, con el respaldo de la empresa l\u00edder en el sector.<\/p>\n","protected":false},"excerpt":{"rendered":"<p>HotelDO presenta su atractiva oferta de productos durante los eventos de la Asociaci\u00f3n de Mercadotecnia y Ejecutivos de Ventas de la Hospitalidad &nbsp; Canc\u00fan, Quintana Roo a 22 de febrero de 2023.- HotelDO, la empresa B2B de viajes l\u00edder en Latinoam\u00e9rica, con 20 a\u00f1os de experiencia en el mercado, da a conocer que participar\u00e1 activamente [&hellip;]<\/p>\n","protected":false},"author":1,"featured_media":496234,"comment_status":"open","ping_status":"closed","sticky":false,"template":"","format":"standard","meta":{"om_disable_all_campaigns":false,"jnews-multi-image_gallery":[],"jnews_single_post":{"source_name":"","source_url":"","via_name":"","via_url":"","override_template":"0","override":[{"template":"1","single_blog_custom":"","parallax":"1","fullscreen":"1","layout":"right-sidebar","sidebar":"default-sidebar","second_sidebar":"default-sidebar","sticky_sidebar":"1","share_position":"top","share_float_style":"share-monocrhome","show_share_counter":"1","show_view_counter":"1","show_featured":"1","show_post_meta":"1","show_post_author":"1","show_post_author_image":"1","show_post_date":"1","post_date_format":"default","post_date_format_custom":"Y\/m\/d","show_post_category":"1","show_post_reading_time":"0","post_reading_time_wpm":"300","show_zoom_button":"0","zoom_button_out_step":"2","zoom_button_in_step":"3","show_post_tag":"1","show_prev_next_post":"1","show_popup_post":"1","number_popup_post":"1","show_author_box":"0","show_post_related":"0","show_inline_post_related":"0"}],"override_image_size":"0","image_override":[{"single_post_thumbnail_size":"crop-500","single_post_gallery_size":"crop-500"}],"trending_post":"0","trending_post_position":"meta","trending_post_label":"Trending","sponsored_post":"0","sponsored_post_label":"Sponsored by","sponsored_post_name":"","sponsored_post_url":"","sponsored_post_logo_enable":"0","sponsored_post_logo":"","sponsored_post_desc":"","disable_ad":"0"},"jnews_primary_category":{"id":"","hide":""},"jnews_social_meta":{"fb_title":"","fb_description":"","fb_image":"","twitter_title":"","twitter_description":"","twitter_image":""},"footnotes":""},"categories":[39],"tags":[],"class_list":["post-496233","post","type-post","status-publish","format-standard","has-post-thumbnail","hentry","category-viajes"],"_links":{"self":[{"href":"https:\/\/dimensionturistica.com\/es\/wp-json\/wp\/v2\/posts\/496233","targetHints":{"allow":["GET"]}}],"collection":[{"href":"https:\/\/dimensionturistica.com\/es\/wp-json\/wp\/v2\/posts"}],"about":[{"href":"https:\/\/dimensionturistica.com\/es\/wp-json\/wp\/v2\/types\/post"}],"author":[{"embeddable":true,"href":"https:\/\/dimensionturistica.com\/es\/wp-json\/wp\/v2\/users\/1"}],"replies":[{"embeddable":true,"href":"https:\/\/dimensionturistica.com\/es\/wp-json\/wp\/v2\/comments?post=496233"}],"version-history":[{"count":0,"href":"https:\/\/dimensionturistica.com\/es\/wp-json\/wp\/v2\/posts\/496233\/revisions"}],"wp:featuredmedia":[{"embeddable":true,"href":"https:\/\/dimensionturistica.com\/es\/wp-json\/wp\/v2\/media\/496234"}],"wp:attachment":[{"href":"https:\/\/dimensionturistica.com\/es\/wp-json\/wp\/v2\/media?parent=496233"}],"wp:term":[{"taxonomy":"category","embeddable":true,"href":"https:\/\/dimensionturistica.com\/es\/wp-json\/wp\/v2\/categories?post=496233"},{"taxonomy":"post_tag","embeddable":true,"href":"https:\/\/dimensionturistica.com\/es\/wp-json\/wp\/v2\/tags?post=496233"}],"curies":[{"name":"wp","href":"https:\/\/api.w.org\/{rel}","templated":true}]}}