{"id":496187,"date":"2023-02-26T22:01:57","date_gmt":"2023-02-26T22:01:57","guid":{"rendered":"https:\/\/dimensionturistica.com\/es\/?p=496187"},"modified":"2023-02-26T22:03:25","modified_gmt":"2023-02-26T22:03:25","slug":"dhl-express-incrementa-su-flotilla-electrica-con-la-incorporacion-de-100-vehiculos-ford-e-transit-de-la-mano-de-grupo-andrade","status":"publish","type":"post","link":"https:\/\/dimensionturistica.com\/es\/dhl-express-incrementa-su-flotilla-electrica-con-la-incorporacion-de-100-vehiculos-ford-e-transit-de-la-mano-de-grupo-andrade\/","title":{"rendered":"DHL Express incrementa su flotilla el\u00e9ctrica con la incorporaci\u00f3n de 100 veh\u00edculos Ford E-Transit de la mano de Grupo Andrade"},"content":{"rendered":"<p>DHL Express M\u00e9xico, el proveedor mundial l\u00edder en env\u00edos expr\u00e9s y log\u00edstica, en alianza con Grupo Andrade, firma consolidada en distribuci\u00f3n automotriz y administradores de flotillas a nivel nacional, anunciaron la incorporaci\u00f3n de 100 vanes Ford E-Transit totalmente el\u00e9ctricas para incrementar la flota sustentable de DHL.<br \/>\nLa Ford E-Transit es el primer veh\u00edculo de la Familia de El\u00e9ctricos de Ford de M\u00e9xico y cuenta con la tecnolog\u00eda para maximizar la productividad, manteniendo la fuerza y capacidad que caracterizan a los veh\u00edculos comerciales Ford. Es la<img decoding=\"async\" class=\"size-medium wp-image-496188 alignright\" src=\"https:\/\/dimensionturistica.com\/es\/wp-content\/uploads\/2023\/02\/Interior-300x225.jpg\" alt=\"\" width=\"300\" height=\"225\" srcset=\"https:\/\/dimensionturistica.com\/es\/wp-content\/uploads\/2023\/02\/Interior-300x225.jpg 300w, https:\/\/dimensionturistica.com\/es\/wp-content\/uploads\/2023\/02\/Interior-1024x768.jpg 1024w, https:\/\/dimensionturistica.com\/es\/wp-content\/uploads\/2023\/02\/Interior-768x576.jpg 768w, https:\/\/dimensionturistica.com\/es\/wp-content\/uploads\/2023\/02\/Interior-1536x1152.jpg 1536w, https:\/\/dimensionturistica.com\/es\/wp-content\/uploads\/2023\/02\/Interior-750x563.jpg 750w, https:\/\/dimensionturistica.com\/es\/wp-content\/uploads\/2023\/02\/Interior-1140x855.jpg 1140w, https:\/\/dimensionturistica.com\/es\/wp-content\/uploads\/2023\/02\/Interior.jpg 1600w\" sizes=\"(max-width: 300px) 100vw, 300px\" \/> primera van 100% el\u00e9ctrica que la armadora introduce al mercado mexicano para cubrir las necesidades de transportistas o negocios dedicados a atender la \u00faltima milla y a emprendedores.<br \/>\nPara DHL, esta adquisici\u00f3n forma parte de la estrategia GoGreen que se ha trazado desde hace varios a\u00f1os a nivel global para lograr la meta de ser totalmente neta en emisiones de carbono para 2050. La inversi\u00f3n realizada por DHL Express M\u00e9xico en estas nuevas vanes ronda en los 9 millones de d\u00f3lares, con ello busca seguir incrementando su flota de veh\u00edculos el\u00e9ctricos para contribuir con el ecosistema y agilizar todos sus procesos de env\u00edo a lo largo del pa\u00eds.<br \/>\n\u201cNuestro objetivo es optar por una log\u00edstica sustentable y de vanguardia, desde 2017 DHL anunci\u00f3 la meta de generar 0 emisiones de carbono netas para el 2050, por ello, nos complace de sobremanera el compromiso de Ford Motor Company con la innovaci\u00f3n y la tecnolog\u00eda enfocada en la productividad ecol\u00f3gica en el modelo Ford E-Transit. Gracias al apoyo comercial de nuestros socios y amigos de Grupo Andrade, hoy sumamos 100 veh\u00edculos a nuestra flotilla libre de CO2\u201d, se\u00f1al\u00f3 Antonio Arranz, CEO de DHL Express M\u00e9xico.<br \/>\nCon la integraci\u00f3n de las nuevas vanes, la compa\u00f1\u00eda cuenta actualmente con un conjunto de 170 unidades 100% sustentables y amigables con el medio ambiente.<br \/>\nLa nueva Ford E-Transit ofrece ventajas en la movilidad sustentable gracias a los costos de mantenimiento de los motores el\u00e9ctricos que son menores a los de combusti\u00f3n interna, al no contar con partes m\u00f3viles como bombas y v\u00e1lvulas, o con fluidos que deben cambiarse frecuentemente. Adem\u00e1s, gracias al menor desgaste, la durabilidad se extiende, mejorando la eficiencia y vida del motor.<br \/>\nSe suministra de energ\u00eda a partir de una bater\u00eda de Ion Litio\/198 kWh<img decoding=\"async\" class=\"size-medium wp-image-496190 alignright\" src=\"https:\/\/dimensionturistica.com\/es\/wp-content\/uploads\/2023\/02\/DHLKSJ-225x300.jpg\" alt=\"\" width=\"225\" height=\"300\" srcset=\"https:\/\/dimensionturistica.com\/es\/wp-content\/uploads\/2023\/02\/DHLKSJ-225x300.jpg 225w, https:\/\/dimensionturistica.com\/es\/wp-content\/uploads\/2023\/02\/DHLKSJ.jpg 600w\" sizes=\"(max-width: 225px) 100vw, 225px\" \/> directamente en la cama del chasis, que aporta una potencia de 266 HP y 317 lb-pie de Torque. Con una autonom\u00eda de hasta 200 km, maximiza los recursos al eliminar la necesidad de parar en gasolineras y al utilizar menos energ\u00eda en el tr\u00e1fico urbano intermitente.<br \/>\nAl ser un veh\u00edculo cero emisiones, la Ford E-Transit podr\u00e1 operar donde los motores de combusti\u00f3n interna no pueden como en interiores y \u00e1reas con ventilaci\u00f3n limitada; reduciendo la huella de carbono en el medio ambiente.<br \/>\nDurante el evento de entrega conmemorativa de estas unidades, celebrado en las instalaciones de Grupo Andrade en Iztapalapa, \u00c1ngel Mieres Zimmermann, presidente ejecutivo de Grupo Andrade, destac\u00f3 que: \u201cComo sus aliados, estamos orgullosos y aplaudimos la iniciativa de DHL, que con firmeza y una estrategia s\u00f3lida, aborda la movilidad el\u00e9ctrica con el objetivo de contribuir a las necesidades que el futuro nos demanda\u201d.<br \/>\nEn los \u00faltimos tres a\u00f1os DHL Express M\u00e9xico ha invertido m\u00e1s de 13 millones de d\u00f3lares para incorporar paulatinamente autos el\u00e9ctricos a su flota vehicular.<br \/>\nEn 2020, incorpor\u00f3 su primera flotilla el\u00e9ctrica con 20 unidades Kangoo Z.E., y en 2021 triplic\u00f3 ese n\u00famero con la inclusi\u00f3n de 50 camionetas Renault Master E-TECH El\u00e9ctrico para tener 70 veh\u00edculos sustentables. En este 2023, la adquisici\u00f3n de las 100 vanes Ford E-Transit suman un total de 170 unidades no contaminantes. Aunado a ello DHL Express M\u00e9xico cuenta con m\u00e1s rutas en bicicletas y walking routes con mensajeros que hacen entregas en zonas de dif\u00edcil acceso y se suman a la mitigaci\u00f3n de emisiones de carbono.<\/p>\n<p>&nbsp;<\/p>\n","protected":false},"excerpt":{"rendered":"<p>DHL Express M\u00e9xico, el proveedor mundial l\u00edder en env\u00edos expr\u00e9s y log\u00edstica, en alianza con Grupo Andrade, firma consolidada en distribuci\u00f3n automotriz y administradores de flotillas a nivel nacional, anunciaron la incorporaci\u00f3n de 100 vanes Ford E-Transit totalmente el\u00e9ctricas para incrementar la flota sustentable de DHL. La Ford E-Transit es el primer veh\u00edculo de la [&hellip;]<\/p>\n","protected":false},"author":1,"featured_media":496189,"comment_status":"open","ping_status":"closed","sticky":false,"template":"","format":"standard","meta":{"om_disable_all_campaigns":false,"jnews-multi-image_gallery":[],"jnews_single_post":{"source_name":"","source_url":"","via_name":"","via_url":"","override_template":"0","override":[{"template":"1","single_blog_custom":"","parallax":"1","fullscreen":"1","layout":"right-sidebar","sidebar":"default-sidebar","second_sidebar":"default-sidebar","sticky_sidebar":"1","share_position":"top","share_float_style":"share-monocrhome","show_share_counter":"1","show_view_counter":"1","show_featured":"1","show_post_meta":"1","show_post_author":"1","show_post_author_image":"1","show_post_date":"1","post_date_format":"default","post_date_format_custom":"Y\/m\/d","show_post_category":"1","show_post_reading_time":"0","post_reading_time_wpm":"300","show_zoom_button":"0","zoom_button_out_step":"2","zoom_button_in_step":"3","show_post_tag":"1","show_prev_next_post":"1","show_popup_post":"1","number_popup_post":"1","show_author_box":"0","show_post_related":"0","show_inline_post_related":"0"}],"override_image_size":"0","image_override":[{"single_post_thumbnail_size":"crop-500","single_post_gallery_size":"crop-500"}],"trending_post":"0","trending_post_position":"meta","trending_post_label":"Trending","sponsored_post":"0","sponsored_post_label":"Sponsored by","sponsored_post_name":"","sponsored_post_url":"","sponsored_post_logo_enable":"0","sponsored_post_logo":"","sponsored_post_desc":"","disable_ad":"0"},"jnews_primary_category":{"id":"","hide":""},"jnews_social_meta":{"fb_title":"","fb_description":"","fb_image":"","twitter_title":"","twitter_description":"","twitter_image":""},"footnotes":""},"categories":[39],"tags":[],"class_list":["post-496187","post","type-post","status-publish","format-standard","has-post-thumbnail","hentry","category-viajes"],"_links":{"self":[{"href":"https:\/\/dimensionturistica.com\/es\/wp-json\/wp\/v2\/posts\/496187","targetHints":{"allow":["GET"]}}],"collection":[{"href":"https:\/\/dimensionturistica.com\/es\/wp-json\/wp\/v2\/posts"}],"about":[{"href":"https:\/\/dimensionturistica.com\/es\/wp-json\/wp\/v2\/types\/post"}],"author":[{"embeddable":true,"href":"https:\/\/dimensionturistica.com\/es\/wp-json\/wp\/v2\/users\/1"}],"replies":[{"embeddable":true,"href":"https:\/\/dimensionturistica.com\/es\/wp-json\/wp\/v2\/comments?post=496187"}],"version-history":[{"count":0,"href":"https:\/\/dimensionturistica.com\/es\/wp-json\/wp\/v2\/posts\/496187\/revisions"}],"wp:featuredmedia":[{"embeddable":true,"href":"https:\/\/dimensionturistica.com\/es\/wp-json\/wp\/v2\/media\/496189"}],"wp:attachment":[{"href":"https:\/\/dimensionturistica.com\/es\/wp-json\/wp\/v2\/media?parent=496187"}],"wp:term":[{"taxonomy":"category","embeddable":true,"href":"https:\/\/dimensionturistica.com\/es\/wp-json\/wp\/v2\/categories?post=496187"},{"taxonomy":"post_tag","embeddable":true,"href":"https:\/\/dimensionturistica.com\/es\/wp-json\/wp\/v2\/tags?post=496187"}],"curies":[{"name":"wp","href":"https:\/\/api.w.org\/{rel}","templated":true}]}}