{"id":496156,"date":"2023-02-26T21:29:20","date_gmt":"2023-02-26T21:29:20","guid":{"rendered":"https:\/\/dimensionturistica.com\/es\/?p=496156"},"modified":"2023-02-26T21:29:20","modified_gmt":"2023-02-26T21:29:20","slug":"se-realizara-en-el-mes-de-marzo-la-feria-del-toro-en-tequisquiapan-queretaro","status":"publish","type":"post","link":"https:\/\/dimensionturistica.com\/es\/se-realizara-en-el-mes-de-marzo-la-feria-del-toro-en-tequisquiapan-queretaro\/","title":{"rendered":"Se realizara en el mes de marzo La Feria del Toro en Tequisquiapan, Quer\u00e9taro"},"content":{"rendered":"<p>El municipio de Tequisquiapan, Quer\u00e9taro, se cambiar\u00e1 en el escenario taurino m\u00e1s importante del pa\u00eds gracias al retorno, tras dos a\u00f1os de pandemia, de la Feria del Toro 2023 que se desarrollar\u00e1 en el Pueblo M\u00e1gico durante los dos primeros fines de semana de marzo.<br \/>\nDurante la presentacion , el alcalde Antonio Mej\u00eda Lira registr\u00f3 que, hist\u00f3ricamente, Tequisquiapan es un municipio que se caracteriza por la crianza de los astados, por lo que tambi\u00e9n se trata de retomar las tradiciones que forjaron al municipio.<br \/>\nAsegur\u00f3 que los prestadores de servicios est\u00e1n listos para recibir las millas de<img decoding=\"async\" class=\" wp-image-496173 alignright\" src=\"https:\/\/dimensionturistica.com\/es\/wp-content\/uploads\/2023\/02\/TORO1NPO-300x200.jpg\" alt=\"\" width=\"641\" height=\"427\" srcset=\"https:\/\/dimensionturistica.com\/es\/wp-content\/uploads\/2023\/02\/TORO1NPO-300x200.jpg 300w, https:\/\/dimensionturistica.com\/es\/wp-content\/uploads\/2023\/02\/TORO1NPO.jpg 600w\" sizes=\"(max-width: 641px) 100vw, 641px\" \/> visitantes que participar\u00e1n en eventos culturales y art\u00edsticos de primer nivel, adem\u00e1s del atractivo de la fiesta brava.<br \/>\nSe\u00f1al\u00f3 que la Feria del Toro permitir\u00e1 la reactivaci\u00f3n econ\u00f3mica de los diferentes prestadores de servicios, y permitir\u00e1 que los paseantes conozcan las bondades de esta tierra que se caracterizan por su paz social y valores familiares.<br \/>\nLas actividades se desarrollar\u00e1n en el Jard\u00edn del Arte, la Plaza de Santa Cecilia, el Jard\u00edn Principal, en las calles del primer cuadro de la ciudad, as\u00ed como en la plaza de toros.<br \/>\n\u201cEs una feria que se antoja como un espacio muy importante para el esparcimiento y la recreaci\u00f3n de todos los gustos. Habr\u00e1 actividades art\u00edsticas y culturales. Vamos a iniciar el d\u00eda 3 de marzo con una cabalgata con manolas, con carretas en las calles principales del municipio y tendremos la inauguraci\u00f3n con Flans y Pandora en el Jard\u00edn Principal, es un evento con muchos contrastes\u201d, detall\u00f3.<br \/>\nEl presidente municipal de Tequisquiapan registr\u00f3 que el Pueblo M\u00e1gico, adem\u00e1s de contar con buena seguridad, tambi\u00e9n obtuvo el premio Wellness como mejor destino a nivel nacional.<br \/>\nDurante la rueda de prensa estuvo tambi\u00e9n presente el representante del Patronato Taurino y de las Fiestas de Tequisquiapan, Flavio Ram\u00edrez L\u00f3pez; el empresario taurino, Juli\u00e1n Hamdam, la directora de Turismo Janet Lozada, as\u00ed como el comentarista y especialista taurino Heriberto Murrieta.<\/p>\n<p>&nbsp;<\/p>\n<p>&nbsp;<\/p>\n<p>&nbsp;<\/p>\n<p>Conferencia de prensa del Municipio de Tequisquiapan y del Patronato Taurino y de las Fiestas de Tequisquiapan<\/p>\n","protected":false},"excerpt":{"rendered":"<p>El municipio de Tequisquiapan, Quer\u00e9taro, se cambiar\u00e1 en el escenario taurino m\u00e1s importante del pa\u00eds gracias al retorno, tras dos a\u00f1os de pandemia, de la Feria del Toro 2023 que se desarrollar\u00e1 en el Pueblo M\u00e1gico durante los dos primeros fines de semana de marzo. Durante la presentacion , el alcalde Antonio Mej\u00eda Lira registr\u00f3 [&hellip;]<\/p>\n","protected":false},"author":1,"featured_media":496172,"comment_status":"open","ping_status":"closed","sticky":false,"template":"","format":"standard","meta":{"om_disable_all_campaigns":false,"jnews-multi-image_gallery":[],"jnews_single_post":{"source_name":"","source_url":"","via_name":"","via_url":"","override_template":"0","override":[{"template":"1","single_blog_custom":"","parallax":"1","fullscreen":"1","layout":"right-sidebar","sidebar":"default-sidebar","second_sidebar":"default-sidebar","sticky_sidebar":"1","share_position":"top","share_float_style":"share-monocrhome","show_share_counter":"1","show_view_counter":"1","show_featured":"1","show_post_meta":"1","show_post_author":"1","show_post_author_image":"1","show_post_date":"1","post_date_format":"default","post_date_format_custom":"Y\/m\/d","show_post_category":"1","show_post_reading_time":"0","post_reading_time_wpm":"300","show_zoom_button":"0","zoom_button_out_step":"2","zoom_button_in_step":"3","show_post_tag":"1","show_prev_next_post":"1","show_popup_post":"1","number_popup_post":"1","show_author_box":"0","show_post_related":"0","show_inline_post_related":"0"}],"override_image_size":"0","image_override":[{"single_post_thumbnail_size":"crop-500","single_post_gallery_size":"crop-500"}],"trending_post":"0","trending_post_position":"meta","trending_post_label":"Trending","sponsored_post":"0","sponsored_post_label":"Sponsored by","sponsored_post_name":"","sponsored_post_url":"","sponsored_post_logo_enable":"0","sponsored_post_logo":"","sponsored_post_desc":"","disable_ad":"0"},"jnews_primary_category":{"id":"","hide":""},"jnews_social_meta":{"fb_title":"","fb_description":"","fb_image":"","twitter_title":"","twitter_description":"","twitter_image":""},"footnotes":""},"categories":[43],"tags":[],"class_list":["post-496156","post","type-post","status-publish","format-standard","has-post-thumbnail","hentry","category-gourmet"],"_links":{"self":[{"href":"https:\/\/dimensionturistica.com\/es\/wp-json\/wp\/v2\/posts\/496156","targetHints":{"allow":["GET"]}}],"collection":[{"href":"https:\/\/dimensionturistica.com\/es\/wp-json\/wp\/v2\/posts"}],"about":[{"href":"https:\/\/dimensionturistica.com\/es\/wp-json\/wp\/v2\/types\/post"}],"author":[{"embeddable":true,"href":"https:\/\/dimensionturistica.com\/es\/wp-json\/wp\/v2\/users\/1"}],"replies":[{"embeddable":true,"href":"https:\/\/dimensionturistica.com\/es\/wp-json\/wp\/v2\/comments?post=496156"}],"version-history":[{"count":0,"href":"https:\/\/dimensionturistica.com\/es\/wp-json\/wp\/v2\/posts\/496156\/revisions"}],"wp:featuredmedia":[{"embeddable":true,"href":"https:\/\/dimensionturistica.com\/es\/wp-json\/wp\/v2\/media\/496172"}],"wp:attachment":[{"href":"https:\/\/dimensionturistica.com\/es\/wp-json\/wp\/v2\/media?parent=496156"}],"wp:term":[{"taxonomy":"category","embeddable":true,"href":"https:\/\/dimensionturistica.com\/es\/wp-json\/wp\/v2\/categories?post=496156"},{"taxonomy":"post_tag","embeddable":true,"href":"https:\/\/dimensionturistica.com\/es\/wp-json\/wp\/v2\/tags?post=496156"}],"curies":[{"name":"wp","href":"https:\/\/api.w.org\/{rel}","templated":true}]}}