{"id":496067,"date":"2023-02-26T17:19:54","date_gmt":"2023-02-26T17:19:54","guid":{"rendered":"https:\/\/dimensionturistica.com\/es\/?p=496067"},"modified":"2023-02-26T17:19:54","modified_gmt":"2023-02-26T17:19:54","slug":"posiciona-yucatan-su-oferta-turistica-en-el-mercado-suramericano","status":"publish","type":"post","link":"https:\/\/dimensionturistica.com\/es\/posiciona-yucatan-su-oferta-turistica-en-el-mercado-suramericano\/","title":{"rendered":"Posiciona Yucat\u00e1n su oferta tur\u00edstica en el mercado suramericano"},"content":{"rendered":"<p><img decoding=\"async\" class=\"size-medium wp-image-496071 alignleft\" src=\"https:\/\/dimensionturistica.com\/es\/wp-content\/uploads\/2023\/02\/unnamed-29-300x225.jpg\" alt=\"\" width=\"300\" height=\"225\" srcset=\"https:\/\/dimensionturistica.com\/es\/wp-content\/uploads\/2023\/02\/unnamed-29-300x225.jpg 300w, https:\/\/dimensionturistica.com\/es\/wp-content\/uploads\/2023\/02\/unnamed-29-1024x768.jpg 1024w, https:\/\/dimensionturistica.com\/es\/wp-content\/uploads\/2023\/02\/unnamed-29-768x576.jpg 768w, https:\/\/dimensionturistica.com\/es\/wp-content\/uploads\/2023\/02\/unnamed-29-750x563.jpg 750w, https:\/\/dimensionturistica.com\/es\/wp-content\/uploads\/2023\/02\/unnamed-29-1140x855.jpg 1140w, https:\/\/dimensionturistica.com\/es\/wp-content\/uploads\/2023\/02\/unnamed-29.jpg 1200w\" sizes=\"(max-width: 300px) 100vw, 300px\" \/>El pasado mi\u00e9rcoles 22 de febrero, dio inicio la edici\u00f3n 42 de la Feria de Turismo de la Asociaci\u00f3n Colombiana de Agencias de Viajes y Turismo \u2013 ANATO, en la capital colombiana, que cont\u00f3 con la participaci\u00f3n especial de Yucat\u00e1n en la inauguraci\u00f3n.<br \/>\nContinuando con la encomienda del Gobernador Mauricio Vila Dosal par el posicionamiento de Yucat\u00e1n en los diferentes mercados internacionales, a trav\u00e9s de la subsecretar\u00eda de Promoci\u00f3n e Inteligencia de Mercados y la Direcci\u00f3n de Ferias Especializadas de la Secretar\u00eda de Fomento Tur\u00edstico del Estado (Sefotur), se encuentra trabajando en la promoci\u00f3n y posicionamiento de la entidad como un destino \u00fanico, gracias a su extraordinaria oferta de productos y servicios tur\u00edsticos, infraestructura y conectividad a\u00e9rea, mar\u00edtima y terrestre, que ofrece a los viajeros la oportunidad de disfrutar una amplia gama de experiencias en los diferentes segmentos, como el gastron\u00f3mico, cultural, sol y playa, arqueol\u00f3gico, reuniones y romance, entre otros.<br \/>\nHasta hoy, en dos d\u00edas de arduo trabajo y previo a que la Feria de por concluida, la comitiva de Sefotur ha atendido m\u00e1s de 140 citas de negocio y presentaci\u00f3n de la oferta tur\u00edstica de Yucat\u00e1n con agencias mayoristas de Bogot\u00e1, Medell\u00edn, Cali, la Costa Atl\u00e1ntica y la zona cafetera de Colombia; as\u00ed como tambi\u00e9n de Buenos<img decoding=\"async\" class=\"size-medium wp-image-496069 alignright\" src=\"https:\/\/dimensionturistica.com\/es\/wp-content\/uploads\/2023\/02\/unnamed-2-12-300x225.jpg\" alt=\"\" width=\"300\" height=\"225\" srcset=\"https:\/\/dimensionturistica.com\/es\/wp-content\/uploads\/2023\/02\/unnamed-2-12-300x225.jpg 300w, https:\/\/dimensionturistica.com\/es\/wp-content\/uploads\/2023\/02\/unnamed-2-12-1024x768.jpg 1024w, https:\/\/dimensionturistica.com\/es\/wp-content\/uploads\/2023\/02\/unnamed-2-12-768x576.jpg 768w, https:\/\/dimensionturistica.com\/es\/wp-content\/uploads\/2023\/02\/unnamed-2-12-750x563.jpg 750w, https:\/\/dimensionturistica.com\/es\/wp-content\/uploads\/2023\/02\/unnamed-2-12-1140x855.jpg 1140w, https:\/\/dimensionturistica.com\/es\/wp-content\/uploads\/2023\/02\/unnamed-2-12.jpg 1200w\" sizes=\"(max-width: 300px) 100vw, 300px\" \/> Aires, S\u00e3o Paulo, Brasil\u00eda, Lima y Quito.<br \/>\nTambi\u00e9n, durante este encuentro especializado, Yucat\u00e1n tambi\u00e9n llev\u00f3 a cabo reuniones con las \u00e1reas comerciales, de holidays y vacation, de las aerol\u00edneas Avianca, Viva Aerobus, Copa Airlines, Volaris y Aerom\u00e9xico de Colombia y Panam\u00e1.<br \/>\nAunado a estas actividades y de manera previa, se llev\u00f3 a cabo una gira en algunos de los principales medios de comunicaci\u00f3n en Bogot\u00e1, como Cadena Caracol, Cada editorial El Tiempo, Casa editorial El Espectador y W radio, para fortalecer la promoci\u00f3n de Yucat\u00e1n ante el mercado colombiano destacando las bondades de Yucat\u00e1n y de toda su variedad de destinos de identidad \u00fanica e inigualable, como uno de los destinos emergentes que m\u00e1s atenci\u00f3n e inter\u00e9s ha despertado en diversos mercados de Colombia, Per\u00fa, Bolivia. Argentina, Ecuador y Brasil.<br \/>\nDesde 1982 que dio inicio, esta feria de turismo se ha convertido en una de las m\u00e1s importantes de Suram\u00e9rica. Desde comienzos de los a\u00f1os 90, Bogot\u00e1 se convirti\u00f3 en la sede principal que acoger\u00eda anualmente a diferentes profesionales entre expositores y visitantes a la Vitrina Tur\u00edstica, que actualmente se lleva a cabo en el Centro Internacional de Negocios y Exposiciones \u2013 Corferias, como punto de encuentro donde todos los sectores del turismo como las aerol\u00edneas, hoteleros,<img decoding=\"async\" class=\"size-medium wp-image-496068 alignright\" src=\"https:\/\/dimensionturistica.com\/es\/wp-content\/uploads\/2023\/02\/unnamed-1-19-300x225.jpg\" alt=\"\" width=\"300\" height=\"225\" srcset=\"https:\/\/dimensionturistica.com\/es\/wp-content\/uploads\/2023\/02\/unnamed-1-19-300x225.jpg 300w, https:\/\/dimensionturistica.com\/es\/wp-content\/uploads\/2023\/02\/unnamed-1-19-1024x768.jpg 1024w, https:\/\/dimensionturistica.com\/es\/wp-content\/uploads\/2023\/02\/unnamed-1-19-768x576.jpg 768w, https:\/\/dimensionturistica.com\/es\/wp-content\/uploads\/2023\/02\/unnamed-1-19-750x563.jpg 750w, https:\/\/dimensionturistica.com\/es\/wp-content\/uploads\/2023\/02\/unnamed-1-19-1140x855.jpg 1140w, https:\/\/dimensionturistica.com\/es\/wp-content\/uploads\/2023\/02\/unnamed-1-19.jpg 1200w\" sizes=\"(max-width: 300px) 100vw, 300px\" \/> tour operadores, oficinas de representaciones tur\u00edsticas y los Agentes de Viajes de Colombia conocen, promueven y venden sus productos y servicios tur\u00edsticos. De igual manera, la Vitrina Tur\u00edstica fomenta la dinamizaci\u00f3n del turismo receptivo y la generaci\u00f3n de corrientes emisivas hacia los pa\u00edses participantes.<br \/>\nEn el a\u00f1o 2022, se llev\u00f3 a cabo la versi\u00f3n n\u00famero 41 de la Vitrina Tur\u00edstica y cont\u00f3 con la participaci\u00f3n de diversos pa\u00edses, todos los departamentos de Colombia y empresas del sector, registrando m\u00e1s de 27.000 ingresos en tres d\u00edas de negocios, destacando la calidad de los profesionales asistentes.<br \/>\nPara esta edici\u00f3n, el evento cont\u00f3 con Rep\u00fablica Dominicana como pa\u00eds invitado y el Departamento Archipi\u00e9lago de San Andr\u00e9s, Providencia y Santa Catalina, como destino nacional invitado.<\/p>\n<p>&nbsp;<\/p>\n","protected":false},"excerpt":{"rendered":"<p>El pasado mi\u00e9rcoles 22 de febrero, dio inicio la edici\u00f3n 42 de la Feria de Turismo de la Asociaci\u00f3n Colombiana de Agencias de Viajes y Turismo \u2013 ANATO, en la capital colombiana, que cont\u00f3 con la participaci\u00f3n especial de Yucat\u00e1n en la inauguraci\u00f3n. Continuando con la encomienda del Gobernador Mauricio Vila Dosal par el posicionamiento [&hellip;]<\/p>\n","protected":false},"author":1,"featured_media":496070,"comment_status":"open","ping_status":"closed","sticky":false,"template":"","format":"standard","meta":{"om_disable_all_campaigns":false,"jnews-multi-image_gallery":[],"jnews_single_post":{"source_name":"","source_url":"","via_name":"","via_url":"","override_template":"0","override":[{"template":"1","single_blog_custom":"","parallax":"1","fullscreen":"1","layout":"right-sidebar","sidebar":"default-sidebar","second_sidebar":"default-sidebar","sticky_sidebar":"1","share_position":"top","share_float_style":"share-monocrhome","show_share_counter":"1","show_view_counter":"1","show_featured":"1","show_post_meta":"1","show_post_author":"1","show_post_author_image":"1","show_post_date":"1","post_date_format":"default","post_date_format_custom":"Y\/m\/d","show_post_category":"1","show_post_reading_time":"0","post_reading_time_wpm":"300","show_zoom_button":"0","zoom_button_out_step":"2","zoom_button_in_step":"3","show_post_tag":"1","show_prev_next_post":"1","show_popup_post":"1","number_popup_post":"1","show_author_box":"0","show_post_related":"0","show_inline_post_related":"0"}],"override_image_size":"0","image_override":[{"single_post_thumbnail_size":"crop-500","single_post_gallery_size":"crop-500"}],"trending_post":"0","trending_post_position":"meta","trending_post_label":"Trending","sponsored_post":"0","sponsored_post_label":"Sponsored by","sponsored_post_name":"","sponsored_post_url":"","sponsored_post_logo_enable":"0","sponsored_post_logo":"","sponsored_post_desc":"","disable_ad":"0"},"jnews_primary_category":{"id":"","hide":""},"jnews_social_meta":{"fb_title":"","fb_description":"","fb_image":"","twitter_title":"","twitter_description":"","twitter_image":""},"footnotes":""},"categories":[39],"tags":[],"class_list":["post-496067","post","type-post","status-publish","format-standard","has-post-thumbnail","hentry","category-viajes"],"_links":{"self":[{"href":"https:\/\/dimensionturistica.com\/es\/wp-json\/wp\/v2\/posts\/496067","targetHints":{"allow":["GET"]}}],"collection":[{"href":"https:\/\/dimensionturistica.com\/es\/wp-json\/wp\/v2\/posts"}],"about":[{"href":"https:\/\/dimensionturistica.com\/es\/wp-json\/wp\/v2\/types\/post"}],"author":[{"embeddable":true,"href":"https:\/\/dimensionturistica.com\/es\/wp-json\/wp\/v2\/users\/1"}],"replies":[{"embeddable":true,"href":"https:\/\/dimensionturistica.com\/es\/wp-json\/wp\/v2\/comments?post=496067"}],"version-history":[{"count":0,"href":"https:\/\/dimensionturistica.com\/es\/wp-json\/wp\/v2\/posts\/496067\/revisions"}],"wp:featuredmedia":[{"embeddable":true,"href":"https:\/\/dimensionturistica.com\/es\/wp-json\/wp\/v2\/media\/496070"}],"wp:attachment":[{"href":"https:\/\/dimensionturistica.com\/es\/wp-json\/wp\/v2\/media?parent=496067"}],"wp:term":[{"taxonomy":"category","embeddable":true,"href":"https:\/\/dimensionturistica.com\/es\/wp-json\/wp\/v2\/categories?post=496067"},{"taxonomy":"post_tag","embeddable":true,"href":"https:\/\/dimensionturistica.com\/es\/wp-json\/wp\/v2\/tags?post=496067"}],"curies":[{"name":"wp","href":"https:\/\/api.w.org\/{rel}","templated":true}]}}