{"id":495996,"date":"2023-02-26T15:23:25","date_gmt":"2023-02-26T15:23:25","guid":{"rendered":"https:\/\/dimensionturistica.com\/es\/?p=495996"},"modified":"2023-02-26T15:23:25","modified_gmt":"2023-02-26T15:23:25","slug":"todo-listo-para-realizar-el-primer-festivalito-evento-cultural-masivo-infantil-en-latinoamerica","status":"publish","type":"post","link":"https:\/\/dimensionturistica.com\/es\/todo-listo-para-realizar-el-primer-festivalito-evento-cultural-masivo-infantil-en-latinoamerica\/","title":{"rendered":"Todo listo para realizar el primer \u201cFestivalito\u201d, evento cultural masivo infantil en Latinoam\u00e9rica"},"content":{"rendered":"<p>El primer festival masivo dedicado 100% a la poblaci\u00f3n infantil en Latinoam\u00e9rica tendr\u00e1 lugar en la CDMX en mayo de este a\u00f1o. Se trata de Festivalito, un proyecto inspirado en las infinitas y maravillosas posibilidades de la infancia.<br \/>\nSer\u00e1 un fin de semana de experiencias diferentes, incre\u00edbles y divertidas para los peque\u00f1os, que tambi\u00e9n disfrutar\u00e1n los adultos. Todo desde una mirada que reconoce el poder de cada ni\u00f1o y busca la comodidad de los padres para que su \u00fanica preocupaci\u00f3n sea disfrutar en familia.<br \/>\n\u00bfPor qu\u00e9 llevar a tus peques a Festivalito?<img decoding=\"async\" class=\" wp-image-495998 alignright\" src=\"https:\/\/dimensionturistica.com\/es\/wp-content\/uploads\/2023\/02\/CartelFestivalito-169x300.jpeg\" alt=\"\" width=\"315\" height=\"559\" \/><br \/>\n\u00b7 Vivir\u00e1n su primer gran concierto. El line up ser\u00e1 revelado pr\u00f3ximamente.<br \/>\n\u00b7 Podr\u00e1n participar en talleres dise\u00f1ados especialmente para ellos: ciencia divertida, m\u00e1scaras, barro, horticultura, entre otros.<br \/>\n\u00b7 Se maravillar\u00e1n en la carpa de teatro y cuentacuentos que narrar\u00e1n las mejores historias.<br \/>\n\u00b7 So\u00f1ar\u00e1n con m\u00e1gicas aventuras en el teatro de sombras y viajar\u00e1n a mundos fant\u00e1sticos, contados con t\u00edteres.<br \/>\n\u00b7 Disfrutar\u00e1n de un cine con energ\u00eda cin\u00e9tica donde se proyectar\u00e1 una incre\u00edble selecci\u00f3n de cortos y documentales infantiles.<br \/>\n\u00b7 Llevar\u00e1n al l\u00edmite sus sentidos y su imaginaci\u00f3n a trav\u00e9s de modernos sensoramas.<br \/>\n\u00b7 Experimentar\u00e1n mientras aprenden en los pabellones interactivos.<br \/>\n\u00b7 Practicar\u00e1n deportes como parkour, patineta, f\u00fatbol y otros, junto a exitosos exponentes de estas disciplinas.<br \/>\n\u00b7 Recorrer\u00e1n nuevos mundos en el mercadito de libros.<br \/>\nY lo mejor, \u00a1conectar\u00e1n con ellos mismos, el entorno y su familia!<br \/>\nIniciativas con valor.<br \/>\nPor ser un proyecto 100% mexicano, la mascota del evento ser\u00e1 Kakaw, personaje inspirado en la leyenda de Quetzalc\u00f3atl cuando tom\u00f3 la semilla del cacao y la regal\u00f3 a los hombres como s\u00edmbolo de amor. La colorida serpiente emplumada ser\u00e1 f\u00e1cilmente reconocida por los peque\u00f1os visitantes.<br \/>\nEl concepto del evento busca tambi\u00e9n promover el cuidado del medio ambiente, por lo que se basa en acciones como el m\u00e1ximo uso posible de energ\u00edas limpias, reciclado de basura, uso de alternativas al pl\u00e1stico y medici\u00f3n de la huella de carbono para reducir el impacto.<br \/>\nBienvenidas todas las familias y todas las infancias.<br \/>\nEn Festivalito caben todos los mundos, por ello, ofrecer\u00e1 funciones especiales para p\u00fablico de espectro autista y conciertos para ni\u00f1os con deficiencia auditiva.<br \/>\nAdem\u00e1s, con apoyo de proveedores, talento y aliados, ni\u00f1os en situaci\u00f3n de vulnerabilidad podr\u00e1n disfrutar de Festivalito exclusivamente para ellos el d\u00eda 15 de mayo.<br \/>\nEl mejor fin para ser ni\u00f1o \u00a1y tambi\u00e9n pap\u00e1\/mam\u00e1!<img decoding=\"async\" class=\" wp-image-495997 alignright\" src=\"https:\/\/dimensionturistica.com\/es\/wp-content\/uploads\/2023\/02\/campomarte-300x187.jpg\" alt=\"\" width=\"568\" height=\"354\" srcset=\"https:\/\/dimensionturistica.com\/es\/wp-content\/uploads\/2023\/02\/campomarte-300x187.jpg 300w, https:\/\/dimensionturistica.com\/es\/wp-content\/uploads\/2023\/02\/campomarte.jpg 474w\" sizes=\"(max-width: 568px) 100vw, 568px\" \/><br \/>\nFestivalito quiere devolver espacio y voz al p\u00fablico infantil, pero tambi\u00e9n busca facilitar la experiencia de los padres para que se sientan c\u00f3modos y acompa\u00f1ados.<br \/>\nPor ello, encontrar\u00e1n distribuidas en toda la sede \u00e1reas de sombra, carpas de descanso, cambiadores, servicios sanitarios adaptados para los peque\u00f1os, guardarropa, accesos para carriolas, as\u00ed como espacios para mam\u00e1s lactantes que deseen privacidad, aunque -por supuesto- ser\u00e1n libres de hacerlo en cualquier parte del recinto.<br \/>\nEn cuanto a la zona de comida, \u00e9sta ofrecer\u00e1 porciones infantiles, opciones vegetarianas, snacks saludables y todas las delicias que encantan a los ni\u00f1os.<br \/>\n\u00bfCu\u00e1ndo?<br \/>\n13 y 14 de mayo: P\u00fablico general.<br \/>\n15 de mayo: Reservado a fundaciones y organizaciones en pro de la ni\u00f1ez.<br \/>\n\u00bfD\u00f3nde?<br \/>\nJard\u00edn del restaurante Campo Marte<br \/>\nPolanco, Chapultepec, CDMX, C. P. 11560<br \/>\n\u00bfEn qu\u00e9 horario?<br \/>\nDe 10:00 a 19:00 horas<br \/>\n\u00bfC\u00f3mo reservar?<br \/>\nVenta exclusiva en Boletia<br \/>\n\u00bfCu\u00e1les son los costos?<br \/>\nPase por un d\u00eda: $1,350 MXN + comisiones Boletia.<br \/>\nAbono por dos d\u00edas: $2,300 MXN + comisiones Boletia.<br \/>\nAcceso gratuito a ni\u00f1os menores de 90 cm.<br \/>\nAs\u00ed, Festivalito promete ser el primer festival cultural masivo de miles de ni\u00f1os, un gran recuerdo de infancia y de vida.<br \/>\nInstagram: @festivalito.mx \/ Facebook: festivalito.mx<\/p>\n<p>&nbsp;<\/p>\n","protected":false},"excerpt":{"rendered":"<p>El primer festival masivo dedicado 100% a la poblaci\u00f3n infantil en Latinoam\u00e9rica tendr\u00e1 lugar en la CDMX en mayo de este a\u00f1o. Se trata de Festivalito, un proyecto inspirado en las infinitas y maravillosas posibilidades de la infancia. Ser\u00e1 un fin de semana de experiencias diferentes, incre\u00edbles y divertidas para los peque\u00f1os, que tambi\u00e9n disfrutar\u00e1n [&hellip;]<\/p>\n","protected":false},"author":1,"featured_media":495999,"comment_status":"open","ping_status":"closed","sticky":false,"template":"","format":"standard","meta":{"om_disable_all_campaigns":false,"jnews-multi-image_gallery":[],"jnews_single_post":{"source_name":"","source_url":"","via_name":"","via_url":"","override_template":"0","override":[{"template":"1","single_blog_custom":"","parallax":"1","fullscreen":"1","layout":"right-sidebar","sidebar":"default-sidebar","second_sidebar":"default-sidebar","sticky_sidebar":"1","share_position":"top","share_float_style":"share-monocrhome","show_share_counter":"1","show_view_counter":"1","show_featured":"1","show_post_meta":"1","show_post_author":"1","show_post_author_image":"1","show_post_date":"1","post_date_format":"default","post_date_format_custom":"Y\/m\/d","show_post_category":"1","show_post_reading_time":"0","post_reading_time_wpm":"300","show_zoom_button":"0","zoom_button_out_step":"2","zoom_button_in_step":"3","show_post_tag":"1","show_prev_next_post":"1","show_popup_post":"1","number_popup_post":"1","show_author_box":"0","show_post_related":"0","show_inline_post_related":"0"}],"override_image_size":"0","image_override":[{"single_post_thumbnail_size":"crop-500","single_post_gallery_size":"crop-500"}],"trending_post":"0","trending_post_position":"meta","trending_post_label":"Trending","sponsored_post":"0","sponsored_post_label":"Sponsored by","sponsored_post_name":"","sponsored_post_url":"","sponsored_post_logo_enable":"0","sponsored_post_logo":"","sponsored_post_desc":"","disable_ad":"0"},"jnews_primary_category":{"id":"","hide":""},"jnews_social_meta":{"fb_title":"","fb_description":"","fb_image":"","twitter_title":"","twitter_description":"","twitter_image":""},"footnotes":""},"categories":[39],"tags":[],"class_list":["post-495996","post","type-post","status-publish","format-standard","has-post-thumbnail","hentry","category-viajes"],"_links":{"self":[{"href":"https:\/\/dimensionturistica.com\/es\/wp-json\/wp\/v2\/posts\/495996","targetHints":{"allow":["GET"]}}],"collection":[{"href":"https:\/\/dimensionturistica.com\/es\/wp-json\/wp\/v2\/posts"}],"about":[{"href":"https:\/\/dimensionturistica.com\/es\/wp-json\/wp\/v2\/types\/post"}],"author":[{"embeddable":true,"href":"https:\/\/dimensionturistica.com\/es\/wp-json\/wp\/v2\/users\/1"}],"replies":[{"embeddable":true,"href":"https:\/\/dimensionturistica.com\/es\/wp-json\/wp\/v2\/comments?post=495996"}],"version-history":[{"count":0,"href":"https:\/\/dimensionturistica.com\/es\/wp-json\/wp\/v2\/posts\/495996\/revisions"}],"wp:featuredmedia":[{"embeddable":true,"href":"https:\/\/dimensionturistica.com\/es\/wp-json\/wp\/v2\/media\/495999"}],"wp:attachment":[{"href":"https:\/\/dimensionturistica.com\/es\/wp-json\/wp\/v2\/media?parent=495996"}],"wp:term":[{"taxonomy":"category","embeddable":true,"href":"https:\/\/dimensionturistica.com\/es\/wp-json\/wp\/v2\/categories?post=495996"},{"taxonomy":"post_tag","embeddable":true,"href":"https:\/\/dimensionturistica.com\/es\/wp-json\/wp\/v2\/tags?post=495996"}],"curies":[{"name":"wp","href":"https:\/\/api.w.org\/{rel}","templated":true}]}}