{"id":495926,"date":"2023-02-26T12:10:25","date_gmt":"2023-02-26T12:10:25","guid":{"rendered":"https:\/\/dimensionturistica.com\/es\/?p=495926"},"modified":"2023-02-26T12:10:26","modified_gmt":"2023-02-26T12:10:26","slug":"opinion-juan-stoessel-la-resilencia-del-turismo-machu-picchu-opinion","status":"publish","type":"post","link":"https:\/\/dimensionturistica.com\/es\/opinion-juan-stoessel-la-resilencia-del-turismo-machu-picchu-opinion\/","title":{"rendered":"[Opini\u00f3n] Juan Stoessel: \u201cLa resilencia del turismo\u201d | Machu Picchu | OPINION"},"content":{"rendered":"<p> <br \/>\n<\/p>\n<div>\n<section>\n<p class=\"amp-story-content__news-text \"><b>La reapertura de <\/b><a rel=\"nofollow noopener\" target=\"_blank\" itemprop=\"url\" href=\"https:\/\/peru21.pe\/noticias\/machu-picchu\/\"><b>Machu Picchu<\/b><\/a><b> ha sido una muestra de la perseverancia del turismo, que busca salir adelante contra viento y marea. Nuestra maravilla mundial volvi\u00f3 a abrir y lo hizo 48 horas antes de lo previsto, gracias a la presi\u00f3n de los pobladores que no quer\u00edan perder un d\u00eda m\u00e1s de ingresos. Nunca est\u00e1 de m\u00e1s repetirlo: los mayores perjudicados con los cierres y bloqueos no son los grandes operadores tur\u00edsticos, sino miles de ciudadanos de a pie: porteadores, taxistas, cocineros, mozos, artesanos, gu\u00edas, and so forth., sin mencionar a comerciantes, agricultores, transportistas, ganaderos que indirectamente son parte de la cadena.<\/b><\/p>\n<p class=\"amp-story-content__news-text \">Con <b>Machu Picchu<\/b> operando comenzaron a llegar primero 200, luego 400, 500, 1,000, 1,200 por d\u00eda. Principalmente viajeros nacionales, pero ya empiezan a verse extranjeros. Las cancelaciones de reservas, que en su momento fueron masivas, tambi\u00e9n vienen reduci\u00e9ndose, a la vez que ingresan nuevas reservas. Otro dato: hay muchas consultas de agencias de viaje y turistas internacionales sobre Semana Santa. Una se\u00f1al de que esa temporada podr\u00eda ser muy exitosa, siempre que no suframos nuevos retrocesos.<\/p>\n<p class=\"amp-story-content__news-text \">A pesar de innumerables obst\u00e1culos, el turismo avanza. El flujo de viajeros nacionales en el norte y oriente es muy prometedor si bien son n\u00fameros a otra escala que el sur. Por otro lado, Promper\u00fa volvi\u00f3 a poner en marcha campa\u00f1as para promocionar el turismo interno. Y nuestro pa\u00eds ha retomado la participaci\u00f3n en ferias internacionales, dando un mensaje fuerte y claro: \u00a1el Per\u00fa est\u00e1 de regreso! Menci\u00f3n aparte merece la aprobaci\u00f3n de un importante paquete de ayuda al sector, que muestra que el rubro ya no est\u00e1 abandonado a su suerte, como lo estuvo en el desgobierno de Castillo. A\u00fan hay un largo camino por delante, pero el panorama del turismo est\u00e1 mejorando.<\/p>\n<h2 class=\"\"><mark class=\"hl_yellow\"><b>VIDEO RECOMENDADO<\/b><\/mark><\/h2>\n<p><amp-jwplayer data-player-id=\"uTZV4zGu\" data-media-id=\"szjSuIsb\" layout=\"responsive\" width=\"16\" dock=\"#my-dock-slot\" height=\"9\"\/><\/p>\n<p> <!-- -->Percy Medina<\/p>\n<\/section>\n<\/div>\n\n<p><em> &#8221; Fuentes peru21.pe &#8221; <\/em><\/p>\n","protected":false},"excerpt":{"rendered":"<p>La reapertura de Machu Picchu ha sido una muestra de la perseverancia del turismo, que busca salir adelante contra viento y marea. Nuestra maravilla mundial volvi\u00f3 a abrir y lo hizo 48 horas antes de lo previsto, gracias a la presi\u00f3n de los pobladores que no quer\u00edan perder un d\u00eda m\u00e1s de ingresos. Nunca est\u00e1 [&hellip;]<\/p>\n","protected":false},"author":4,"featured_media":495927,"comment_status":"open","ping_status":"closed","sticky":false,"template":"","format":"standard","meta":{"om_disable_all_campaigns":false,"jnews-multi-image_gallery":[],"jnews_single_post":[],"jnews_primary_category":[],"jnews_social_meta":[],"footnotes":""},"categories":[40],"tags":[6825,544],"class_list":["post-495926","post","type-post","status-publish","format-standard","has-post-thumbnail","hentry","category-industria","tag-machu-picchu","tag-turismo"],"_links":{"self":[{"href":"https:\/\/dimensionturistica.com\/es\/wp-json\/wp\/v2\/posts\/495926","targetHints":{"allow":["GET"]}}],"collection":[{"href":"https:\/\/dimensionturistica.com\/es\/wp-json\/wp\/v2\/posts"}],"about":[{"href":"https:\/\/dimensionturistica.com\/es\/wp-json\/wp\/v2\/types\/post"}],"author":[{"embeddable":true,"href":"https:\/\/dimensionturistica.com\/es\/wp-json\/wp\/v2\/users\/4"}],"replies":[{"embeddable":true,"href":"https:\/\/dimensionturistica.com\/es\/wp-json\/wp\/v2\/comments?post=495926"}],"version-history":[{"count":0,"href":"https:\/\/dimensionturistica.com\/es\/wp-json\/wp\/v2\/posts\/495926\/revisions"}],"wp:featuredmedia":[{"embeddable":true,"href":"https:\/\/dimensionturistica.com\/es\/wp-json\/wp\/v2\/media\/495927"}],"wp:attachment":[{"href":"https:\/\/dimensionturistica.com\/es\/wp-json\/wp\/v2\/media?parent=495926"}],"wp:term":[{"taxonomy":"category","embeddable":true,"href":"https:\/\/dimensionturistica.com\/es\/wp-json\/wp\/v2\/categories?post=495926"},{"taxonomy":"post_tag","embeddable":true,"href":"https:\/\/dimensionturistica.com\/es\/wp-json\/wp\/v2\/tags?post=495926"}],"curies":[{"name":"wp","href":"https:\/\/api.w.org\/{rel}","templated":true}]}}