{"id":495676,"date":"2023-02-25T19:11:18","date_gmt":"2023-02-25T19:11:18","guid":{"rendered":"https:\/\/dimensionturistica.com\/es\/?p=495676"},"modified":"2023-02-25T19:11:18","modified_gmt":"2023-02-25T19:11:18","slug":"celebra-la-canirac-la-ratificacion-de-su-presidencia-nacional-en-el-marco-de-la-asamblea-general-ordinaria-anual-2023","status":"publish","type":"post","link":"https:\/\/dimensionturistica.com\/es\/celebra-la-canirac-la-ratificacion-de-su-presidencia-nacional-en-el-marco-de-la-asamblea-general-ordinaria-anual-2023\/","title":{"rendered":"Celebra la Canirac la ratificaci\u00f3n de su presidencia nacional, en el marco de la asamblea general ordinaria anual 2023"},"content":{"rendered":"<p>En el marco de la 150o Junta del Consejo Nacional y la Asamblea General<img decoding=\"async\" class=\"size-medium wp-image-495680 alignright\" src=\"https:\/\/dimensionturistica.com\/es\/wp-content\/uploads\/2023\/02\/2.Asamblea-y-Toma-de-Protesta-300x200.jpeg\" alt=\"\" width=\"300\" height=\"200\" srcset=\"https:\/\/dimensionturistica.com\/es\/wp-content\/uploads\/2023\/02\/2.Asamblea-y-Toma-de-Protesta-300x200.jpeg 300w, https:\/\/dimensionturistica.com\/es\/wp-content\/uploads\/2023\/02\/2.Asamblea-y-Toma-de-Protesta-1024x683.jpeg 1024w, https:\/\/dimensionturistica.com\/es\/wp-content\/uploads\/2023\/02\/2.Asamblea-y-Toma-de-Protesta-768x512.jpeg 768w, https:\/\/dimensionturistica.com\/es\/wp-content\/uploads\/2023\/02\/2.Asamblea-y-Toma-de-Protesta-1536x1024.jpeg 1536w, https:\/\/dimensionturistica.com\/es\/wp-content\/uploads\/2023\/02\/2.Asamblea-y-Toma-de-Protesta-750x500.jpeg 750w, https:\/\/dimensionturistica.com\/es\/wp-content\/uploads\/2023\/02\/2.Asamblea-y-Toma-de-Protesta-1140x760.jpeg 1140w, https:\/\/dimensionturistica.com\/es\/wp-content\/uploads\/2023\/02\/2.Asamblea-y-Toma-de-Protesta.jpeg 1599w\" sizes=\"(max-width: 300px) 100vw, 300px\" \/> Ordinaria Anual de la C\u00e1mara Nacional de la Industria de Restaurantes y Alimentos Condimentados (CANIRAC), este mi\u00e9rcoles 22 de febrero se celebr\u00f3 la Toma de Protesta de los miembros de la Comisi\u00f3n Ejecutiva Nacional electa, encabezada por Germ\u00e1n Gonz\u00e1lez Bernal, quien fue ratificado como presidente nacional de este organismo para el periodo 2023-2024.<br \/>\nEn presencia de los representantes de CANIRAC, as\u00ed como de destacados miembros del sector empresarial que formaron parte del evento en modalidad virtual, la Comisi\u00f3n Ejecutiva Nacional de CANIRAC electa para el ejercicio 2023 rindi\u00f3 protesta, reafirmando el compromiso con la industria restaurantera en<img decoding=\"async\" class=\"size-medium wp-image-495679 alignright\" src=\"https:\/\/dimensionturistica.com\/es\/wp-content\/uploads\/2023\/02\/1.Asamblea-y-Toma-de-Protesta-300x200.jpeg\" alt=\"\" width=\"300\" height=\"200\" srcset=\"https:\/\/dimensionturistica.com\/es\/wp-content\/uploads\/2023\/02\/1.Asamblea-y-Toma-de-Protesta-300x200.jpeg 300w, https:\/\/dimensionturistica.com\/es\/wp-content\/uploads\/2023\/02\/1.Asamblea-y-Toma-de-Protesta-1024x683.jpeg 1024w, https:\/\/dimensionturistica.com\/es\/wp-content\/uploads\/2023\/02\/1.Asamblea-y-Toma-de-Protesta-768x512.jpeg 768w, https:\/\/dimensionturistica.com\/es\/wp-content\/uploads\/2023\/02\/1.Asamblea-y-Toma-de-Protesta-1536x1024.jpeg 1536w, https:\/\/dimensionturistica.com\/es\/wp-content\/uploads\/2023\/02\/1.Asamblea-y-Toma-de-Protesta-750x500.jpeg 750w, https:\/\/dimensionturistica.com\/es\/wp-content\/uploads\/2023\/02\/1.Asamblea-y-Toma-de-Protesta-1140x760.jpeg 1140w, https:\/\/dimensionturistica.com\/es\/wp-content\/uploads\/2023\/02\/1.Asamblea-y-Toma-de-Protesta.jpeg 1599w\" sizes=\"(max-width: 300px) 100vw, 300px\" \/> M\u00e9xico.<br \/>\nEl presidente nacional Germ\u00e1n Gonz\u00e1lez expuso un informe de los principales logros obtenidos en su segundo a\u00f1o de gesti\u00f3n, y se refiri\u00f3 a algunos t\u00f3picos prioritarios para este tercer periodo, entre lo que destac\u00f3 la celebraci\u00f3n de los 65 a\u00f1os de CANIRAC, la profesionalizaci\u00f3n de la industria a trav\u00e9s de la capacitaci\u00f3n de sus colaboradores, el fortalecimiento de la oferta educativa de CANIRAC, la difusi\u00f3n del legado gastron\u00f3mico de nuestro pa\u00eds, el fomento y promoci\u00f3n de la Gastronom\u00eda y la constataci\u00f3n de la C\u00e1mara como centro informativo de la industria y para la industria restaurantera.<br \/>\nLuego de rendir protesta, Germ\u00e1n Gonz\u00e1lez Bernal reiter\u00f3 la importancia de<img decoding=\"async\" class=\"size-medium wp-image-495681 alignright\" src=\"https:\/\/dimensionturistica.com\/es\/wp-content\/uploads\/2023\/02\/3.Asamblea-y-Toma-de-Protesta-300x200.jpeg\" alt=\"\" width=\"300\" height=\"200\" srcset=\"https:\/\/dimensionturistica.com\/es\/wp-content\/uploads\/2023\/02\/3.Asamblea-y-Toma-de-Protesta-300x200.jpeg 300w, https:\/\/dimensionturistica.com\/es\/wp-content\/uploads\/2023\/02\/3.Asamblea-y-Toma-de-Protesta-1024x683.jpeg 1024w, https:\/\/dimensionturistica.com\/es\/wp-content\/uploads\/2023\/02\/3.Asamblea-y-Toma-de-Protesta-768x512.jpeg 768w, https:\/\/dimensionturistica.com\/es\/wp-content\/uploads\/2023\/02\/3.Asamblea-y-Toma-de-Protesta-1536x1024.jpeg 1536w, https:\/\/dimensionturistica.com\/es\/wp-content\/uploads\/2023\/02\/3.Asamblea-y-Toma-de-Protesta-750x500.jpeg 750w, https:\/\/dimensionturistica.com\/es\/wp-content\/uploads\/2023\/02\/3.Asamblea-y-Toma-de-Protesta-1140x760.jpeg 1140w, https:\/\/dimensionturistica.com\/es\/wp-content\/uploads\/2023\/02\/3.Asamblea-y-Toma-de-Protesta.jpeg 1599w\" sizes=\"(max-width: 300px) 100vw, 300px\" \/> mantener una C\u00e1mara, fuerte, unida y organizada, comprometida con la recuperaci\u00f3n econ\u00f3mica, social y cultural de M\u00e9xico.<br \/>\n\u201cActualmente ya no somos espectadores sino protagonistas de nuestro futuro. Nos toca seguir fortaleciendo a la industria restaurantera de M\u00e9xico y reivindicar el papel de cada uno de los que integran este sector. Por eso uno de los grandes prop\u00f3sitos es mantener e incrementar la profesionalizaci\u00f3n de nuestros equipos, por medio de la educaci\u00f3n, capacitaci\u00f3n y profesionalizaci\u00f3n; darles las bases para hacer carrera en esta industria y a la vez<img decoding=\"async\" class=\"size-medium wp-image-495682 alignright\" src=\"https:\/\/dimensionturistica.com\/es\/wp-content\/uploads\/2023\/02\/4.Asamblea-y-Toma-de-Protesta-300x200.jpeg\" alt=\"\" width=\"300\" height=\"200\" srcset=\"https:\/\/dimensionturistica.com\/es\/wp-content\/uploads\/2023\/02\/4.Asamblea-y-Toma-de-Protesta-300x200.jpeg 300w, https:\/\/dimensionturistica.com\/es\/wp-content\/uploads\/2023\/02\/4.Asamblea-y-Toma-de-Protesta-1024x683.jpeg 1024w, https:\/\/dimensionturistica.com\/es\/wp-content\/uploads\/2023\/02\/4.Asamblea-y-Toma-de-Protesta-768x512.jpeg 768w, https:\/\/dimensionturistica.com\/es\/wp-content\/uploads\/2023\/02\/4.Asamblea-y-Toma-de-Protesta-1536x1024.jpeg 1536w, https:\/\/dimensionturistica.com\/es\/wp-content\/uploads\/2023\/02\/4.Asamblea-y-Toma-de-Protesta-750x500.jpeg 750w, https:\/\/dimensionturistica.com\/es\/wp-content\/uploads\/2023\/02\/4.Asamblea-y-Toma-de-Protesta-1140x760.jpeg 1140w, https:\/\/dimensionturistica.com\/es\/wp-content\/uploads\/2023\/02\/4.Asamblea-y-Toma-de-Protesta.jpeg 1599w\" sizes=\"(max-width: 300px) 100vw, 300px\" \/> garantizar un servicio de mayor calidad. Atraer nuevos talentos y demostrar que en este sector hay espacio de crecimiento y transformaci\u00f3n\u201d. mencion\u00f3 Germ\u00e1n Gonz\u00e1lez.<br \/>\nFinalmente ratific\u00f3 el compromiso de continuar fortaleciendo a la C\u00e1mara y a la industria restaurantera, a trav\u00e9s del trabajo coordinado con los tres niveles de gobierno, la vinculaci\u00f3n con instituciones privadas, acad\u00e9micas y expertos en el marco gastron\u00f3mico, para robustecer los beneficios de afiliaci\u00f3n a nivel nacional y crear alianzas y estrategias que impacten positivamente en la recuperaci\u00f3n del sector restaurantero.<\/p>\n","protected":false},"excerpt":{"rendered":"<p>En el marco de la 150o Junta del Consejo Nacional y la Asamblea General Ordinaria Anual de la C\u00e1mara Nacional de la Industria de Restaurantes y Alimentos Condimentados (CANIRAC), este mi\u00e9rcoles 22 de febrero se celebr\u00f3 la Toma de Protesta de los miembros de la Comisi\u00f3n Ejecutiva Nacional electa, encabezada por Germ\u00e1n Gonz\u00e1lez Bernal, quien [&hellip;]<\/p>\n","protected":false},"author":1,"featured_media":495687,"comment_status":"open","ping_status":"closed","sticky":false,"template":"","format":"standard","meta":{"om_disable_all_campaigns":false,"jnews-multi-image_gallery":[],"jnews_single_post":{"source_name":"","source_url":"","via_name":"","via_url":"","override_template":"0","override":[{"template":"1","single_blog_custom":"","parallax":"1","fullscreen":"1","layout":"right-sidebar","sidebar":"default-sidebar","second_sidebar":"default-sidebar","sticky_sidebar":"1","share_position":"top","share_float_style":"share-monocrhome","show_share_counter":"1","show_view_counter":"1","show_featured":"1","show_post_meta":"1","show_post_author":"1","show_post_author_image":"1","show_post_date":"1","post_date_format":"default","post_date_format_custom":"Y\/m\/d","show_post_category":"1","show_post_reading_time":"0","post_reading_time_wpm":"300","show_zoom_button":"0","zoom_button_out_step":"2","zoom_button_in_step":"3","show_post_tag":"1","show_prev_next_post":"1","show_popup_post":"1","number_popup_post":"1","show_author_box":"0","show_post_related":"0","show_inline_post_related":"0"}],"override_image_size":"0","image_override":[{"single_post_thumbnail_size":"crop-500","single_post_gallery_size":"crop-500"}],"trending_post":"0","trending_post_position":"meta","trending_post_label":"Trending","sponsored_post":"0","sponsored_post_label":"Sponsored by","sponsored_post_name":"","sponsored_post_url":"","sponsored_post_logo_enable":"0","sponsored_post_logo":"","sponsored_post_desc":"","disable_ad":"0"},"jnews_primary_category":{"id":"","hide":""},"jnews_social_meta":{"fb_title":"","fb_description":"","fb_image":"","twitter_title":"","twitter_description":"","twitter_image":""},"footnotes":""},"categories":[43],"tags":[],"class_list":["post-495676","post","type-post","status-publish","format-standard","has-post-thumbnail","hentry","category-gourmet"],"_links":{"self":[{"href":"https:\/\/dimensionturistica.com\/es\/wp-json\/wp\/v2\/posts\/495676","targetHints":{"allow":["GET"]}}],"collection":[{"href":"https:\/\/dimensionturistica.com\/es\/wp-json\/wp\/v2\/posts"}],"about":[{"href":"https:\/\/dimensionturistica.com\/es\/wp-json\/wp\/v2\/types\/post"}],"author":[{"embeddable":true,"href":"https:\/\/dimensionturistica.com\/es\/wp-json\/wp\/v2\/users\/1"}],"replies":[{"embeddable":true,"href":"https:\/\/dimensionturistica.com\/es\/wp-json\/wp\/v2\/comments?post=495676"}],"version-history":[{"count":0,"href":"https:\/\/dimensionturistica.com\/es\/wp-json\/wp\/v2\/posts\/495676\/revisions"}],"wp:featuredmedia":[{"embeddable":true,"href":"https:\/\/dimensionturistica.com\/es\/wp-json\/wp\/v2\/media\/495687"}],"wp:attachment":[{"href":"https:\/\/dimensionturistica.com\/es\/wp-json\/wp\/v2\/media?parent=495676"}],"wp:term":[{"taxonomy":"category","embeddable":true,"href":"https:\/\/dimensionturistica.com\/es\/wp-json\/wp\/v2\/categories?post=495676"},{"taxonomy":"post_tag","embeddable":true,"href":"https:\/\/dimensionturistica.com\/es\/wp-json\/wp\/v2\/tags?post=495676"}],"curies":[{"name":"wp","href":"https:\/\/api.w.org\/{rel}","templated":true}]}}