{"id":495227,"date":"2023-02-24T23:14:13","date_gmt":"2023-02-24T23:14:13","guid":{"rendered":"https:\/\/dimensionturistica.com\/es\/?p=495227"},"modified":"2023-02-24T23:14:13","modified_gmt":"2023-02-24T23:14:13","slug":"experiencia-en-yucatan-obtiene-reconocimiento-a-la-innovacion-del-producto-turistico-mexicano-2023","status":"publish","type":"post","link":"https:\/\/dimensionturistica.com\/es\/experiencia-en-yucatan-obtiene-reconocimiento-a-la-innovacion-del-producto-turistico-mexicano-2023\/","title":{"rendered":"Experiencia en Yucat\u00e1n obtiene Reconocimiento a la Innovaci\u00f3n del Producto Tur\u00edstico Mexicano 2023"},"content":{"rendered":"<p><img decoding=\"async\" class=\"size-medium wp-image-495242 alignright\" src=\"https:\/\/dimensionturistica.com\/es\/wp-content\/uploads\/2023\/02\/unnamed-8-3-225x300.jpg\" alt=\"\" width=\"225\" height=\"300\" srcset=\"https:\/\/dimensionturistica.com\/es\/wp-content\/uploads\/2023\/02\/unnamed-8-3-225x300.jpg 225w, https:\/\/dimensionturistica.com\/es\/wp-content\/uploads\/2023\/02\/unnamed-8-3-768x1024.jpg 768w, https:\/\/dimensionturistica.com\/es\/wp-content\/uploads\/2023\/02\/unnamed-8-3-750x1000.jpg 750w, https:\/\/dimensionturistica.com\/es\/wp-content\/uploads\/2023\/02\/unnamed-8-3.jpg 800w\" sizes=\"(max-width: 225px) 100vw, 225px\" \/>Zazil Tunich es el ganador de una de las siete categor\u00edas de los Reconocimientos m\u00e1s importantes otorgados por la Secretar\u00eda de Turismo Federal<br \/>\nLa entidad se ha convertido en un referente del sureste mexicano y en el pa\u00eds, para la realizaci\u00f3n de eventos de gran magnitud en la categor\u00eda de Turismo de Reuniones<br \/>\nM\u00e9rida, Yucat\u00e1n, a 23 de febrero del 2023.- La Secretar\u00eda de Turismo (SECTUR) del Gobierno de M\u00e9xico, a trav\u00e9s de la Direcci\u00f3n General de Innovaci\u00f3n del Producto Tur\u00edstico, dio a conocer a los galardonados con el Reconocimiento a la Innovaci\u00f3n del Producto Tur\u00edstico Mexicano 2023, en el que el producto yucateco \u201cEncuentro en Xibalb\u00e1\u201d de Zazil Tunich, fue reconocido en la categor\u00eda de Turismo de Reuniones.<br \/>\nEsta categor\u00eda se\u00f1ala al ganador como una actividad tur\u00edstica en la que los visitantes viajan por un motivo espec\u00edfico profesional y\/o de negocios a un lugar situado fuera de su sitio de trabajo y residencia con el fin de asistir a una reuni\u00f3n, una actividad o un evento. Los componentes clave de este tipo de turismo son los negocios, los viajes de incentivos, los congresos, convenciones, exposiciones y las ferias.<br \/>\nYucat\u00e1n se ha convertido en un importante referente del sureste mexicano y a nivel nacional por su capacidad de albergar eventos de gran magnitud de importancia internacional, gracias a que cuenta con la infraestructura adecuada para llevar a cabo estos eventos. La ciudad de M\u00e9rida es un centro promotor del<img decoding=\"async\" class=\"size-medium wp-image-495241 alignright\" src=\"https:\/\/dimensionturistica.com\/es\/wp-content\/uploads\/2023\/02\/unnamed-6-4-300x200.jpg\" alt=\"\" width=\"300\" height=\"200\" srcset=\"https:\/\/dimensionturistica.com\/es\/wp-content\/uploads\/2023\/02\/unnamed-6-4-300x200.jpg 300w, https:\/\/dimensionturistica.com\/es\/wp-content\/uploads\/2023\/02\/unnamed-6-4-1024x683.jpg 1024w, https:\/\/dimensionturistica.com\/es\/wp-content\/uploads\/2023\/02\/unnamed-6-4-768x512.jpg 768w, https:\/\/dimensionturistica.com\/es\/wp-content\/uploads\/2023\/02\/unnamed-6-4-750x500.jpg 750w, https:\/\/dimensionturistica.com\/es\/wp-content\/uploads\/2023\/02\/unnamed-6-4-1140x760.jpg 1140w, https:\/\/dimensionturistica.com\/es\/wp-content\/uploads\/2023\/02\/unnamed-6-4.jpg 1200w\" sizes=\"(max-width: 300px) 100vw, 300px\" \/> desarrollo regional en el sur de M\u00e9xico con grandes ventajas, una inmejorable ubicaci\u00f3n geogr\u00e1fica y excelentes v\u00edas de comunicaci\u00f3n y acceso. El estado cuenta con el Centro Internacional de Congresos (CIC) y el Centro de Convenciones Yucat\u00e1n Siglo XXI, ambos forman parte de la amplia oferta cultural, tur\u00edstica y de entretenimiento que existe en la capital yucateca.<br \/>\nPor su parte, Zazil Tunich es un espacio en total aislamiento y contacto con la naturaleza se encuentra la Aldea Maya Xeneba, a 25 km. del centro de la Capital tur\u00edstica del Oriente Maya de Yucat\u00e1n y Pueblo M\u00e1gico de M\u00e9xico, la ciudad de Valladolid. Ha desarrollado un recorrido guiado y personalizado, en una experiencia \u00fanica en el estado en una caverna-cenote por el Inframundo Maya (Xibalba), teniendo como contexto, en el descenso de 20 metros de profundidad por la caverna, la mitolog\u00eda Maya en la que cuenta una historia a trav\u00e9s de la Leyenda de Xibalba, que explica por qu\u00e9 estos lugares son sagrados para la cultura Maya; Zazil ofrece la oportunidad de descender y disfrutar de sus aguas sagradas, adem\u00e1s de revivir las Ceremonias y Cultura ancestral Maya de una manera aut\u00e9ntica y de la forma que ha sido heredada de generaciones en<img decoding=\"async\" class=\"size-medium wp-image-495236 alignright\" src=\"https:\/\/dimensionturistica.com\/es\/wp-content\/uploads\/2023\/02\/unnamed-5-9-300x169.jpg\" alt=\"\" width=\"300\" height=\"169\" srcset=\"https:\/\/dimensionturistica.com\/es\/wp-content\/uploads\/2023\/02\/unnamed-5-9-300x169.jpg 300w, https:\/\/dimensionturistica.com\/es\/wp-content\/uploads\/2023\/02\/unnamed-5-9-1024x576.jpg 1024w, https:\/\/dimensionturistica.com\/es\/wp-content\/uploads\/2023\/02\/unnamed-5-9-768x432.jpg 768w, https:\/\/dimensionturistica.com\/es\/wp-content\/uploads\/2023\/02\/unnamed-5-9-750x422.jpg 750w, https:\/\/dimensionturistica.com\/es\/wp-content\/uploads\/2023\/02\/unnamed-5-9-1140x641.jpg 1140w, https:\/\/dimensionturistica.com\/es\/wp-content\/uploads\/2023\/02\/unnamed-5-9.jpg 1200w\" sizes=\"(max-width: 300px) 100vw, 300px\" \/> generaciones a los Mayas actuales, una cultura milenaria que sigue viva.<br \/>\nEste galard\u00f3n es el m\u00e1s importante que otorga la SECTUR Federal a las experiencias y productos tur\u00edsticos m\u00e1s relevantes del pa\u00eds y tiene como prop\u00f3sito reconocer a las iniciativas que han contribuido a la innovaci\u00f3n del producto tur\u00edstico nacional de las peque\u00f1as y medianas empresas tur\u00edsticas, en las 235 plazas con vocaci\u00f3n que hay en M\u00e9xico, mediante el fomento del desarrollo de la actividad, y de esta manera contribuyen a reducir la desigualdad de la poblaci\u00f3n hist\u00f3ricamente discriminada, y fortaleciendo la diversificaci\u00f3n de productos competitivos e innovadores.<br \/>\nVale la pena destacar que, cada a\u00f1o, se abre una convocatoria previa al Tianguis Tur\u00edstico, y es justo en este magno evento donde se lleva a cabo la entrega de galardones, por lo que ser\u00e1 en la pr\u00f3xima edici\u00f3n 2023 en la Ciudad de M\u00e9xico, donde se lleve a cabo la premiaci\u00f3n.<br \/>\nEl registro de candidaturas se realiz\u00f3 en la p\u00e1gina de Sectur Federal (www.gob.mx\/sectur) donde las y los participantes pudieron descargar la convocatoria, la c\u00e9dula de registro e integrar su expediente digital. En total, se dieron siete reconocimientos en las categor\u00edas en las que figuran Turismo de Reuniones, Turismo Accesible, Turismo Cultural, Turismo Deportivo, Turismo de Naturaleza, Turismo de Romance y Turismo de Salud.<br \/>\nSe otorg\u00f3 un s\u00f3lo reconocimiento por cada categor\u00eda. Los productos tur\u00edsticos postulados al Reconocimiento demostraron ampliamente que es un ejemplo de innovaci\u00f3n tur\u00edstica, entendida como la introducci\u00f3n de un componente nuevo o perfeccionado que aporte ventajas materiales e inmateriales a los actores de la actividad tur\u00edstica y a la comunidad local, que mejore el valor de la experiencia tur\u00edstica y las competencias clave de la cadena de valor y que potencie, por lo tanto, la competitividad tur\u00edstica y la sostenibilidad en favor del visitante.<\/p>\n","protected":false},"excerpt":{"rendered":"<p>Zazil Tunich es el ganador de una de las siete categor\u00edas de los Reconocimientos m\u00e1s importantes otorgados por la Secretar\u00eda de Turismo Federal La entidad se ha convertido en un referente del sureste mexicano y en el pa\u00eds, para la realizaci\u00f3n de eventos de gran magnitud en la categor\u00eda de Turismo de Reuniones M\u00e9rida, Yucat\u00e1n, [&hellip;]<\/p>\n","protected":false},"author":1,"featured_media":495239,"comment_status":"open","ping_status":"closed","sticky":false,"template":"","format":"standard","meta":{"om_disable_all_campaigns":false,"jnews-multi-image_gallery":[],"jnews_single_post":{"source_name":"","source_url":"","via_name":"","via_url":"","override_template":"0","override":[{"template":"1","single_blog_custom":"","parallax":"1","fullscreen":"1","layout":"right-sidebar","sidebar":"default-sidebar","second_sidebar":"default-sidebar","sticky_sidebar":"1","share_position":"top","share_float_style":"share-monocrhome","show_share_counter":"1","show_view_counter":"1","show_featured":"1","show_post_meta":"1","show_post_author":"1","show_post_author_image":"1","show_post_date":"1","post_date_format":"default","post_date_format_custom":"Y\/m\/d","show_post_category":"1","show_post_reading_time":"0","post_reading_time_wpm":"300","show_zoom_button":"0","zoom_button_out_step":"2","zoom_button_in_step":"3","show_post_tag":"1","show_prev_next_post":"1","show_popup_post":"1","number_popup_post":"1","show_author_box":"0","show_post_related":"0","show_inline_post_related":"0"}],"override_image_size":"0","image_override":[{"single_post_thumbnail_size":"crop-500","single_post_gallery_size":"crop-500"}],"trending_post":"0","trending_post_position":"meta","trending_post_label":"Trending","sponsored_post":"0","sponsored_post_label":"Sponsored by","sponsored_post_name":"","sponsored_post_url":"","sponsored_post_logo_enable":"0","sponsored_post_logo":"","sponsored_post_desc":"","disable_ad":"0"},"jnews_primary_category":{"id":"","hide":""},"jnews_social_meta":{"fb_title":"","fb_description":"","fb_image":"","twitter_title":"","twitter_description":"","twitter_image":""},"footnotes":""},"categories":[39],"tags":[],"class_list":["post-495227","post","type-post","status-publish","format-standard","has-post-thumbnail","hentry","category-viajes"],"_links":{"self":[{"href":"https:\/\/dimensionturistica.com\/es\/wp-json\/wp\/v2\/posts\/495227","targetHints":{"allow":["GET"]}}],"collection":[{"href":"https:\/\/dimensionturistica.com\/es\/wp-json\/wp\/v2\/posts"}],"about":[{"href":"https:\/\/dimensionturistica.com\/es\/wp-json\/wp\/v2\/types\/post"}],"author":[{"embeddable":true,"href":"https:\/\/dimensionturistica.com\/es\/wp-json\/wp\/v2\/users\/1"}],"replies":[{"embeddable":true,"href":"https:\/\/dimensionturistica.com\/es\/wp-json\/wp\/v2\/comments?post=495227"}],"version-history":[{"count":0,"href":"https:\/\/dimensionturistica.com\/es\/wp-json\/wp\/v2\/posts\/495227\/revisions"}],"wp:featuredmedia":[{"embeddable":true,"href":"https:\/\/dimensionturistica.com\/es\/wp-json\/wp\/v2\/media\/495239"}],"wp:attachment":[{"href":"https:\/\/dimensionturistica.com\/es\/wp-json\/wp\/v2\/media?parent=495227"}],"wp:term":[{"taxonomy":"category","embeddable":true,"href":"https:\/\/dimensionturistica.com\/es\/wp-json\/wp\/v2\/categories?post=495227"},{"taxonomy":"post_tag","embeddable":true,"href":"https:\/\/dimensionturistica.com\/es\/wp-json\/wp\/v2\/tags?post=495227"}],"curies":[{"name":"wp","href":"https:\/\/api.w.org\/{rel}","templated":true}]}}