{"id":495105,"date":"2023-02-24T20:56:53","date_gmt":"2023-02-24T20:56:53","guid":{"rendered":"https:\/\/dimensionturistica.com\/es\/?p=495105"},"modified":"2023-02-24T20:56:53","modified_gmt":"2023-02-24T20:56:53","slug":"disponible-en-mexico-primera-terapia-recomendada-por-los-expertos-que-cambiara-la-vida-de-pacientes-con-fibrosis-pulmonar-progresiva","status":"publish","type":"post","link":"https:\/\/dimensionturistica.com\/es\/disponible-en-mexico-primera-terapia-recomendada-por-los-expertos-que-cambiara-la-vida-de-pacientes-con-fibrosis-pulmonar-progresiva\/","title":{"rendered":"Disponible en M\u00e9xico primera terapia recomendada por los expertos que cambiar\u00e1 la vida de pacientes con Fibrosis Pulmonar Progresiva"},"content":{"rendered":"<p>\u201cNo hay mucho por hacer\u201d es una frase com\u00fan que actualmente suelen escuchar los pacientes al saber que desarrollan Fibrosis Pulmonar Progresiva (FPP), grave condici\u00f3n que, ante la ausencia de tratamientos espec\u00edficos para su control, condena a quienes la padecen a vivir dependientes de ox\u00edgeno en todo<img decoding=\"async\" class=\"size-medium wp-image-495114 alignright\" src=\"https:\/\/dimensionturistica.com\/es\/wp-content\/uploads\/2023\/02\/Fibrosis-Pulmonar-Progresiva-Dr-Omar-Barreto-Dra-Ivette-Buendia-Dra-Isabel-Balderas-1-300x194.jpg\" alt=\"\" width=\"300\" height=\"194\" srcset=\"https:\/\/dimensionturistica.com\/es\/wp-content\/uploads\/2023\/02\/Fibrosis-Pulmonar-Progresiva-Dr-Omar-Barreto-Dra-Ivette-Buendia-Dra-Isabel-Balderas-1-300x194.jpg 300w, https:\/\/dimensionturistica.com\/es\/wp-content\/uploads\/2023\/02\/Fibrosis-Pulmonar-Progresiva-Dr-Omar-Barreto-Dra-Ivette-Buendia-Dra-Isabel-Balderas-1-768x496.jpg 768w, https:\/\/dimensionturistica.com\/es\/wp-content\/uploads\/2023\/02\/Fibrosis-Pulmonar-Progresiva-Dr-Omar-Barreto-Dra-Ivette-Buendia-Dra-Isabel-Balderas-1-750x485.jpg 750w, https:\/\/dimensionturistica.com\/es\/wp-content\/uploads\/2023\/02\/Fibrosis-Pulmonar-Progresiva-Dr-Omar-Barreto-Dra-Ivette-Buendia-Dra-Isabel-Balderas-1.jpg 1000w\" sizes=\"(max-width: 300px) 100vw, 300px\" \/> momento, con la sentencia de deterioro de la funci\u00f3n pulmonar y sus fatales consecuencias.<br \/>\nHoy la Fibrosis Pulmonar Progresiva deja de ser una \u201csentencia de muerte\u201d con la reciente aprobaci\u00f3n de la nueva indicaci\u00f3n de la mol\u00e9cula de Boehringer Ingelheim para el tratamiento de las enfermedades pulmonares intersticiales con FPP, por parte de la Comisi\u00f3n Federal para la Protecci\u00f3n contra Riesgos Sanitarios (COFEPRIS), convirti\u00e9ndola en la primera terapia en M\u00e9xico recomendada por los expertos para mejorar la salud de los pacientes que actualmente presentan esta condici\u00f3n.<br \/>\nLa Fibrosis Pulmonar Progresiva puede desarrollarse durante el curso de la enfermedad pulmonar intersticial[1], se identificar\u00e1 cuando ocurren dos de las siguientes manifestaciones: deterioro de los s\u00edntomas respiratorios, empeoramiento de las pruebas de funci\u00f3n pulmonar (espirometr\u00eda y difusi\u00f3n de mon\u00f3xido de carbono) e incremento de las cicatrices en la tomograf\u00eda de t\u00f3rax,5<\/p>\n<p><img decoding=\"async\" class=\"size-medium wp-image-495113\" src=\"https:\/\/dimensionturistica.com\/es\/wp-content\/uploads\/2023\/02\/fibro8-300x217.jpg\" alt=\"\" width=\"300\" height=\"217\" srcset=\"https:\/\/dimensionturistica.com\/es\/wp-content\/uploads\/2023\/02\/fibro8-300x217.jpg 300w, https:\/\/dimensionturistica.com\/es\/wp-content\/uploads\/2023\/02\/fibro8-120x86.jpg 120w, https:\/\/dimensionturistica.com\/es\/wp-content\/uploads\/2023\/02\/fibro8.jpg 500w\" sizes=\"(max-width: 300px) 100vw, 300px\" \/><\/p>\n<p>ocasionando dificultad para respirar y afectaci\u00f3n de \u00f3rganos por el deficiente suministro de ox\u00edgeno[2], explic\u00f3 la Dra. Ivette Buend\u00eda, Responsable del Laboratorio de Investigaci\u00f3n en Envejecimiento y Fibrosis Pulmonar del Instituto Nacional de Enfermedades Respiratorias (INER).<br \/>\n\u201cLa nueva indicaci\u00f3n para esta mol\u00e9cula viene a cambiar el curso del tratamiento de la Fibrosis Pulmonar Progresiva, al contar con una terapia especifica que, al administrarse oportunamente, en algunos pacientes disminuye el declive de la funci\u00f3n pulmonar y reduce la progresi\u00f3n de la fibrosis, transformado as\u00ed la vida de los pacientes y sus familias\u201d, destac\u00f3 la Dra. Isabel Balderas, Gerente M\u00e9dico del \u00e1rea de Alta Especialidad para Boehringer Ingelheim M\u00e9xico, Centroam\u00e9rica y<\/p>\n<figure id=\"attachment_495112\" aria-describedby=\"caption-attachment-495112\" style=\"width: 300px\" class=\"wp-caption alignright\"><img decoding=\"async\" class=\"size-medium wp-image-495112\" src=\"https:\/\/dimensionturistica.com\/es\/wp-content\/uploads\/2023\/02\/fibro5-300x200.jpg\" alt=\"\" width=\"300\" height=\"200\" srcset=\"https:\/\/dimensionturistica.com\/es\/wp-content\/uploads\/2023\/02\/fibro5-300x200.jpg 300w, https:\/\/dimensionturistica.com\/es\/wp-content\/uploads\/2023\/02\/fibro5.jpg 520w\" sizes=\"(max-width: 300px) 100vw, 300px\" \/><figcaption id=\"caption-attachment-495112\" class=\"wp-caption-text\">Doctor visiting senior patient with family<\/figcaption><\/figure>\n<p>el Caribe.<br \/>\n\u201cQuienes padecen enfermedades pulmonares intersticiales requieren visitas m\u00e9dicas seriadas con su neum\u00f3logo para identificar oportunamente el incremento en la frecuencia de la tos y falta de aire, p\u00e9rdida de funci\u00f3n pulmonar y aumento de la cicatrizaci\u00f3n (fibrosis) para identificar la condici\u00f3n de Fibrosis Pulmonar Progresiva y ajustar el tratamiento a tiempo\u201d[3], mencion\u00f3 la Dra. Ivette Buend\u00eda.<br \/>\n\u201cSi bien en nuestro pa\u00eds no se conoce la cifra exacta de la prevalencia de esta condici\u00f3n, padecimientos asociados como la artritis reumatoide y esclerosis sist\u00e9mica tienen una alta incidencia en el mundo, de las cuales se estima que aproximadamente entre el 40 y 50% presentar\u00e1n fibrosis pulmonar progresiva en alg\u00fan momento de su evoluci\u00f3n.5 Esta situaci\u00f3n resalta la necesidad de contar con un sistema de salud atento a la identificaci\u00f3n y atenci\u00f3n oportuna de esta mortal condici\u00f3n en M\u00e9xico\u201d, enfatiz\u00f3.<br \/>\nPor su parte, el Dr. Omar Barreto, especialista en enfermedades pulmonares<img decoding=\"async\" class=\"size-medium wp-image-495110 alignright\" src=\"https:\/\/dimensionturistica.com\/es\/wp-content\/uploads\/2023\/02\/fibro2-jpg-300x290.jpg\" alt=\"\" width=\"300\" height=\"290\" srcset=\"https:\/\/dimensionturistica.com\/es\/wp-content\/uploads\/2023\/02\/fibro2-jpg-300x290.jpg 300w, https:\/\/dimensionturistica.com\/es\/wp-content\/uploads\/2023\/02\/fibro2-jpg.jpg 500w\" sizes=\"(max-width: 300px) 100vw, 300px\" \/> intersticiales, destac\u00f3 que \u201cantes de la llegada de esta nueva indicaci\u00f3n del antifibr\u00f3tico, los pacientes que presentaban alguna enfermedad intersticial asociada a esclerosis sist\u00e9mica o artritis reumatoide, entre otras, ten\u00edan una menor esperanza de vida a pesar de contar con un tratamiento para la misma. Hoy, gracias a la disponibilidad de una terapia dirigida a la Fibrosis Pulmonar Progresiva, es posible enlentecer la progresi\u00f3n de los s\u00edntomas y, por lo tanto, mejorar los a\u00f1os de sobrevida de los pacientes.\u201d<br \/>\nEl tambi\u00e9n neum\u00f3logo y Coordinador de Atenci\u00f3n M\u00e9dica en el INER, se\u00f1al\u00f3 que nintedanib es un antifibr\u00f3tico que inhibe los procesos involucrados en la progresi\u00f3n de la fibrosis pulmonar, el cual ha demostrado en ensayos cl\u00ednicos internacionales una reducci\u00f3n estad\u00edsticamente significativa en la progresi\u00f3n de la FPP, haciendo m\u00e1s eficaz la funci\u00f3n pulmonar y previniendo el riesgo de episodios de exacerbaci\u00f3n aguda de los s\u00edntomas, lo que se traduce en una disminuci\u00f3n de discapacidad y muerte[4].<br \/>\n\u201cContar con un tratamiento espec\u00edfico para la Fibrosis Pulmonar Progresiva es toda una revoluci\u00f3n para la vida de los pacientes al permitirles realizar actividades anteriormente impensables, como poder vestirse o caminar diez metros de una habitaci\u00f3n a otra sin necesidad de ox\u00edgeno, o reducir sensiblemente el n\u00famero de ingresos al hospital por una menor presencia de exacerbaciones propias de la enfermedad.\u201d, dijo el Dr. Barreto.<br \/>\nDurante su intervenci\u00f3n la Dra. Isabel Balderas expres\u00f3: \u201cen Boehringer Ingelheim nos sentimos orgullosos de poder contribuir a que los pacientes cuenten con el primer tratamiento en el mundo que ha demostrado ser seguro y eficaz para retrasar la progresi\u00f3n de la fibrosis pulmonar progresiva y, con ello, mejorar la<\/p>\n<p><img decoding=\"async\" class=\"size-medium wp-image-495111\" src=\"https:\/\/dimensionturistica.com\/es\/wp-content\/uploads\/2023\/02\/fibro3-300x200.jpg\" alt=\"\" width=\"300\" height=\"200\" srcset=\"https:\/\/dimensionturistica.com\/es\/wp-content\/uploads\/2023\/02\/fibro3-300x200.jpg 300w, https:\/\/dimensionturistica.com\/es\/wp-content\/uploads\/2023\/02\/fibro3.jpg 500w\" sizes=\"(max-width: 300px) 100vw, 300px\" \/><\/p>\n<p>calidad de vida y esperanza a quienes desarrollan esta condici\u00f3n, dando respuesta a una necesidad m\u00e9dica insatisfecha donde hasta ahora no exist\u00eda una opci\u00f3n terap\u00e9utica\u201d.<br \/>\nJunto con la aprobaci\u00f3n de la COFEPRIS, a esta nueva indicaci\u00f3n se suman las recientes aprobaciones por parte de la Agencia Europea de Medicamentos (EMA) y la Administraci\u00f3n de Alimentos y Medicamentos (FDA) de Estados Unidos, entre otras instancias sanitarias en el mundo.<\/p>\n","protected":false},"excerpt":{"rendered":"<p>\u201cNo hay mucho por hacer\u201d es una frase com\u00fan que actualmente suelen escuchar los pacientes al saber que desarrollan Fibrosis Pulmonar Progresiva (FPP), grave condici\u00f3n que, ante la ausencia de tratamientos espec\u00edficos para su control, condena a quienes la padecen a vivir dependientes de ox\u00edgeno en todo momento, con la sentencia de deterioro de la [&hellip;]<\/p>\n","protected":false},"author":1,"featured_media":495115,"comment_status":"open","ping_status":"closed","sticky":false,"template":"","format":"standard","meta":{"om_disable_all_campaigns":false,"jnews-multi-image_gallery":[],"jnews_single_post":{"source_name":"","source_url":"","via_name":"","via_url":"","override_template":"0","override":[{"template":"1","single_blog_custom":"","parallax":"1","fullscreen":"1","layout":"right-sidebar","sidebar":"default-sidebar","second_sidebar":"default-sidebar","sticky_sidebar":"1","share_position":"top","share_float_style":"share-monocrhome","show_share_counter":"1","show_view_counter":"1","show_featured":"1","show_post_meta":"1","show_post_author":"1","show_post_author_image":"1","show_post_date":"1","post_date_format":"default","post_date_format_custom":"Y\/m\/d","show_post_category":"1","show_post_reading_time":"0","post_reading_time_wpm":"300","show_zoom_button":"0","zoom_button_out_step":"2","zoom_button_in_step":"3","show_post_tag":"1","show_prev_next_post":"1","show_popup_post":"1","number_popup_post":"1","show_author_box":"0","show_post_related":"0","show_inline_post_related":"0"}],"override_image_size":"0","image_override":[{"single_post_thumbnail_size":"crop-500","single_post_gallery_size":"crop-500"}],"trending_post":"0","trending_post_position":"meta","trending_post_label":"Trending","sponsored_post":"0","sponsored_post_label":"Sponsored by","sponsored_post_name":"","sponsored_post_url":"","sponsored_post_logo_enable":"0","sponsored_post_logo":"","sponsored_post_desc":"","disable_ad":"0"},"jnews_primary_category":{"id":"","hide":""},"jnews_social_meta":{"fb_title":"","fb_description":"","fb_image":"","twitter_title":"","twitter_description":"","twitter_image":""},"footnotes":""},"categories":[40],"tags":[],"class_list":["post-495105","post","type-post","status-publish","format-standard","has-post-thumbnail","hentry","category-industria"],"_links":{"self":[{"href":"https:\/\/dimensionturistica.com\/es\/wp-json\/wp\/v2\/posts\/495105","targetHints":{"allow":["GET"]}}],"collection":[{"href":"https:\/\/dimensionturistica.com\/es\/wp-json\/wp\/v2\/posts"}],"about":[{"href":"https:\/\/dimensionturistica.com\/es\/wp-json\/wp\/v2\/types\/post"}],"author":[{"embeddable":true,"href":"https:\/\/dimensionturistica.com\/es\/wp-json\/wp\/v2\/users\/1"}],"replies":[{"embeddable":true,"href":"https:\/\/dimensionturistica.com\/es\/wp-json\/wp\/v2\/comments?post=495105"}],"version-history":[{"count":0,"href":"https:\/\/dimensionturistica.com\/es\/wp-json\/wp\/v2\/posts\/495105\/revisions"}],"wp:featuredmedia":[{"embeddable":true,"href":"https:\/\/dimensionturistica.com\/es\/wp-json\/wp\/v2\/media\/495115"}],"wp:attachment":[{"href":"https:\/\/dimensionturistica.com\/es\/wp-json\/wp\/v2\/media?parent=495105"}],"wp:term":[{"taxonomy":"category","embeddable":true,"href":"https:\/\/dimensionturistica.com\/es\/wp-json\/wp\/v2\/categories?post=495105"},{"taxonomy":"post_tag","embeddable":true,"href":"https:\/\/dimensionturistica.com\/es\/wp-json\/wp\/v2\/tags?post=495105"}],"curies":[{"name":"wp","href":"https:\/\/api.w.org\/{rel}","templated":true}]}}