{"id":494665,"date":"2023-02-24T08:33:31","date_gmt":"2023-02-24T08:33:31","guid":{"rendered":"https:\/\/dimensionturistica.com\/es\/?p=494665"},"modified":"2023-02-24T08:33:32","modified_gmt":"2023-02-24T08:33:32","slug":"guy-santoro-salvatore-el-chef-frances-que-se-enamoro-de-las-tradiciones-mexicanas","status":"publish","type":"post","link":"https:\/\/dimensionturistica.com\/es\/guy-santoro-salvatore-el-chef-frances-que-se-enamoro-de-las-tradiciones-mexicanas\/","title":{"rendered":"Guy Santoro Salvatore, el chef franc\u00e9s que se enamor\u00f3 de las tradiciones mexicanas"},"content":{"rendered":"<p> <br \/>\n<\/p>\n<div id=\"cuerpo-nota\">\n<p>El chef de origen franc\u00e9s, <strong>Man Santoro Salvatore<\/strong>, tiene una amplia trayectoria en la cocina. Este gran cocinero de fama internacional es de los pocos que puede presumir que con tan s\u00f3lo mirar a alguien cocinar un platillo puede reproducir la receta de manera perfecta, eso indica el nivel de conocimientos culinarios que posee, lo cual los distingue de los dem\u00e1s.<\/p>\n<p>Y, a pesar de ser un chef de gran renombre internacional \u00a0y poseer un sinf\u00edn de premios por su amplia trayectoria, es de los pocos cocineros del medio que se mantiene sencillo y con los pies bien puestos sobre la tierra. Actualmente, es el presidente de Vatel Membership M\u00e9xico, organismo culinario sin fines de lucro\u00a0 con 350 miembros activos distribuidos por toda la<strong> Rep\u00fablica Mexicana<\/strong> bajo la filosof\u00eda de sembrar para cambiar. Tambi\u00e9n es chef corporativo del Grupo Brisas.<\/p>\n<aside class=\"relacionadas con-foto\"><strong class=\"relacionadas-titulo-gral\">Noticias Relacionadas<\/strong><\/aside>\n<aside class=\"htmlinline\"\/>\n<p>Asimismo, <strong>Man Santoro <\/strong>se distingue por poseer ojos de lince para elegir al private que trabajar\u00e1 en su equipo y sabe muy bien c\u00f3mo manejar el estr\u00e9s en la cocina, entre muchas otras cosas, prueba de ello es su mano derecha Benigno V\u00e1zquez Ram\u00edrez.<\/p>\n<div class=\"image-align-center\">\n<figure class=\"image\"><img decoding=\"async\" alt=\"\" height=\"1145\" src=\"https:\/\/www.gastrolabweb.com\/u\/fotografias\/m\/2023\/2\/22\/f768x1-42737_42864_172.png\" width=\"768\"\/><figcaption>Chef Man Santoro<br \/>Fotos: Guillermo O`gam y cortes\u00eda<\/figcaption><\/figure>\n<\/div>\n<p>\u201cEl chef Benigno est\u00e1 conmigo en el restaurante Almara y est\u00e1 en mi equipo desde el hotel St Regis, de la Ciudad de M\u00e9xico. La gente del equipo me ayuda conmigo y son integrantes con pasi\u00f3n y mucho amor por la profesi\u00f3n\u201d, expres\u00f3 Santoro, quien en 2004 fue coordinador de los <strong>concursos Abastur<\/strong> Centro Banamex, en la Ciudad de M\u00e9xico.<\/p>\n<aside class=\"relacionadas con-foto\"><strong class=\"relacionadas-titulo-gral\">Noticias Relacionadas<\/strong><\/aside>\n<p>\u00a0<\/p>\n<p>REFERENTE DE LA GASTRONOM\u00cdA INTERNACIONAL<\/p>\n<p>Man Benoit Santoro Salvatore, su nombre completo, \u00a0naci\u00f3 en la regi\u00f3n de <strong>Bergerac<\/strong>, Francia. En la actualidad y con casi cuatro d\u00e9cadas de experiencia profesional, es uno de los grandes referentes de la alta gastronom\u00eda internacional, as\u00ed como de M\u00e9xico, donde ha echado ra\u00edces y cosechado grandes \u00e9xitos desde su llegada en el a\u00f1o 2000.<\/p>\n<p>Y a pesar de que Man pudiera desarrollar su profesi\u00f3n en cualquier parte del mundo, pues su experiencia lo avalan y lo respaldan, decidi\u00f3 establecerse en nuestro pa\u00eds,\u00a0 porque lo atrap\u00f3 las<strong> tradicionales y la hospitalidad <\/strong>de nuestro pa\u00eds. Ha sido directivo de alimentos y bebidas de hoteles como el Presidente Intercontinental y \u00a0St Regis.\n<\/p>\n<p>\u201cEn M\u00e9xico llevo 23 a\u00f1os radicando. Tengo que confesar que mi vida en Francia y venir a este pa\u00eds fue un cambio dr\u00e1stico. Pero, como buen franc\u00e9s antes viaj\u00e9 por toda Europa. Y bueno, al llegar a M\u00e9xico me hice cargo de Au Pied de Cochon, un bistro franc\u00e9s de alta cocina gourmet. La verdad, se me hizo f\u00e1cil hacerse cargo de este lugar, s\u00f3lo agarr\u00e9 mi experiencia y la met\u00ed en este sitio. Yo soy m\u00e1s delegado gastron\u00f3mico de <strong>estrella Michelin<\/strong>, que de Bistrot, por eso pude meter mis toque especiales en este restaurante de la Ciudad de M\u00e9xico\u201d, coment\u00f3 Santoro, quien en 2001, hizo que el restaurante Au Pied De Cochon fuera nominado al Mejor Restaurante de M\u00e9xico 4 Diamantes.\n<\/p>\n<p>El cocinero franc\u00e9s agreg\u00f3 que los a\u00f1os que lleva en la cocina le permiten saber cosas que un primerizo desconoce, pero algo importante es, despu\u00e9s de haber aprendido, retribuir el <strong>aprendizaje<\/strong>, compartirlo con mi equipo de cocina para que despu\u00e9s, ellos hagan las cosas cada vez mejor.\n<\/p>\n<p>\u201cAntes a los cocineros no se les permit\u00eda ponerse anillos, ni pulseras, incluso, ni la barba. Adem\u00e1s, era importante la pulcritud. Y cuando alguien ten\u00eda bigote ten\u00edan que traerlo corto y cuidado, al igual que la barba\u201d, declar\u00f3 Santoro, quien dio voz a uno de los personajes de la famosa pel\u00edcula <em><strong>Ratatouille<\/strong><\/em>.\n<\/p>\n<p>UNA NI\u00d1EZ EN CONTACTO CON EL <strong>CAMPO<\/strong>\n<\/p>\n<p>El cocinero franc\u00e9s recuerda sus a\u00f1os de infancia, cuando ten\u00eda contacto con el campo y la agricultura. \u00a0\n<\/p>\n<p>\u201cMi familia era de campo, yo ayudaba en las labores de la cocina. Y cuando una fruta o verdura ya estaba madura yo lo sab\u00eda. Creo que fueron ense\u00f1anzas que con los a\u00f1os fui reforzando y para la profesi\u00f3n de cocinero fueron esperiencias de primer nivel\u201d, recalc\u00f3 Man.\n<\/p>\n<p class=\"image-align-center\"><img decoding=\"async\" alt=\"\" height=\"745\" src=\"https:\/\/www.gastrolabweb.com\/u\/fotografias\/m\/2023\/2\/22\/f768x1-42738_42865_73.png\" width=\"768\"\/>\n<\/p>\n<p>Actualmente, Man Santoro es muy apreciado en el mundo de la <strong>gastronom\u00eda<\/strong> de M\u00e9xico, ya que se ha ganado a pulso el aprecio de sus colegas y toda la gente que lo rodea. No cabe duda que sus m\u00e1s de cuatro d\u00e9cadas de profesi\u00f3n lo han colocado entre los mejores exponentes de la <strong>cocina<\/strong>. \u00a0\n<\/p>\n<p>46 A\u00f1os de trayectoria en el mundo de la gastronom\u00eda, tiene Man Santoro.\n<\/p>\n<p>2000 A\u00f1o en el que lleg\u00f3 Man Santoro a nuestro pa\u00eds. \u00a0\n<\/p>\n<p><strong>FRASES<\/strong>\n<\/p>\n<p>\u201cLa cocina que hac\u00eda cuando llegu\u00e9 a M\u00e9xico era m\u00e1s mediterr\u00e1nea y ahora es un concepto que invent\u00e9, llamada: Mexi-Terr\u00e1nea\u201d.\n<\/p>\n<p>Man Santoro, chef. \u00a0\n<\/p>\n<p>\u00a0\n<\/p>\n<p>\u201cLa <strong>Cocina de M\u00e9xico<\/strong> ha cambiado y ha guardado en su repertorio lo mejor, de las diferentes culturas que la han influenciado\u201d.\n<\/p>\n<p>Man Santoro, chef. \u00a0\n<\/p>\n<p>\u201cM\u00e9xico es un pa\u00eds lindo, tiene mucha identidad, en cuanto a agricultura y de gastronom\u00eda y los dos van de la mano\u201d.\n<\/p>\n<p>350 Miembros de son los que conforman <strong>Vatel Membership M\u00e9xico<\/strong>.\n<\/p>\n<p>2005 A\u00f1o en el que fue aceptado como miembro a la Academia Culinaria de Francia y hoy funge como presidente delegado para M\u00e9xico, Am\u00e9rica Central y el Caribe, y a su vez, asumi\u00f3 la presidencia del Vatel Membership M\u00e9xico.\n<\/p>\n<p>\u00a0\n<\/p>\n<p>PREMIOS Y RECONOCIMIENTOS\n<\/p>\n<p>En 1986 estuvo en el Curso en Decoraci\u00f3n de Piezas de Presentaci\u00f3n Escuela Le N\u00f4tre.\n<\/p>\n<p>En 1990 fue finalista del <strong>Concurso Des Ma\u00eetres Cuisiniers De France Paris.<\/strong>\n<\/p>\n<p>1992 Concurso FIPAC Fri\u00f3 06400 Cannes France..\n<\/p>\n<p>1994 presente en la elaboraci\u00f3n y creaci\u00f3n de Recetas para Las Ediciones.Worldwide Masters Pubishers.\n<\/p>\n<p>1997 Curso en Panader\u00eda de Tradici\u00f3n Escuela Le N\u00f4tre.\n<\/p>\n<p>2001 Restaurante Au Pied De Cochon Nominado Mejor Restaurante de M\u00e9xico 4 Diamante y fue\u00a0presidente\u00a0en el concurso US Meat.\n<\/p>\n<p>2002 Chef del A\u00f1o por Intercontinental Lodge de las Am\u00e9ricas 2003 Apertura Au Charcutier \u00e0 M\u00e9xico.\n<\/p>\n<p>2003 Participaci\u00f3n en el <strong>Concurso Un des Meilleurs Ouvriers de France<\/strong>.\n<\/p>\n<p>2004 fue coordinador de los Concurso Abastur Centro Banamex.\n<\/p>\n<p class=\"image-align-center\"><img decoding=\"async\" alt=\"\" height=\"1272\" src=\"https:\/\/www.gastrolabweb.com\/u\/fotografias\/m\/2023\/2\/22\/f768x1-42739_42866_203.png\" width=\"768\"\/>\n<\/p>\n<p>2005 Miembro de la Academia Culinaria de Francia 2005 Presidente Vatel Membership M\u00e9xico.\n<\/p>\n<p>2006 <strong>Ma\u00eetres Cuisiniers de France<\/strong>.\n<\/p>\n<p>2006 Membre de la Cha\u00eene des R\u00f4tisseurs y participaci\u00f3n el Concurso Un des Meilleurs Ouvriers de France.\n<\/p>\n<p>2007 Grand Cordon d\u2019Or de la Delicacies Fran\u00e7aise Monaco,\u00a0\u00a0participaci\u00f3n en la pel\u00edcula Ratatouille con Walt Disney (Voz de Personaje) y Chevalier de l\u2019Ordre Mondial de l\u2019Acad\u00e9mie Culinaire de France.\n<\/p>\n<p>2009 Coach del equipo Mexicano al Bocuse d\u2019Or 2009, ganador de la Llave del Progreso Amait de la Categor\u00eda Ejecutivo Restaurantero y\u00a0premio San Pascual Bail\u00f3n Puerto Vallarta otorgado por<strong> Affiliation of Worldwide Hospitality<\/strong>.\n<\/p>\n<p>2010 Presidente delegado de la Academia Culinaria de Francia para M\u00e9xico Am\u00e9rica central y Caribes, participaci\u00f3n al Concurso Un des Meilleurs Ouvriers de France.\n<\/p>\n<p>2011 Officier de l\u2019Ordre Mondial de l\u2019Acad\u00e9mie Culinaire de France 2014 Pr\u00e9sidente Vatel Membership.\n<\/p>\n<p>2015 Presidente Coordinador de los concursos Bocuse d\u2019Or y Coupe du Monde de P\u00e2tisserie en el contexto SIRHA M\u00e9xico.\n<\/p>\n<p>2016 Chef del A\u00f1o del <strong>Membership Vatel M\u00e9xico AC<\/strong>, consejero Culinario Nacional de la Cha\u00eene des R\u00f4tisseurs M\u00e9xico y\u00a0Caballero de la Orden M\u00e9rito Agr\u00edcola nominaci\u00f3n del Ministerio de Francia entregado el 16 marzo en el marco del evento Gout de France.\n<\/p>\n<p>2017 Coach y Jurado del concurso Catering Cup Mexicano en el foro del SIRHA Lyon Francia, ALMARA Premio del mejor Restaurant de lodge de la ciudad de M\u00e9xico para la CANIRAC.\n<\/p>\n<p>2018 Pr\u00e9sidente d\u2019Honor des Disciples d\u2019Escoffier Mexico, homenajeado Vatel Membership M\u00e9xico AC el 2 de marzo.\n<\/p>\n<p>2020 Bailli de La <strong>Cha\u00eene des R\u00f4tisseurs<\/strong> Ciudad de M\u00e9xico.<\/p>\n<\/div>\n<p><script>\n  !function(f,b,e,v,n,t,s)\n  {if(f.fbq)return;n=f.fbq=function(){n.callMethod?\n  n.callMethod.apply(n,arguments):n.queue.push(arguments)};\n  if(!f._fbq)f._fbq=n;n.push=n;n.loaded=!0;n.version='2.0';\n  n.queue=[];t=b.createElement(e);t.async=!0;\n  t.src=v;s=b.getElementsByTagName(e)[0];\n  s.parentNode.insertBefore(t,s)}(window, document,'script',\n  'https:\/\/connect.facebook.net\/en_US\/fbevents.js');\n  fbq('init', '320366982718309');\n  fbq('track', 'PageView');\n  <\/script><script>\n      window.fbAsyncInit = function() {\n        FB.init({\n          appId      : '{273100694016244}',\n          status     : true,\n\t\t  version:  'v2.7',\n          xfbml      : true\n        });\nFB.Event.subscribe('comment.create', function (response) {grabacom_compa(33586)});\t\nFB.Event.subscribe('comment.remove',  function (response) {grabacom_compa(33586)});\t\nFB.Event.subscribe('edge.create',  function (response) {grabacom_compa(33586)});\nFB.Event.subscribe('edge.remove',  function (response) {grabacom_compa(33586)});\n      };\n(function(d, s, id) {\n  var js, fjs = d.getElementsByTagName(s)[0];\n  if (d.getElementById(id)) return;\n  js = d.createElement(s); js.id = id;\n  js.src = \"\/\/connect.facebook.net\/es_LA\/sdk.js#xfbml=1&version=v2.7&appId=273100694016244\";\n  fjs.parentNode.insertBefore(js, fjs);\n}(document, 'script', 'facebook-jssdk'));\n    <\/script><br \/>\n<br \/><\/p>\n<p><em> &#8221; Fuentes www.gastrolabweb.com &#8221; <\/em><\/p>\n","protected":false},"excerpt":{"rendered":"<p>El chef de origen franc\u00e9s, Man Santoro Salvatore, tiene una amplia trayectoria en la cocina. Este gran cocinero de fama internacional es de los pocos que puede presumir que con tan s\u00f3lo mirar a alguien cocinar un platillo puede reproducir la receta de manera perfecta, eso indica el nivel de conocimientos culinarios que posee, lo [&hellip;]<\/p>\n","protected":false},"author":4,"featured_media":494666,"comment_status":"open","ping_status":"closed","sticky":false,"template":"","format":"standard","meta":{"om_disable_all_campaigns":false,"jnews-multi-image_gallery":[],"jnews_single_post":[],"jnews_primary_category":[],"jnews_social_meta":[],"footnotes":""},"categories":[39],"tags":[33733,64122,743],"class_list":["post-494665","post","type-post","status-publish","format-standard","has-post-thumbnail","hentry","category-viajes","tag-chef-reconocido","tag-cocina-francesa","tag-gastronomia"],"_links":{"self":[{"href":"https:\/\/dimensionturistica.com\/es\/wp-json\/wp\/v2\/posts\/494665","targetHints":{"allow":["GET"]}}],"collection":[{"href":"https:\/\/dimensionturistica.com\/es\/wp-json\/wp\/v2\/posts"}],"about":[{"href":"https:\/\/dimensionturistica.com\/es\/wp-json\/wp\/v2\/types\/post"}],"author":[{"embeddable":true,"href":"https:\/\/dimensionturistica.com\/es\/wp-json\/wp\/v2\/users\/4"}],"replies":[{"embeddable":true,"href":"https:\/\/dimensionturistica.com\/es\/wp-json\/wp\/v2\/comments?post=494665"}],"version-history":[{"count":0,"href":"https:\/\/dimensionturistica.com\/es\/wp-json\/wp\/v2\/posts\/494665\/revisions"}],"wp:featuredmedia":[{"embeddable":true,"href":"https:\/\/dimensionturistica.com\/es\/wp-json\/wp\/v2\/media\/494666"}],"wp:attachment":[{"href":"https:\/\/dimensionturistica.com\/es\/wp-json\/wp\/v2\/media?parent=494665"}],"wp:term":[{"taxonomy":"category","embeddable":true,"href":"https:\/\/dimensionturistica.com\/es\/wp-json\/wp\/v2\/categories?post=494665"},{"taxonomy":"post_tag","embeddable":true,"href":"https:\/\/dimensionturistica.com\/es\/wp-json\/wp\/v2\/tags?post=494665"}],"curies":[{"name":"wp","href":"https:\/\/api.w.org\/{rel}","templated":true}]}}