{"id":494539,"date":"2023-02-24T01:23:38","date_gmt":"2023-02-24T01:23:38","guid":{"rendered":"https:\/\/dimensionturistica.com\/es\/?p=494539"},"modified":"2023-02-24T01:23:38","modified_gmt":"2023-02-24T01:23:38","slug":"presente-el-caribe-mexicano-en-la-anato-que-celebra-en-bogota","status":"publish","type":"post","link":"https:\/\/dimensionturistica.com\/es\/presente-el-caribe-mexicano-en-la-anato-que-celebra-en-bogota\/","title":{"rendered":"Presente el Caribe Mexicano en la ANATO que celebra en Bogot\u00e1"},"content":{"rendered":"<p>La delegaci\u00f3n quintanarroense inici\u00f3 este mi\u00e9rcoles formalmente su participaci\u00f3n en la Vitrina Tur\u00edstica de la Asociaci\u00f3n Nacional de Agencias de Viajes y Tour Operadores (ANATO), que se celebra en Bogot\u00e1, Colombia, donde ante<img decoding=\"async\" class=\"size-medium wp-image-494495 alignright\" src=\"https:\/\/dimensionturistica.com\/es\/wp-content\/uploads\/2023\/02\/e9a4458a-57f7-45eb-b703-4a849aa44953-300x200.jpg\" alt=\"\" width=\"300\" height=\"200\" srcset=\"https:\/\/dimensionturistica.com\/es\/wp-content\/uploads\/2023\/02\/e9a4458a-57f7-45eb-b703-4a849aa44953-300x200.jpg 300w, https:\/\/dimensionturistica.com\/es\/wp-content\/uploads\/2023\/02\/e9a4458a-57f7-45eb-b703-4a849aa44953-1024x682.jpg 1024w, https:\/\/dimensionturistica.com\/es\/wp-content\/uploads\/2023\/02\/e9a4458a-57f7-45eb-b703-4a849aa44953-768x512.jpg 768w, https:\/\/dimensionturistica.com\/es\/wp-content\/uploads\/2023\/02\/e9a4458a-57f7-45eb-b703-4a849aa44953-1536x1023.jpg 1536w, https:\/\/dimensionturistica.com\/es\/wp-content\/uploads\/2023\/02\/e9a4458a-57f7-45eb-b703-4a849aa44953-750x500.jpg 750w, https:\/\/dimensionturistica.com\/es\/wp-content\/uploads\/2023\/02\/e9a4458a-57f7-45eb-b703-4a849aa44953-1140x760.jpg 1140w, https:\/\/dimensionturistica.com\/es\/wp-content\/uploads\/2023\/02\/e9a4458a-57f7-45eb-b703-4a849aa44953.jpg 1600w\" sizes=\"(max-width: 300px) 100vw, 300px\" \/> autoridades de turismo federal y de los estados participantes se cort\u00f3 el list\u00f3n inaugural del Pabell\u00f3n de M\u00e9xico, el cual alberga la secci\u00f3n correspondiente del Caribe Mexicano.<br \/>\nEl titular de la Secretar\u00eda de Turismo en el Estado, Bernardo Cueto Riestra, quien asiste en representaci\u00f3n de la gobernadora Mara Lezama Espinosa, encabez\u00f3 la apertura del Pabell\u00f3n del Caribe Mexicano, acompa\u00f1ado por el director del Consejo de Promoci\u00f3n Tur\u00edstica de Quintana Roo, Javier Aranda Pedrero, funcionarios municipales y un grupo de 14 empresas quintanarroenses.<img decoding=\"async\" class=\"size-medium wp-image-494496 alignright\" src=\"https:\/\/dimensionturistica.com\/es\/wp-content\/uploads\/2023\/02\/ebd33f8f-0f5b-4516-9c4b-c0895348da27-300x200.jpg\" alt=\"\" width=\"300\" height=\"200\" srcset=\"https:\/\/dimensionturistica.com\/es\/wp-content\/uploads\/2023\/02\/ebd33f8f-0f5b-4516-9c4b-c0895348da27-300x200.jpg 300w, https:\/\/dimensionturistica.com\/es\/wp-content\/uploads\/2023\/02\/ebd33f8f-0f5b-4516-9c4b-c0895348da27-1024x682.jpg 1024w, https:\/\/dimensionturistica.com\/es\/wp-content\/uploads\/2023\/02\/ebd33f8f-0f5b-4516-9c4b-c0895348da27-768x512.jpg 768w, https:\/\/dimensionturistica.com\/es\/wp-content\/uploads\/2023\/02\/ebd33f8f-0f5b-4516-9c4b-c0895348da27-1536x1023.jpg 1536w, https:\/\/dimensionturistica.com\/es\/wp-content\/uploads\/2023\/02\/ebd33f8f-0f5b-4516-9c4b-c0895348da27-750x500.jpg 750w, https:\/\/dimensionturistica.com\/es\/wp-content\/uploads\/2023\/02\/ebd33f8f-0f5b-4516-9c4b-c0895348da27-1140x760.jpg 1140w, https:\/\/dimensionturistica.com\/es\/wp-content\/uploads\/2023\/02\/ebd33f8f-0f5b-4516-9c4b-c0895348da27.jpg 1600w\" sizes=\"(max-width: 300px) 100vw, 300px\" \/><br \/>\nPreviamente, el Consejo de Promoci\u00f3n Tur\u00edstica de Quintana Roo (CPTQ), con apoyo de la aerol\u00ednea Volaris, socio estrat\u00e9gico, organiz\u00f3 una reuni\u00f3n y c\u00f3ctel con casi 50 empresarios y representantes de empresas tur\u00edsticas del Caribe Mexicano, donde se agradeci\u00f3 tambi\u00e9n a agentes de viajes de Colombia por su confianza y preferencia por los destinos del estado.<br \/>\nAnte 120 agentes de viajes y mayoristas colombianos, se present\u00f3 la enorme gama de opciones que ofrece el sur de la entidad, como Grand Costa Maya, que<img decoding=\"async\" class=\"size-medium wp-image-494483 alignright\" src=\"https:\/\/dimensionturistica.com\/es\/wp-content\/uploads\/2023\/02\/771c5c04-1809-4fc0-a8ac-e2f893ba3b6b-300x200.jpg\" alt=\"\" width=\"300\" height=\"200\" srcset=\"https:\/\/dimensionturistica.com\/es\/wp-content\/uploads\/2023\/02\/771c5c04-1809-4fc0-a8ac-e2f893ba3b6b-300x200.jpg 300w, https:\/\/dimensionturistica.com\/es\/wp-content\/uploads\/2023\/02\/771c5c04-1809-4fc0-a8ac-e2f893ba3b6b-1024x682.jpg 1024w, https:\/\/dimensionturistica.com\/es\/wp-content\/uploads\/2023\/02\/771c5c04-1809-4fc0-a8ac-e2f893ba3b6b-768x512.jpg 768w, https:\/\/dimensionturistica.com\/es\/wp-content\/uploads\/2023\/02\/771c5c04-1809-4fc0-a8ac-e2f893ba3b6b-1536x1023.jpg 1536w, https:\/\/dimensionturistica.com\/es\/wp-content\/uploads\/2023\/02\/771c5c04-1809-4fc0-a8ac-e2f893ba3b6b-750x500.jpg 750w, https:\/\/dimensionturistica.com\/es\/wp-content\/uploads\/2023\/02\/771c5c04-1809-4fc0-a8ac-e2f893ba3b6b-1140x760.jpg 1140w, https:\/\/dimensionturistica.com\/es\/wp-content\/uploads\/2023\/02\/771c5c04-1809-4fc0-a8ac-e2f893ba3b6b.jpg 1600w\" sizes=\"(max-width: 300px) 100vw, 300px\" \/> agrupa a Chetumal, Bacalar y Mahahual. Se mostr\u00f3 la amplia colecci\u00f3n de sitios arqueol\u00f3gicos de origen maya, como Chacchoben, Kohunlich y Oxtankah.<br \/>\nEntre los invitados especiales asistieron la nueva embajadora de M\u00e9xico en Colombia, Martha Patricia Ruiz Anchondo y el senador por Quintana Roo, Rogelio M\u00e1rquez Valdivia.<br \/>\nTambi\u00e9n participan representantes de marcas que tienen su propio pabell\u00f3n; personalidades del resto de los destinos de M\u00e9xico y varios presidentes de las asociaciones de empresas tur\u00edsticas.<\/p>\n","protected":false},"excerpt":{"rendered":"<p>La delegaci\u00f3n quintanarroense inici\u00f3 este mi\u00e9rcoles formalmente su participaci\u00f3n en la Vitrina Tur\u00edstica de la Asociaci\u00f3n Nacional de Agencias de Viajes y Tour Operadores (ANATO), que se celebra en Bogot\u00e1, Colombia, donde ante autoridades de turismo federal y de los estados participantes se cort\u00f3 el list\u00f3n inaugural del Pabell\u00f3n de M\u00e9xico, el cual alberga la [&hellip;]<\/p>\n","protected":false},"author":1,"featured_media":494492,"comment_status":"open","ping_status":"closed","sticky":false,"template":"","format":"standard","meta":{"om_disable_all_campaigns":false,"jnews-multi-image_gallery":[],"jnews_single_post":{"source_name":"","source_url":"","via_name":"","via_url":"","override_template":"0","override":[{"template":"1","single_blog_custom":"","parallax":"1","fullscreen":"1","layout":"right-sidebar","sidebar":"default-sidebar","second_sidebar":"default-sidebar","sticky_sidebar":"1","share_position":"top","share_float_style":"share-monocrhome","show_share_counter":"1","show_view_counter":"1","show_featured":"1","show_post_meta":"1","show_post_author":"1","show_post_author_image":"1","show_post_date":"1","post_date_format":"default","post_date_format_custom":"Y\/m\/d","show_post_category":"1","show_post_reading_time":"0","post_reading_time_wpm":"300","show_zoom_button":"0","zoom_button_out_step":"2","zoom_button_in_step":"3","show_post_tag":"1","show_prev_next_post":"1","show_popup_post":"1","number_popup_post":"1","show_author_box":"0","show_post_related":"0","show_inline_post_related":"0"}],"override_image_size":"0","image_override":[{"single_post_thumbnail_size":"crop-500","single_post_gallery_size":"crop-500"}],"trending_post":"0","trending_post_position":"meta","trending_post_label":"Trending","sponsored_post":"0","sponsored_post_label":"Sponsored by","sponsored_post_name":"","sponsored_post_url":"","sponsored_post_logo_enable":"0","sponsored_post_logo":"","sponsored_post_desc":"","disable_ad":"0"},"jnews_primary_category":{"id":"","hide":""},"jnews_social_meta":{"fb_title":"","fb_description":"","fb_image":"","twitter_title":"","twitter_description":"","twitter_image":""},"footnotes":""},"categories":[39],"tags":[],"class_list":["post-494539","post","type-post","status-publish","format-standard","has-post-thumbnail","hentry","category-viajes"],"_links":{"self":[{"href":"https:\/\/dimensionturistica.com\/es\/wp-json\/wp\/v2\/posts\/494539","targetHints":{"allow":["GET"]}}],"collection":[{"href":"https:\/\/dimensionturistica.com\/es\/wp-json\/wp\/v2\/posts"}],"about":[{"href":"https:\/\/dimensionturistica.com\/es\/wp-json\/wp\/v2\/types\/post"}],"author":[{"embeddable":true,"href":"https:\/\/dimensionturistica.com\/es\/wp-json\/wp\/v2\/users\/1"}],"replies":[{"embeddable":true,"href":"https:\/\/dimensionturistica.com\/es\/wp-json\/wp\/v2\/comments?post=494539"}],"version-history":[{"count":0,"href":"https:\/\/dimensionturistica.com\/es\/wp-json\/wp\/v2\/posts\/494539\/revisions"}],"wp:featuredmedia":[{"embeddable":true,"href":"https:\/\/dimensionturistica.com\/es\/wp-json\/wp\/v2\/media\/494492"}],"wp:attachment":[{"href":"https:\/\/dimensionturistica.com\/es\/wp-json\/wp\/v2\/media?parent=494539"}],"wp:term":[{"taxonomy":"category","embeddable":true,"href":"https:\/\/dimensionturistica.com\/es\/wp-json\/wp\/v2\/categories?post=494539"},{"taxonomy":"post_tag","embeddable":true,"href":"https:\/\/dimensionturistica.com\/es\/wp-json\/wp\/v2\/tags?post=494539"}],"curies":[{"name":"wp","href":"https:\/\/api.w.org\/{rel}","templated":true}]}}