{"id":494465,"date":"2023-02-24T00:24:47","date_gmt":"2023-02-24T00:24:47","guid":{"rendered":"https:\/\/dimensionturistica.com\/es\/?p=494465"},"modified":"2023-02-24T00:24:47","modified_gmt":"2023-02-24T00:24:47","slug":"grupo-del-valle-apuesta-por-el-crecimiento-y-modernizacion-del-transporte-turistico-y-ejecutivo-en-el-caribe-mexicano","status":"publish","type":"post","link":"https:\/\/dimensionturistica.com\/es\/grupo-del-valle-apuesta-por-el-crecimiento-y-modernizacion-del-transporte-turistico-y-ejecutivo-en-el-caribe-mexicano\/","title":{"rendered":"Grupo Del Valle apuesta por el crecimiento y modernizaci\u00f3n del transporte tur\u00edstico y ejecutivo en el Caribe Mexicano"},"content":{"rendered":"<p><img decoding=\"async\" class=\"size-medium wp-image-494497 alignright\" src=\"https:\/\/dimensionturistica.com\/es\/wp-content\/uploads\/2023\/02\/f3c48d59-11d6-44fd-b4e2-c58fa9fca96c-300x200.jpg\" alt=\"\" width=\"300\" height=\"200\" srcset=\"https:\/\/dimensionturistica.com\/es\/wp-content\/uploads\/2023\/02\/f3c48d59-11d6-44fd-b4e2-c58fa9fca96c-300x200.jpg 300w, https:\/\/dimensionturistica.com\/es\/wp-content\/uploads\/2023\/02\/f3c48d59-11d6-44fd-b4e2-c58fa9fca96c-1024x683.jpg 1024w, https:\/\/dimensionturistica.com\/es\/wp-content\/uploads\/2023\/02\/f3c48d59-11d6-44fd-b4e2-c58fa9fca96c-768x512.jpg 768w, https:\/\/dimensionturistica.com\/es\/wp-content\/uploads\/2023\/02\/f3c48d59-11d6-44fd-b4e2-c58fa9fca96c-750x500.jpg 750w, https:\/\/dimensionturistica.com\/es\/wp-content\/uploads\/2023\/02\/f3c48d59-11d6-44fd-b4e2-c58fa9fca96c-1140x760.jpg 1140w, https:\/\/dimensionturistica.com\/es\/wp-content\/uploads\/2023\/02\/f3c48d59-11d6-44fd-b4e2-c58fa9fca96c.jpg 1200w\" sizes=\"(max-width: 300px) 100vw, 300px\" \/>Grupo Del Valle, consorcio 100% mexicano originario del Estado de Hidalgo, celebra este a\u00f1o su 20 Aniversario como una empresa consolidada y en expansi\u00f3n en el medio de transporte de Personal Ejecutivo y Tur\u00edstico.<br \/>\n\u201c\u201cSu trayectoria comienza con una visi\u00f3n innovadora e integral como transportadora que pueda ofrecer una amplia gama de unidades acorde a las necesidades que el medio demande.<img decoding=\"async\" class=\" wp-image-494494 alignleft\" src=\"https:\/\/dimensionturistica.com\/es\/wp-content\/uploads\/2023\/02\/bb263047-48ba-4254-8557-36fe4d77ab2c-225x300.jpg\" alt=\"\" width=\"160\" height=\"213\" srcset=\"https:\/\/dimensionturistica.com\/es\/wp-content\/uploads\/2023\/02\/bb263047-48ba-4254-8557-36fe4d77ab2c-225x300.jpg 225w, https:\/\/dimensionturistica.com\/es\/wp-content\/uploads\/2023\/02\/bb263047-48ba-4254-8557-36fe4d77ab2c-768x1023.jpg 768w, https:\/\/dimensionturistica.com\/es\/wp-content\/uploads\/2023\/02\/bb263047-48ba-4254-8557-36fe4d77ab2c-1153x1536.jpg 1153w, https:\/\/dimensionturistica.com\/es\/wp-content\/uploads\/2023\/02\/bb263047-48ba-4254-8557-36fe4d77ab2c-750x999.jpg 750w, https:\/\/dimensionturistica.com\/es\/wp-content\/uploads\/2023\/02\/bb263047-48ba-4254-8557-36fe4d77ab2c-1140x1519.jpg 1140w, https:\/\/dimensionturistica.com\/es\/wp-content\/uploads\/2023\/02\/bb263047-48ba-4254-8557-36fe4d77ab2c.jpg 1200w\" sizes=\"(max-width: 160px) 100vw, 160px\" \/><br \/>\nBajo esta innovaci\u00f3n y esquema de seguridad con una imagen de confort abordo, Grupo Del Valle se fortalece en diferentes estados de la Rep\u00fablica Mexicana teniendo al d\u00eda de hoy una presencia en siete estados a trav\u00e9s de sus sucursales que son: Hidalgo, CDMX, Monterrey, Guadalajara, Puerto Vallarta, Acapulco, M\u00e9rida, Canc\u00fan, Playa del Carmen y toda la Riviera Maya, a d\u00f3nde llegaron hace 10 a\u00f1os, y para este 2023, esperan iniciar operaciones en Baja California, espec\u00edficamente en Los Cabos, con 35<img decoding=\"async\" class=\"size-medium wp-image-494496 alignright\" src=\"https:\/\/dimensionturistica.com\/es\/wp-content\/uploads\/2023\/02\/ebd33f8f-0f5b-4516-9c4b-c0895348da27-300x200.jpg\" alt=\"\" width=\"300\" height=\"200\" srcset=\"https:\/\/dimensionturistica.com\/es\/wp-content\/uploads\/2023\/02\/ebd33f8f-0f5b-4516-9c4b-c0895348da27-300x200.jpg 300w, https:\/\/dimensionturistica.com\/es\/wp-content\/uploads\/2023\/02\/ebd33f8f-0f5b-4516-9c4b-c0895348da27-1024x682.jpg 1024w, https:\/\/dimensionturistica.com\/es\/wp-content\/uploads\/2023\/02\/ebd33f8f-0f5b-4516-9c4b-c0895348da27-768x512.jpg 768w, https:\/\/dimensionturistica.com\/es\/wp-content\/uploads\/2023\/02\/ebd33f8f-0f5b-4516-9c4b-c0895348da27-1536x1023.jpg 1536w, https:\/\/dimensionturistica.com\/es\/wp-content\/uploads\/2023\/02\/ebd33f8f-0f5b-4516-9c4b-c0895348da27-750x500.jpg 750w, https:\/\/dimensionturistica.com\/es\/wp-content\/uploads\/2023\/02\/ebd33f8f-0f5b-4516-9c4b-c0895348da27-1140x760.jpg 1140w, https:\/\/dimensionturistica.com\/es\/wp-content\/uploads\/2023\/02\/ebd33f8f-0f5b-4516-9c4b-c0895348da27.jpg 1600w\" sizes=\"(max-width: 300px) 100vw, 300px\" \/> autobuses.<br \/>\nActualmente, el corporativo reconoce que m\u00e1s de un 60 por ciento de su actividad se concentra en Quintana Roo, transportando tan s\u00f3lo en el Caribe Mexicano un promedio de 140 mil pasajeros todos los d\u00edas en m\u00e1s de 4 mil operaciones en sus diferentes modalidades de Transporte de Personal, Transporte de Turismo y Transporte Privado, especialmente en destinos como Canc\u00fan, Riviera Maya, Zonas Arqueol\u00f3gicas, parques y llegando hasta el puerto de Mahahual, recibiendo a los<img decoding=\"async\" class=\"size-medium wp-image-494486 alignright\" src=\"https:\/\/dimensionturistica.com\/es\/wp-content\/uploads\/2023\/02\/9716f6a4-0783-4407-ac79-6860dc43aea9-300x200.jpg\" alt=\"\" width=\"300\" height=\"200\" srcset=\"https:\/\/dimensionturistica.com\/es\/wp-content\/uploads\/2023\/02\/9716f6a4-0783-4407-ac79-6860dc43aea9-300x200.jpg 300w, https:\/\/dimensionturistica.com\/es\/wp-content\/uploads\/2023\/02\/9716f6a4-0783-4407-ac79-6860dc43aea9-1024x683.jpg 1024w, https:\/\/dimensionturistica.com\/es\/wp-content\/uploads\/2023\/02\/9716f6a4-0783-4407-ac79-6860dc43aea9-768x512.jpg 768w, https:\/\/dimensionturistica.com\/es\/wp-content\/uploads\/2023\/02\/9716f6a4-0783-4407-ac79-6860dc43aea9-750x500.jpg 750w, https:\/\/dimensionturistica.com\/es\/wp-content\/uploads\/2023\/02\/9716f6a4-0783-4407-ac79-6860dc43aea9-1140x760.jpg 1140w, https:\/\/dimensionturistica.com\/es\/wp-content\/uploads\/2023\/02\/9716f6a4-0783-4407-ac79-6860dc43aea9.jpg 1200w\" sizes=\"(max-width: 300px) 100vw, 300px\" \/> pasajeros que llegan a bordo de los principales cruceros internacionales del Caribe.<br \/>\nSu servicio recorre cada d\u00eda alrededor de 240 lobbies diferentes, con un estimado de 87 clientes cautivos principalmente en la industria hotelera, cubriendo la modalidad de transporte de personal y aproximadamente 70 Tour Operadoras, en el \u00e1mbito tur\u00edstico.<br \/>\nEl Caribe Mexicano es un destino tur\u00edstico con un gran crecimiento que requiere<img decoding=\"async\" class=\"size-medium wp-image-494490 alignright\" src=\"https:\/\/dimensionturistica.com\/es\/wp-content\/uploads\/2023\/02\/45581745-8746-4bec-92a7-191900d77846-300x200.jpg\" alt=\"\" width=\"300\" height=\"200\" srcset=\"https:\/\/dimensionturistica.com\/es\/wp-content\/uploads\/2023\/02\/45581745-8746-4bec-92a7-191900d77846-300x200.jpg 300w, https:\/\/dimensionturistica.com\/es\/wp-content\/uploads\/2023\/02\/45581745-8746-4bec-92a7-191900d77846-1024x683.jpg 1024w, https:\/\/dimensionturistica.com\/es\/wp-content\/uploads\/2023\/02\/45581745-8746-4bec-92a7-191900d77846-768x512.jpg 768w, https:\/\/dimensionturistica.com\/es\/wp-content\/uploads\/2023\/02\/45581745-8746-4bec-92a7-191900d77846-750x500.jpg 750w, https:\/\/dimensionturistica.com\/es\/wp-content\/uploads\/2023\/02\/45581745-8746-4bec-92a7-191900d77846-1140x760.jpg 1140w, https:\/\/dimensionturistica.com\/es\/wp-content\/uploads\/2023\/02\/45581745-8746-4bec-92a7-191900d77846.jpg 1200w\" sizes=\"(max-width: 300px) 100vw, 300px\" \/> de servicios de transportaci\u00f3n de clase mundial, confiable, moderno y de gran lujo\u201d, coment\u00f3 el Ing. Antonio Del Valle Gonz\u00e1lez, Fundador y CEO de Grupo Del Valle, quien anunci\u00f3 que este a\u00f1o adquirir\u00e1n alrededor de 150 nuevas unidades para su cobertura nacional, entre autobuses y Vanes, de las cuales se asignar\u00e1n alrededor de 70 autobuses Irizar, con chasis Mercedes Benz y Volvo, para operar en este multidestino tur\u00edstico.<br \/>\nGrupo Del Valle genera tan s\u00f3lo en Quintana Roo alrededor de 1,450 empleos<img decoding=\"async\" class=\"size-medium wp-image-494485 alignright\" src=\"https:\/\/dimensionturistica.com\/es\/wp-content\/uploads\/2023\/02\/8866b030-b082-4ba1-8daf-8b4afbba9a21-225x300.jpg\" alt=\"\" width=\"225\" height=\"300\" srcset=\"https:\/\/dimensionturistica.com\/es\/wp-content\/uploads\/2023\/02\/8866b030-b082-4ba1-8daf-8b4afbba9a21-225x300.jpg 225w, https:\/\/dimensionturistica.com\/es\/wp-content\/uploads\/2023\/02\/8866b030-b082-4ba1-8daf-8b4afbba9a21-768x1024.jpg 768w, https:\/\/dimensionturistica.com\/es\/wp-content\/uploads\/2023\/02\/8866b030-b082-4ba1-8daf-8b4afbba9a21-750x1000.jpg 750w, https:\/\/dimensionturistica.com\/es\/wp-content\/uploads\/2023\/02\/8866b030-b082-4ba1-8daf-8b4afbba9a21.jpg 1037w\" sizes=\"(max-width: 225px) 100vw, 225px\" \/> directos, de los casi dos mil colaboradores con los que cuenta a nivel nacional, y espera este a\u00f1o seguir acrecentando su plantilla laboral para cubrir la creciente demanda de nuevos clientes para este 2023.<br \/>\nTenemos delante de nosotros un gran reto como empresa y estamos comprometidos por seguir dando el mejor servicio y mejorar nuestra infraestructura con m\u00e1s unidades. La clave de nuestra solidez es sin duda el equipo de trabajo\u201d, enfatiz\u00f3 el Ing. Del Valle Gonz\u00e1lez.<br \/>\nComo parte de su compromiso social, el corporativo abri\u00f3 hace algunos a\u00f1os la Fundaci\u00f3n Antonio Del Valle que ofrece beneficios a los hijos de sus colaboradores para que asistan a la escuela con becas educativas en Hidalgo y en el caso de Quintana Roo con apoyos para el pago de colegiaturas, la compra de \u00fatiles escolares y equipo de c\u00f3mputo. De<img decoding=\"async\" class=\"size-medium wp-image-494481 alignright\" src=\"https:\/\/dimensionturistica.com\/es\/wp-content\/uploads\/2023\/02\/3e64a6f5-d2bb-4baa-9bbe-a2fc6745b775-300x169.jpg\" alt=\"\" width=\"300\" height=\"169\" srcset=\"https:\/\/dimensionturistica.com\/es\/wp-content\/uploads\/2023\/02\/3e64a6f5-d2bb-4baa-9bbe-a2fc6745b775-300x169.jpg 300w, https:\/\/dimensionturistica.com\/es\/wp-content\/uploads\/2023\/02\/3e64a6f5-d2bb-4baa-9bbe-a2fc6745b775-1024x576.jpg 1024w, https:\/\/dimensionturistica.com\/es\/wp-content\/uploads\/2023\/02\/3e64a6f5-d2bb-4baa-9bbe-a2fc6745b775-768x432.jpg 768w, https:\/\/dimensionturistica.com\/es\/wp-content\/uploads\/2023\/02\/3e64a6f5-d2bb-4baa-9bbe-a2fc6745b775-750x422.jpg 750w, https:\/\/dimensionturistica.com\/es\/wp-content\/uploads\/2023\/02\/3e64a6f5-d2bb-4baa-9bbe-a2fc6745b775-1140x641.jpg 1140w, https:\/\/dimensionturistica.com\/es\/wp-content\/uploads\/2023\/02\/3e64a6f5-d2bb-4baa-9bbe-a2fc6745b775.jpg 1200w\" sizes=\"(max-width: 300px) 100vw, 300px\" \/> igual forma, incentivan campa\u00f1as de responsabilidad social con sus operadores y en alianza con sus clientes, para brindar ayuda a las comunidades que m\u00e1s lo requieren.<br \/>\nPor otro lado, Del Valle Gonz\u00e1lez resalt\u00f3 que debido a que su prioridad es br<\/p>\n<p><img decoding=\"async\" class=\"wp-image-494484 alignleft\" src=\"https:\/\/dimensionturistica.com\/es\/wp-content\/uploads\/2023\/02\/975e65bb-5e75-4c6b-9e65-cb26e6351f8d-225x300.jpg\" alt=\"\" width=\"172\" height=\"229\" srcset=\"https:\/\/dimensionturistica.com\/es\/wp-content\/uploads\/2023\/02\/975e65bb-5e75-4c6b-9e65-cb26e6351f8d-225x300.jpg 225w, https:\/\/dimensionturistica.com\/es\/wp-content\/uploads\/2023\/02\/975e65bb-5e75-4c6b-9e65-cb26e6351f8d-768x1024.jpg 768w, https:\/\/dimensionturistica.com\/es\/wp-content\/uploads\/2023\/02\/975e65bb-5e75-4c6b-9e65-cb26e6351f8d-750x1000.jpg 750w, https:\/\/dimensionturistica.com\/es\/wp-content\/uploads\/2023\/02\/975e65bb-5e75-4c6b-9e65-cb26e6351f8d.jpg 1037w\" sizes=\"(max-width: 172px) 100vw, 172px\" \/><\/p>\n<p>indar un servicio seguro y confiable, seguir\u00e1n reforzando sus programas de capacitaci\u00f3n para todos sus operadores, mismos que son instruidos continuamente bajo la supervisi\u00f3n de Master Driver especializados en la tecnolog\u00eda y herramientas de seguridad que las marcas armadoras nos brindan, as\u00ed como cursos de manejo defensivo brindados por las compa\u00f1\u00edas aseguradoras.\u00a0Nuestro compromiso es con Quintana Roo y con seguir brindando un servicio de transporte acorde a las necesidades de nuestros clientes y al prestigio de este destino tur\u00edstico.\u201d concluy\u00f3.<\/p>\n","protected":false},"excerpt":{"rendered":"<p>Grupo Del Valle, consorcio 100% mexicano originario del Estado de Hidalgo, celebra este a\u00f1o su 20 Aniversario como una empresa consolidada y en expansi\u00f3n en el medio de transporte de Personal Ejecutivo y Tur\u00edstico. \u201c\u201cSu trayectoria comienza con una visi\u00f3n innovadora e integral como transportadora que pueda ofrecer una amplia gama de unidades acorde a [&hellip;]<\/p>\n","protected":false},"author":1,"featured_media":494493,"comment_status":"open","ping_status":"closed","sticky":false,"template":"","format":"standard","meta":{"om_disable_all_campaigns":false,"jnews-multi-image_gallery":[],"jnews_single_post":{"source_name":"","source_url":"","via_name":"","via_url":"","override_template":"0","override":[{"template":"1","single_blog_custom":"","parallax":"1","fullscreen":"1","layout":"right-sidebar","sidebar":"default-sidebar","second_sidebar":"default-sidebar","sticky_sidebar":"1","share_position":"top","share_float_style":"share-monocrhome","show_share_counter":"1","show_view_counter":"1","show_featured":"1","show_post_meta":"1","show_post_author":"1","show_post_author_image":"1","show_post_date":"1","post_date_format":"default","post_date_format_custom":"Y\/m\/d","show_post_category":"1","show_post_reading_time":"0","post_reading_time_wpm":"300","show_zoom_button":"0","zoom_button_out_step":"2","zoom_button_in_step":"3","show_post_tag":"1","show_prev_next_post":"1","show_popup_post":"1","number_popup_post":"1","show_author_box":"0","show_post_related":"0","show_inline_post_related":"0"}],"override_image_size":"0","image_override":[{"single_post_thumbnail_size":"crop-500","single_post_gallery_size":"crop-500"}],"trending_post":"0","trending_post_position":"meta","trending_post_label":"Trending","sponsored_post":"0","sponsored_post_label":"Sponsored by","sponsored_post_name":"","sponsored_post_url":"","sponsored_post_logo_enable":"0","sponsored_post_logo":"","sponsored_post_desc":"","disable_ad":"0"},"jnews_primary_category":{"id":"","hide":""},"jnews_social_meta":{"fb_title":"","fb_description":"","fb_image":"","twitter_title":"","twitter_description":"","twitter_image":""},"footnotes":""},"categories":[39],"tags":[],"class_list":["post-494465","post","type-post","status-publish","format-standard","has-post-thumbnail","hentry","category-viajes"],"_links":{"self":[{"href":"https:\/\/dimensionturistica.com\/es\/wp-json\/wp\/v2\/posts\/494465","targetHints":{"allow":["GET"]}}],"collection":[{"href":"https:\/\/dimensionturistica.com\/es\/wp-json\/wp\/v2\/posts"}],"about":[{"href":"https:\/\/dimensionturistica.com\/es\/wp-json\/wp\/v2\/types\/post"}],"author":[{"embeddable":true,"href":"https:\/\/dimensionturistica.com\/es\/wp-json\/wp\/v2\/users\/1"}],"replies":[{"embeddable":true,"href":"https:\/\/dimensionturistica.com\/es\/wp-json\/wp\/v2\/comments?post=494465"}],"version-history":[{"count":0,"href":"https:\/\/dimensionturistica.com\/es\/wp-json\/wp\/v2\/posts\/494465\/revisions"}],"wp:featuredmedia":[{"embeddable":true,"href":"https:\/\/dimensionturistica.com\/es\/wp-json\/wp\/v2\/media\/494493"}],"wp:attachment":[{"href":"https:\/\/dimensionturistica.com\/es\/wp-json\/wp\/v2\/media?parent=494465"}],"wp:term":[{"taxonomy":"category","embeddable":true,"href":"https:\/\/dimensionturistica.com\/es\/wp-json\/wp\/v2\/categories?post=494465"},{"taxonomy":"post_tag","embeddable":true,"href":"https:\/\/dimensionturistica.com\/es\/wp-json\/wp\/v2\/tags?post=494465"}],"curies":[{"name":"wp","href":"https:\/\/api.w.org\/{rel}","templated":true}]}}