{"id":494246,"date":"2023-02-23T17:38:50","date_gmt":"2023-02-23T17:38:50","guid":{"rendered":"https:\/\/dimensionturistica.com\/es\/?p=494246"},"modified":"2023-02-23T17:38:50","modified_gmt":"2023-02-23T17:38:50","slug":"exige-morena-que-maru-campos-informe-sobre-sus-viajes-al-extranjero","status":"publish","type":"post","link":"https:\/\/dimensionturistica.com\/es\/exige-morena-que-maru-campos-informe-sobre-sus-viajes-al-extranjero\/","title":{"rendered":"Exige Morena que Maru Campos informe sobre sus viajes al extranjero"},"content":{"rendered":"<p> <br \/>\n<\/p>\n<div id=\"article-text\">\n<div class=\"col col1\">\n<p><span itemprop=\"name\">Rub\u00e9n Villalpando<\/span><\/p>\n<p>Corresponsal<\/p>\n<p>Peri\u00f3dico La Jornada<br \/>Jueves 23 de febrero de 2023, p. 25<\/p>\n<p class=\"s-s\">Ciudad Ju\u00e1rez,Chih., El diputado de Morena, David Castrej\u00f3n, present\u00f3 al Congreso native una iniciativa para que la Secretar\u00eda Normal de Gobierno estatal d\u00e9 un informe detallado sobre los constantes viajes al extranjero realizados por la gobernadora panista Mar\u00eda Eugenia Campos Galv\u00e1n.<\/p>\n<p>La mandataria, que inici\u00f3 su gesti\u00f3n en septiembre de 2021, ha visitado Cantabria, Espa\u00f1a; Par\u00eds, Francia; Londres, Inglaterra, y Washington, traslados y estancias con cargos al erario.<\/p>\n<p>Uno de sus viajes fue a Austin, Texas, el 14 de abril de 2022, para firmar con el gobernador republicano Greg Abbott un <q>memorando de entendimiento<\/q> para facilitar el cruce de veh\u00edculos de carga por la frontera entre Chihuahua y Texas, lo que habr\u00eda sido responsabilidad del gobierno federal.<\/p>\n<p>Castrej\u00f3n Rivas enumer\u00f3 los viajes de la titular del Ejecutivo estatal en l\u00edneas a\u00e9reas y naves particulares. Destac\u00f3 que en julio pasado, anunci\u00f3 en Francia que concret\u00f3 un proyecto de inversi\u00f3n de la empresa Malteurop en el municipio de Meoqui, para abastecer de malta a la cervecera Heineken.<\/p>\n<\/div>\n<div class=\"col col2\">\n<p>El legislador expuso que <q>la procesadora de malta para la empresa Heineken se empez\u00f3 a construir a inicios de a\u00f1o y no fue por sus gestiones, adem\u00e1s s\u00f3lo anuncia el proyecto y no la ejecuci\u00f3n de la obra<\/q>.<\/p>\n<p><q>Los beneficios que ha obtenido el estado de esos viajes no est\u00e1n claros, nuestros votantes reiteradamente nos preguntan cu\u00e1l fue el beneficio econ\u00f3mico, de salud o educativo<\/q> resultado de esos periplos, coment\u00f3 David Castrej\u00f3n.<\/p>\n<p>El morenista se\u00f1al\u00f3 que la gobernadora notific\u00f3 a la legislatura chihuahuense que ir\u00eda nuevamente por cinco d\u00edas a Washington, a una reuni\u00f3n de la Comisi\u00f3n Nacional del Agua, pero se sabe que ese acto s\u00f3lo dur\u00f3 un d\u00eda.<\/p>\n<\/div>\n<\/div>\n\n<p><em> &#8221; Fuentes www.jornada.com.mx &#8221; <\/em><\/p>\n","protected":false},"excerpt":{"rendered":"<p>Rub\u00e9n Villalpando Corresponsal Peri\u00f3dico La JornadaJueves 23 de febrero de 2023, p. 25 Ciudad Ju\u00e1rez,Chih., El diputado de Morena, David Castrej\u00f3n, present\u00f3 al Congreso native una iniciativa para que la Secretar\u00eda Normal de Gobierno estatal d\u00e9 un informe detallado sobre los constantes viajes al extranjero realizados por la gobernadora panista Mar\u00eda Eugenia Campos Galv\u00e1n. La [&hellip;]<\/p>\n","protected":false},"author":4,"featured_media":359083,"comment_status":"open","ping_status":"closed","sticky":false,"template":"","format":"standard","meta":{"om_disable_all_campaigns":false,"jnews-multi-image_gallery":[],"jnews_single_post":[],"jnews_primary_category":[],"jnews_social_meta":[],"footnotes":""},"categories":[39],"tags":[769,705],"class_list":["post-494246","post","type-post","status-publish","format-standard","has-post-thumbnail","hentry","category-viajes","tag-mexico","tag-noticias"],"_links":{"self":[{"href":"https:\/\/dimensionturistica.com\/es\/wp-json\/wp\/v2\/posts\/494246","targetHints":{"allow":["GET"]}}],"collection":[{"href":"https:\/\/dimensionturistica.com\/es\/wp-json\/wp\/v2\/posts"}],"about":[{"href":"https:\/\/dimensionturistica.com\/es\/wp-json\/wp\/v2\/types\/post"}],"author":[{"embeddable":true,"href":"https:\/\/dimensionturistica.com\/es\/wp-json\/wp\/v2\/users\/4"}],"replies":[{"embeddable":true,"href":"https:\/\/dimensionturistica.com\/es\/wp-json\/wp\/v2\/comments?post=494246"}],"version-history":[{"count":0,"href":"https:\/\/dimensionturistica.com\/es\/wp-json\/wp\/v2\/posts\/494246\/revisions"}],"wp:featuredmedia":[{"embeddable":true,"href":"https:\/\/dimensionturistica.com\/es\/wp-json\/wp\/v2\/media\/359083"}],"wp:attachment":[{"href":"https:\/\/dimensionturistica.com\/es\/wp-json\/wp\/v2\/media?parent=494246"}],"wp:term":[{"taxonomy":"category","embeddable":true,"href":"https:\/\/dimensionturistica.com\/es\/wp-json\/wp\/v2\/categories?post=494246"},{"taxonomy":"post_tag","embeddable":true,"href":"https:\/\/dimensionturistica.com\/es\/wp-json\/wp\/v2\/tags?post=494246"}],"curies":[{"name":"wp","href":"https:\/\/api.w.org\/{rel}","templated":true}]}}