{"id":493874,"date":"2023-02-23T08:51:53","date_gmt":"2023-02-23T08:51:53","guid":{"rendered":"https:\/\/dimensionturistica.com\/es\/?p=493874"},"modified":"2023-02-23T08:51:53","modified_gmt":"2023-02-23T08:51:53","slug":"la-cursa-de-la-dona-vicky-foods-convoca-un-concurso-de-relatos-cortos-para-escolares-de-5o-de-primaria","status":"publish","type":"post","link":"https:\/\/dimensionturistica.com\/es\/la-cursa-de-la-dona-vicky-foods-convoca-un-concurso-de-relatos-cortos-para-escolares-de-5o-de-primaria\/","title":{"rendered":"La Cursa de la Dona Vicky Foods convoca un concurso de relatos cortos para escolares de 5\u00ba de Primaria"},"content":{"rendered":"<p> <br \/>\n<\/p>\n<div>\n<p><img decoding=\"async\" alt=\"[Img #70654]\" class=\"RichTextAlignLeft\" src=\"https:\/\/saforguia.com\/upload\/images\/02_2023\/2643_1-concurso-relatos-cortos.jpg\"\/><\/p>\n<p>\u00a0<\/p>\n<p>La concejala de Igualdad y Pol\u00edticas Inclusivas en Gandia, Juana Navarro, y la gestora deportiva del CA Safor Teika, Lidia Balada, presentaron el mi\u00e9rcoles en rueda de prensa la primera edici\u00f3n del Concurso de Relatos Cortos convocado con motivo de la Cursa de la Dona Vicky Meals.<\/p>\n<p>\u00a0<\/p>\n<p>El certamen est\u00e1 dirigido a alumnos de 5\u00ba de Primaria de los centros educativos de Gandia y comarca. El tema de la redacci\u00f3n se deber\u00e1 escoger entre tres propuestas; \u201cRecuerdo con emoci\u00f3n mi \u00faltima Cursa\u201d, \u201cTengo ganas de la pr\u00f3xima Cursa\u201d, o \u201cYo tambi\u00e9n participar\u00e9 animando a mis compa\u00f1eras\u201d. Los originales se podr\u00e1n presentar en el edificio de la calle Tossal, o pedir a la organizaci\u00f3n que los recoja en el colegio, del 20 de febrero al 3 de marzo. La extensi\u00f3n ser\u00e1 de entre 100 y 150 palabras.<\/p>\n<p>\u00a0<\/p>\n<p>Habr\u00e1 varios premios para los mejores relatos, con cheques para gastar en materials deportivo; 100 euros para el primero, 75 euros para el segundo, y 50 euros para el tercero. Adem\u00e1s, los siete finalistas recibir\u00e1n una bolsa con productos del CA Safor Teika. Los premios se entregar\u00e1n el 8 de marzo, tras la lectura del manifiesto en la plaza Main prevista con motivo del Dia Internacional de la Dona.\u00a0\u00a0<\/p>\n<p>\u00a0<\/p>\n<p>A los colegios que pidan participar la organizaci\u00f3n les har\u00e1 llegar las plantillas en las que escribir su relato. Pueden solicitar la recogida de los textos en el mismo centro, contactando en el siguiente correo electr\u00f3nico: <em>cursadeladonagandia@cursadeladonagandia.com.<\/em><\/p>\n<p>\u00a0<\/p>\n<p>Lidia Balada coment\u00f3 que la Cursa vuelve a entrar en los colegios con esta iniciativa. \u201cHace unos a\u00f1os, gracias a a la ayuda del Premio Empr\u00e9n Esport y del diario Marca, explicamos al alumnado en qu\u00e9 consist\u00eda la Cursa y sus objetivos, y en 2019 se lanz\u00f3 la campa\u00f1a \u201cSuperem l\u2019amor rom\u00e0ntic\u201d, de la que surgi\u00f3 un libro de relatos\u201d.<\/p>\n<p>\u00a0<\/p>\n<p>Record\u00f3 que el objetivo del evento es fomentar el deporte entre las mujeres e implicar tambi\u00e9n a los hombres en este h\u00e1bito saludable\u201d, y agradeci\u00f3 el apoyo del \u00c1rea de Igualdad, as\u00ed como la implicaci\u00f3n y el esfuerzo de los docentes en el concurso. Por su parte, Juana Navarro se\u00f1al\u00f3 que esta es una de las muchas actividades en las que colabora el departamento para conmemorar el 8 de Marzo.\u00a0\u00a0<\/p>\n<p>\u00a0<\/p>\n<p><strong>Inscripciones abiertas<\/strong><br \/>La XIV Cursa de la Dona Vicky Meals tendr\u00e1 lugar en Gandia y Benirredr\u00e0, el pr\u00f3ximo domingo, 23 de abril. Est\u00e1 organizada por el CA Safor Teika y cuenta con la colaboraci\u00f3n de los Ayuntamientos de Gandia y Benirredr\u00e0, adem\u00e1s de diversas asociaciones, como la de vecinos de Benipeixcar, entidades deportivas y empresas patrocinadoras, como Vicky Meals. La carrera vuelve sin ninguna restricci\u00f3n y dejando atr\u00e1s las ediciones que fueron m\u00e1s complicadas por la situaci\u00f3n sanitaria.<\/p>\n<p>\u00a0<br \/>El circuito urbano, de 5,9 km, discurrir\u00e1, como siempre, por las calles de Gandia y Benirredr\u00e0. La salida ser\u00e1 a las 10.30 horas desde la avenida de Les Esclaves y la meta ser\u00e1 en el mismo espacio. Las inscripciones est\u00e1n abiertas en la internet oficial y en los puntos f\u00edsicos de entidades colaboradoras.<\/p>\n<\/div>\n\n<p><em> \u2018 The preceding article may include information circulated by third parties \u2019 <\/em><\/p>\n<p><em> \u2018 Some details of this article were extracted from the following source saforguia.com \u2019 <\/em><\/p>\n","protected":false},"excerpt":{"rendered":"<p>\u00a0 La concejala de Igualdad y Pol\u00edticas Inclusivas en Gandia, Juana Navarro, y la gestora deportiva del CA Safor Teika, Lidia Balada, presentaron el mi\u00e9rcoles en rueda de prensa la primera edici\u00f3n del Concurso de Relatos Cortos convocado con motivo de la Cursa de la Dona Vicky Meals. \u00a0 El certamen est\u00e1 dirigido a alumnos [&hellip;]<\/p>\n","protected":false},"author":2,"featured_media":493875,"comment_status":"open","ping_status":"closed","sticky":false,"template":"","format":"standard","meta":{"om_disable_all_campaigns":false,"jnews-multi-image_gallery":[],"jnews_single_post":[],"jnews_primary_category":[],"jnews_social_meta":[],"footnotes":""},"categories":[43],"tags":[41640],"class_list":["post-493874","post","type-post","status-publish","format-standard","has-post-thumbnail","hentry","category-gourmet","tag-cursa-dona-gandia"],"_links":{"self":[{"href":"https:\/\/dimensionturistica.com\/es\/wp-json\/wp\/v2\/posts\/493874","targetHints":{"allow":["GET"]}}],"collection":[{"href":"https:\/\/dimensionturistica.com\/es\/wp-json\/wp\/v2\/posts"}],"about":[{"href":"https:\/\/dimensionturistica.com\/es\/wp-json\/wp\/v2\/types\/post"}],"author":[{"embeddable":true,"href":"https:\/\/dimensionturistica.com\/es\/wp-json\/wp\/v2\/users\/2"}],"replies":[{"embeddable":true,"href":"https:\/\/dimensionturistica.com\/es\/wp-json\/wp\/v2\/comments?post=493874"}],"version-history":[{"count":0,"href":"https:\/\/dimensionturistica.com\/es\/wp-json\/wp\/v2\/posts\/493874\/revisions"}],"wp:featuredmedia":[{"embeddable":true,"href":"https:\/\/dimensionturistica.com\/es\/wp-json\/wp\/v2\/media\/493875"}],"wp:attachment":[{"href":"https:\/\/dimensionturistica.com\/es\/wp-json\/wp\/v2\/media?parent=493874"}],"wp:term":[{"taxonomy":"category","embeddable":true,"href":"https:\/\/dimensionturistica.com\/es\/wp-json\/wp\/v2\/categories?post=493874"},{"taxonomy":"post_tag","embeddable":true,"href":"https:\/\/dimensionturistica.com\/es\/wp-json\/wp\/v2\/tags?post=493874"}],"curies":[{"name":"wp","href":"https:\/\/api.w.org\/{rel}","templated":true}]}}