{"id":493673,"date":"2023-02-22T23:29:27","date_gmt":"2023-02-22T23:29:27","guid":{"rendered":"https:\/\/dimensionturistica.com\/es\/?p=493673"},"modified":"2023-02-22T23:29:27","modified_gmt":"2023-02-22T23:29:27","slug":"radio-habana-cuba-inauguran-ruta-aerea-monterrey-habana-jardines-del-rey-foto","status":"publish","type":"post","link":"https:\/\/dimensionturistica.com\/es\/radio-habana-cuba-inauguran-ruta-aerea-monterrey-habana-jardines-del-rey-foto\/","title":{"rendered":"Radio Habana Cuba | Inauguran ruta a\u00e9rea Monterrey-Habana-Jardines del Rey (+Foto)"},"content":{"rendered":"<p> <br \/>\n<\/p>\n<div>\n<div class=\"innerImage front center\"><img decoding=\"async\" alt=\"\" src=\"https:\/\/www.radiohc.cu\/articles\/cropped\/Dc0X-91823090-mex-cuba-turismo.jpg\" width=\"600\" height=\"281\"\/><\/p>\n<p class=\"subtitle\">El grupo de familiarizaci\u00f3n desarrollar\u00e1 un programa de cuatro d\u00edas para conocer los productos<br \/>&#13;<br \/>\nhoteleros y extrahoteleros. Foto: Osvaldo Guti\u00e9rrez<\/p>\n<\/div>\n<p>La Habana, 22 feb (RHC) La ruta a\u00e9rea Monterrey-Habana-Jardines del Rey qued\u00f3 inaugurada este mi\u00e9rcoles con un vuelo de familiarizaci\u00f3n integrado por agentes de viajes y turoperadores, que acercar\u00e1 a turistas mexicanos a los destinos del archipi\u00e9lago cubano.<\/p>\n<p>Viajes Cubanac\u00e1n ser\u00e1 el receptivo principal de los vacacionistas y trabajar\u00e1 de conjunto con el turoperador mexicano Viajes Boj\u00f3rquez, acompa\u00f1ado de Get pleasure from Journey Group y Skedio.<\/p>\n<p>Los vuelos, con dos frecuencias semanales \u2013mi\u00e9rcoles y s\u00e1bados-, potenciar\u00e1n la segmentaci\u00f3n de los mercados emisores al pa\u00eds y al destino de sol y playa en la central provincia de Ciego de \u00c1vila, adem\u00e1s de propiciar una conexi\u00f3n directa entre Jardines del Rey y la capital cubana.<\/p>\n<p>El grupo de familiarizaci\u00f3n desarrollar\u00e1 un programa de cuatro d\u00edas para conocer los productos hoteleros y extrahoteleros del destino formado por los cayos Coco, Guillermo, Pared\u00f3n grande y Ant\u00f3n Chico.<\/p>\n<p><img decoding=\"async\" alt=\"Foto: Osvaldo Guti\u00e9rrez\" src=\"http:\/\/www.acn.cu\/images\/2023\/Febrero\/0222-%20ruta%202.jpg\" style=\"width: 600px; height: 337px;\"\/><\/p>\n<p>Cristina P\u00e9rez, comercial de la Agencia Get pleasure from Journey Group, resalt\u00f3 la trascendencia de esa conexi\u00f3n, con ida y retorno en el d\u00eda, para potenciar la promoci\u00f3n del destino situado en el norte avile\u00f1o.<\/p>\n<p>Por su parte, Francis Hern\u00e1ndez, de la operadora Vi\u00f1ales Excursions, de Monterrey, destac\u00f3 las expectativas a partir de la nueva ruta, ya que mejora la conectividad con los islotes y posibilitar\u00e1 el acceso de familias mexicanas a las hermosas playas del enclave.<\/p>\n<p>Jardines del Rey cuenta actualmente con 26 hoteles, de categor\u00edas cuatro y cinco estrellas, ubicados en primera l\u00ednea de playa, con m\u00e1s de 10 mil habitaciones.<\/p>\n<p>Adem\u00e1s de su excelente producto de sol y playa ofrece variadas ofertas extrahoteleras vinculadas al entorno pure de gran diversidad biol\u00f3gica, propias para el senderismo, turismo de naturaleza y deportes n\u00e1uticos. <strong>(Fuente: <a rel=\"nofollow noopener\" target=\"_blank\" href=\"http:\/\/www.acn.cu\/economia\/105120-inauguran-ruta-aerea-monterrey-habana-cayo-coco-fotos\">ACN<\/a>)<\/strong><\/p>\n<\/p><\/div>\n\n<p><em> &#8221; Fuentes www.radiohc.cu &#8221; <\/em><\/p>\n","protected":false},"excerpt":{"rendered":"<p>El grupo de familiarizaci\u00f3n desarrollar\u00e1 un programa de cuatro d\u00edas para conocer los productos&#13; hoteleros y extrahoteleros. Foto: Osvaldo Guti\u00e9rrez La Habana, 22 feb (RHC) La ruta a\u00e9rea Monterrey-Habana-Jardines del Rey qued\u00f3 inaugurada este mi\u00e9rcoles con un vuelo de familiarizaci\u00f3n integrado por agentes de viajes y turoperadores, que acercar\u00e1 a turistas mexicanos a los destinos [&hellip;]<\/p>\n","protected":false},"author":4,"featured_media":493674,"comment_status":"open","ping_status":"closed","sticky":false,"template":"","format":"standard","meta":{"om_disable_all_campaigns":false,"jnews-multi-image_gallery":[],"jnews_single_post":[],"jnews_primary_category":[],"jnews_social_meta":[],"footnotes":""},"categories":[40],"tags":[956,769,64030,544],"class_list":["post-493673","post","type-post","status-publish","format-standard","has-post-thumbnail","hentry","category-industria","tag-cuba","tag-mexico","tag-ruta-aerea-monterey-habana-jardines-del-rey","tag-turismo"],"_links":{"self":[{"href":"https:\/\/dimensionturistica.com\/es\/wp-json\/wp\/v2\/posts\/493673","targetHints":{"allow":["GET"]}}],"collection":[{"href":"https:\/\/dimensionturistica.com\/es\/wp-json\/wp\/v2\/posts"}],"about":[{"href":"https:\/\/dimensionturistica.com\/es\/wp-json\/wp\/v2\/types\/post"}],"author":[{"embeddable":true,"href":"https:\/\/dimensionturistica.com\/es\/wp-json\/wp\/v2\/users\/4"}],"replies":[{"embeddable":true,"href":"https:\/\/dimensionturistica.com\/es\/wp-json\/wp\/v2\/comments?post=493673"}],"version-history":[{"count":0,"href":"https:\/\/dimensionturistica.com\/es\/wp-json\/wp\/v2\/posts\/493673\/revisions"}],"wp:featuredmedia":[{"embeddable":true,"href":"https:\/\/dimensionturistica.com\/es\/wp-json\/wp\/v2\/media\/493674"}],"wp:attachment":[{"href":"https:\/\/dimensionturistica.com\/es\/wp-json\/wp\/v2\/media?parent=493673"}],"wp:term":[{"taxonomy":"category","embeddable":true,"href":"https:\/\/dimensionturistica.com\/es\/wp-json\/wp\/v2\/categories?post=493673"},{"taxonomy":"post_tag","embeddable":true,"href":"https:\/\/dimensionturistica.com\/es\/wp-json\/wp\/v2\/tags?post=493673"}],"curies":[{"name":"wp","href":"https:\/\/api.w.org\/{rel}","templated":true}]}}