{"id":493626,"date":"2023-02-22T22:47:06","date_gmt":"2023-02-22T22:47:06","guid":{"rendered":"https:\/\/dimensionturistica.com\/es\/?p=493626"},"modified":"2023-02-22T22:47:07","modified_gmt":"2023-02-22T22:47:07","slug":"el-telegrafo-en-tik-tok-se-ofertan-y-se-idealizan-viajes-para-migrar-de-ecuador-hacia-ee-uu","status":"publish","type":"post","link":"https:\/\/dimensionturistica.com\/es\/el-telegrafo-en-tik-tok-se-ofertan-y-se-idealizan-viajes-para-migrar-de-ecuador-hacia-ee-uu\/","title":{"rendered":"El Tel\u00e9grafo &#8211; En Tik Tok se \u201cofertan\u201d y se \u201cidealizan\u201d viajes para migrar de Ecuador hacia EE.UU"},"content":{"rendered":"<p> <br \/>\n<\/p>\n<div itemprop=\"articleBody\">\n<p>\u201cCumple el sue\u00f1o americano\u201d es una de las frases que m\u00e1s se repite en movies que circulan en la pink social Tik Tok. En este espacio se ha desplegado una serie de clips en donde se ofrecen viajes y rutas para migrar de Ecuador hacia EE.UU. Adem\u00e1s se cuentan historias sobre c\u00f3mo fue la traves\u00eda hasta Norteam\u00e9rica.<\/p>\n<p>En uno de los movies cortos se observa un mensaje que cube \u201cestoy armando un grupo de salida para los EE.UU en febrero. Fui deportado y me s\u00e9 toda la ruta. Tengo todos los contactos seguros\u201d.<\/p>\n<p>L\u00edneas m\u00e1s abajo se se\u00f1ala que los contactos se realizan por interno y que la ruta ser\u00e1 por tierra. De fondo se escucha una canci\u00f3n melanc\u00f3lica que se refiere a la migraci\u00f3n.<\/p>\n<p>Pese a que el video fue publicado en diciembre de 2022. En los comentarios m\u00e1s recientes (del domingo 20 de febrero de 2023) se observan decenas de preguntas y aseveraciones de usuarios de esta pink social. Por ejemplo, \u201ccu\u00e1nto gastaste hasta M\u00e9xico\u201d, \u201cquiero m\u00e1s informaci\u00f3n\u201d o \u201cyo estoy listo para viajar\u201d. En este espacio se responde que cualquier dato adicional o contacto se dar\u00e1 por interno.<\/p>\n<p>En otros clips se miran fotos sobre la traves\u00eda por aire y tierra. Luego de este resumen se explica que el viaje fue \u201cexitoso\u201d, porque se lleg\u00f3 al destino ultimate.<\/p>\n<p>Para Mario Centeno, jefe de la Unidad contra la Trata de Personas y Tr\u00e1fico Il\u00edcito de Migrantes de la Polic\u00eda, este delito est\u00e1 en \u201cevoluci\u00f3n\u201d, ya que, los traficantes se contactan a trav\u00e9s de redes sociales para guardar el anonimato.<\/p>\n<p>En ese marco -comenta- las autoridades deben estar un paso adelante. Hasta el momento, varias unidades de polic\u00edas se han unido con el objetivo de fortalecer el ciberpatrullaje y frenar las ofertas en redes sociales.<\/p>\n<p>Producto de ello se han realizado dos acciones con detenciones a personas que ofrec\u00edan viajes irregulares por estos medios. Ellos te tramitan la visa de la Embajada de EE.UU y ofrecen viajes a trav\u00e9s de agencias de turismo.<\/p>\n<p>\u201cAl parecer eran empresas constituida que hac\u00edan viajes legales. Sin embargo se trata de coyoteros o traficantes de personas que usan estas fachadas\u201d, mencion\u00f3 Centeno.<\/p>\n<p>Con estas y otras acciones han comprendido m\u00e1s sobre la din\u00e1mica que siguen estas personas. Centeno comenta que las rutas m\u00e1s ofertas son por tierra: de Ecuador a Colombia; salen por la selva del Dari\u00e9n y luego cruzan hasta llegar a Panam\u00e1 y EE.UU. Esta ruta -explica- es m\u00e1s econ\u00f3mica. El costo es menor a USD 10.000.<\/p>\n<p>La segunda ruta es m\u00e1s costosa: hasta 23.000, ya que es por aire: de Ecuador a El Salvador, luego a Nicaragua. Solo la \u00faltima ruta se hace por tierra, es decir, de M\u00e9xico a EE.UU.<\/p>\n<p><strong>Los datos<\/strong><\/p>\n<p>En el 2022 se registra un saldo migratorio, es decir, personas que salieron del pa\u00eds pero no regresaron. As\u00ed, 97.710 de 151.173 retornaron al pa\u00eds; esto significa que 53.463 se quedaron en otros pa\u00edses. <br \/>\u201cSi la persona va por tierra es m\u00e1s dif\u00edcil porque no hay un control en la frontera por medio de papeles\u201d.<\/p>\n<p>Por ello, la Polic\u00eda Nacional ha realizado operativos para desarticular bandas. En 2022 hubo 15 operativos que dejaron 42 personas detenidas y se liberaron 26 v\u00edctimas. Mientras que hasta la segunda semana de febrero de 2023 hubo cuatro operativos, con cuatro detenidos y tres v\u00edctimas rescatadas.<\/p>\n<p>Pese a estos esfuerzos, la Polic\u00eda comenta que las personas deben hacer conciencia sobre los peligros de estos viajes irregulares. \u201cLos coyoteros garantizan seguridad pero no es as\u00ed. Un viaje irregular no es ni ser\u00e1 seguro, bajo ning\u00fan concepto\u201d.<\/p>\n<blockquote class=\"tiktok-embed\" cite=\"https:\/\/www.tiktok.com\/@joelitozamrod\/video\/7177030404883516677\" data-video-id=\"7177030404883516677\" style=\"max-width: 605px; min-width: 325px;\">\n<section><a rel=\"nofollow noopener\" target=\"_blank\" title=\"@joelitozamrod\" href=\"https:\/\/www.tiktok.com\/@joelitozamrod?refer=embed\">@joelitozamrod<\/a> viaje en febrero ??<a rel=\"nofollow noopener\" target=\"_blank\" title=\"comparte\" href=\"https:\/\/www.tiktok.com\/tag\/comparte?refer=embed\">#comparte<\/a> <a rel=\"nofollow noopener\" target=\"_blank\" title=\"migrantes\" href=\"https:\/\/www.tiktok.com\/tag\/migrantes?refer=embed\">#migrantes<\/a> <a rel=\"nofollow noopener\" target=\"_blank\" title=\"deportacion\" href=\"https:\/\/www.tiktok.com\/tag\/deportacion?refer=embed\">#deportacion<\/a> <a rel=\"nofollow noopener\" target=\"_blank\" title=\"estadosunidos\" href=\"https:\/\/www.tiktok.com\/tag\/estadosunidos?refer=embed\">#estadosunidos<\/a> <a rel=\"nofollow noopener\" target=\"_blank\" title=\"cruzandolafrontera\" href=\"https:\/\/www.tiktok.com\/tag\/cruzandolafrontera?refer=embed\">#cruzandolafrontera<\/a> <a rel=\"nofollow noopener\" target=\"_blank\" title=\"eeuu\" href=\"https:\/\/www.tiktok.com\/tag\/eeuu?refer=embed\">#eeuu<\/a> <a rel=\"nofollow noopener\" target=\"_blank\" title=\"migracion\" href=\"https:\/\/www.tiktok.com\/tag\/migracion?refer=embed\">#migracion<\/a> <a rel=\"nofollow noopener\" target=\"_blank\" title=\"cumpliendosue\u00f1os\" href=\"https:\/\/www.tiktok.com\/tag\/cumpliendosue%C3%B1os?refer=embed\">#cumpliendosue\u00f1os<\/a> <a rel=\"nofollow noopener\" target=\"_blank\" title=\"\u266c sonido original - El Verso Music\" href=\"https:\/\/www.tiktok.com\/music\/sonido-original-7049787584209341189?refer=embed\">\u266c sonido original &#8211; El Verso Music<\/a><\/section>\n<\/blockquote><\/div>\n\n<p><em> &#8221; Fuentes www.eltelegrafo.com.ec &#8221; <\/em><\/p>\n","protected":false},"excerpt":{"rendered":"<p>\u201cCumple el sue\u00f1o americano\u201d es una de las frases que m\u00e1s se repite en movies que circulan en la pink social Tik Tok. En este espacio se ha desplegado una serie de clips en donde se ofrecen viajes y rutas para migrar de Ecuador hacia EE.UU. Adem\u00e1s se cuentan historias sobre c\u00f3mo fue la traves\u00eda [&hellip;]<\/p>\n","protected":false},"author":4,"featured_media":493627,"comment_status":"open","ping_status":"closed","sticky":false,"template":"","format":"standard","meta":{"om_disable_all_campaigns":false,"jnews-multi-image_gallery":[],"jnews_single_post":[],"jnews_primary_category":[],"jnews_social_meta":[],"footnotes":""},"categories":[39],"tags":[588,1363,769,8293,64026,9631,13698,49335,716],"class_list":["post-493626","post","type-post","status-publish","format-standard","has-post-thumbnail","hentry","category-viajes","tag-ee-uu","tag-estados-unidos","tag-mexico","tag-migracion","tag-sueno-americano","tag-tik-tok","tag-trata-de-personas","tag-viajes-irregulares","tag-videos"],"_links":{"self":[{"href":"https:\/\/dimensionturistica.com\/es\/wp-json\/wp\/v2\/posts\/493626","targetHints":{"allow":["GET"]}}],"collection":[{"href":"https:\/\/dimensionturistica.com\/es\/wp-json\/wp\/v2\/posts"}],"about":[{"href":"https:\/\/dimensionturistica.com\/es\/wp-json\/wp\/v2\/types\/post"}],"author":[{"embeddable":true,"href":"https:\/\/dimensionturistica.com\/es\/wp-json\/wp\/v2\/users\/4"}],"replies":[{"embeddable":true,"href":"https:\/\/dimensionturistica.com\/es\/wp-json\/wp\/v2\/comments?post=493626"}],"version-history":[{"count":0,"href":"https:\/\/dimensionturistica.com\/es\/wp-json\/wp\/v2\/posts\/493626\/revisions"}],"wp:featuredmedia":[{"embeddable":true,"href":"https:\/\/dimensionturistica.com\/es\/wp-json\/wp\/v2\/media\/493627"}],"wp:attachment":[{"href":"https:\/\/dimensionturistica.com\/es\/wp-json\/wp\/v2\/media?parent=493626"}],"wp:term":[{"taxonomy":"category","embeddable":true,"href":"https:\/\/dimensionturistica.com\/es\/wp-json\/wp\/v2\/categories?post=493626"},{"taxonomy":"post_tag","embeddable":true,"href":"https:\/\/dimensionturistica.com\/es\/wp-json\/wp\/v2\/tags?post=493626"}],"curies":[{"name":"wp","href":"https:\/\/api.w.org\/{rel}","templated":true}]}}