{"id":493538,"date":"2023-02-22T20:43:19","date_gmt":"2023-02-22T20:43:19","guid":{"rendered":"https:\/\/dimensionturistica.com\/es\/?p=493538"},"modified":"2023-02-22T20:43:19","modified_gmt":"2023-02-22T20:43:19","slug":"una-nueva-ruta-une-a-monterrey-y-cayo-coco-pero-los-turistas-se-resisten-a-viajar-a-cuba","status":"publish","type":"post","link":"https:\/\/dimensionturistica.com\/es\/una-nueva-ruta-une-a-monterrey-y-cayo-coco-pero-los-turistas-se-resisten-a-viajar-a-cuba\/","title":{"rendered":"Una nueva ruta une a Monterrey y Cayo Coco, pero los turistas se resisten a viajar a Cuba"},"content":{"rendered":"<p> <br \/>\n<\/p>\n<div itemprop=\"articleBody\">\n<p><strong>La <a rel=\"nofollow noopener\" target=\"_blank\" href=\"https:\/\/diariodecuba.com\/cuba\/1677066136_45382.html\">aerol\u00ednea<\/a> mexicana Magnicharters comenz\u00f3 a operar<\/strong> el mi\u00e9rcoles<strong> un <a rel=\"nofollow noopener\" target=\"_blank\" href=\"https:\/\/diariodecuba.com\/cuba\/1676058321_45153.html\">vuelo <\/a>entre la ciudad de Monterrey y La Habana, conectando tambi\u00e9n con Cayo Coco<\/strong>, con la esperanza de incrementar el flujo de <a rel=\"nofollow noopener\" target=\"_blank\" href=\"https:\/\/diariodecuba.com\/cuba\/1676980824_45326.html\">turistas <\/a>de ese pa\u00eds a la Isla.<\/p>\n<p>Seg\u00fan el medio especializado <a rel=\"nofollow noopener\" target=\"_blank\" href=\"https:\/\/www.traveltradecaribbean.es\/ruta-aerea-conectara-a-monterrey-con-la-habana\/\"><em>Travel Trade Caribbean<\/em><\/a>, desde Canc\u00fan, M\u00e9rida, y Ciudad de M\u00e9xico, los viajeros ya pueden volar a La Habana usando agencias de viaje locales que venden esos destinos.<\/p>\n<p>La agencia Take pleasure in Journey M\u00e9xico Coworking Viajes est\u00e1 haciendo un circuito de presentaciones de diferentes sitios tur\u00edsticos cubanos para potenciar su plataforma a\u00e9rea.<\/p>\n<p>Esta <strong>opera cinco frecuencias semanales de vuelos directos<\/strong>, excepto martes y s\u00e1bado, los que conectan a Canc\u00fan con Cuba.<\/p>\n<p>En diciembre de 2021, <strong>las autoridades del turismo cubanas dijeron que esperaban llevar <a rel=\"nofollow noopener\" target=\"_blank\" href=\"https:\/\/diariodecuba.com\/cuba\/1638579108_35941.html\">hasta 40.000 veraneantes de M\u00e9xico<\/a><\/strong> a la Isla ese a\u00f1o, raz\u00f3n por la que establecieron contactos con turoperadores y agencias de viajes de ese pa\u00eds, con cuyo Gobierno La Habana ha estrechado lazos pol\u00edticos desde que Andr\u00e9s Manuel L\u00f3pez Obrador lleg\u00f3 a la Presidencia.<\/p>\n<p>La agencia Grupo Skedio, que opera en Cuba desde hace 20 a\u00f1os, indic\u00f3 entonces que<strong> para que la presencia de los mexicanos en la industria tur\u00edstica de la Isla creciera deb\u00edan aumentar las frecuencias de vuelos<\/strong> entre ambos pa\u00edses.<\/p>\n<p>Desde entonces, ambos pa\u00edses est\u00e1n favoreciendo los vuelos ch\u00e1rter a trav\u00e9s de la aerol\u00ednea de bajo costo Magnicharters, que comenz\u00f3 a volar a Varadero en octubre de 2021, as\u00ed como de otras empresas.<\/p>\n<p>Mas, pese a que el Gobierno cubano no ha disimulado su ansiedad porque se reactive la entrada de divisas que implica el negocio tur\u00edstico, que no ha remontado a niveles prepandemia, <strong>las cifras de turistas mexicanos siguen sin alcanzar lo esperado.<\/strong><\/p>\n<p>De acuerdo con <a rel=\"nofollow noopener\" target=\"_blank\" href=\"http:\/\/www.onei.gob.cu\/sites\/default\/files\/turismo_trimestral_septiembre.pdf\">cifras de la oficial<\/a> Oficina Nacional de Estad\u00edsticas e Informaci\u00f3n (ONEI),<strong> entre enero y septiembre de 2022 viajaron a Cuba apenas\u00a020.857 turistas mexicanos, muy por debajo de lo esperado<\/strong>, aunque por encima de los 995 de igual periodo de 2021.\u00a0<\/p>\n<p>No obstante, los vuelos a M\u00e9xico viajan llenos desde La Habana hacia destinos del vecino pa\u00eds gracias a los &#8220;mulos&#8221; que hacen turismo de compras, como tambi\u00e9n de los migrantes que buscan cruzar hacia EEUU.<\/p>\n<\/div>\n\n<p><em> &#8221; Fuentes diariodecuba.com &#8221; <\/em><\/p>\n","protected":false},"excerpt":{"rendered":"<p>La aerol\u00ednea mexicana Magnicharters comenz\u00f3 a operar el mi\u00e9rcoles un vuelo entre la ciudad de Monterrey y La Habana, conectando tambi\u00e9n con Cayo Coco, con la esperanza de incrementar el flujo de turistas de ese pa\u00eds a la Isla. Seg\u00fan el medio especializado Travel Trade Caribbean, desde Canc\u00fan, M\u00e9rida, y Ciudad de M\u00e9xico, los viajeros [&hellip;]<\/p>\n","protected":false},"author":4,"featured_media":493539,"comment_status":"open","ping_status":"closed","sticky":false,"template":"","format":"standard","meta":{"om_disable_all_campaigns":false,"jnews-multi-image_gallery":[],"jnews_single_post":[],"jnews_primary_category":[],"jnews_social_meta":[],"footnotes":""},"categories":[40],"tags":[803,769,544],"class_list":["post-493538","post","type-post","status-publish","format-standard","has-post-thumbnail","hentry","category-industria","tag-aerolineas","tag-mexico","tag-turismo"],"_links":{"self":[{"href":"https:\/\/dimensionturistica.com\/es\/wp-json\/wp\/v2\/posts\/493538","targetHints":{"allow":["GET"]}}],"collection":[{"href":"https:\/\/dimensionturistica.com\/es\/wp-json\/wp\/v2\/posts"}],"about":[{"href":"https:\/\/dimensionturistica.com\/es\/wp-json\/wp\/v2\/types\/post"}],"author":[{"embeddable":true,"href":"https:\/\/dimensionturistica.com\/es\/wp-json\/wp\/v2\/users\/4"}],"replies":[{"embeddable":true,"href":"https:\/\/dimensionturistica.com\/es\/wp-json\/wp\/v2\/comments?post=493538"}],"version-history":[{"count":0,"href":"https:\/\/dimensionturistica.com\/es\/wp-json\/wp\/v2\/posts\/493538\/revisions"}],"wp:featuredmedia":[{"embeddable":true,"href":"https:\/\/dimensionturistica.com\/es\/wp-json\/wp\/v2\/media\/493539"}],"wp:attachment":[{"href":"https:\/\/dimensionturistica.com\/es\/wp-json\/wp\/v2\/media?parent=493538"}],"wp:term":[{"taxonomy":"category","embeddable":true,"href":"https:\/\/dimensionturistica.com\/es\/wp-json\/wp\/v2\/categories?post=493538"},{"taxonomy":"post_tag","embeddable":true,"href":"https:\/\/dimensionturistica.com\/es\/wp-json\/wp\/v2\/tags?post=493538"}],"curies":[{"name":"wp","href":"https:\/\/api.w.org\/{rel}","templated":true}]}}