{"id":493386,"date":"2023-02-22T16:16:19","date_gmt":"2023-02-22T16:16:19","guid":{"rendered":"https:\/\/dimensionturistica.com\/es\/?p=493386"},"modified":"2023-02-22T16:16:19","modified_gmt":"2023-02-22T16:16:19","slug":"las-agencias-de-viajes-integradas-en-ceav-rompen-relaciones-con-vueling","status":"publish","type":"post","link":"https:\/\/dimensionturistica.com\/es\/las-agencias-de-viajes-integradas-en-ceav-rompen-relaciones-con-vueling\/","title":{"rendered":"Las agencias de viajes integradas en CEAV rompen relaciones con Vueling"},"content":{"rendered":"<p> <br \/>\n<\/p>\n<div>\n<p><strong>La Confederaci\u00f3n Espa\u00f1ola de Agencias de Viajes (CEAV)<\/strong> ha roto relaciones con <strong>Vueling,<\/strong> al considerar que <strong>se ha convertido en un proveedor &#8220;hostil&#8221; <\/strong>al no replantearse la decisi\u00f3n de aplicar un incremento en el importe de todas las tarifas distribuidas a trav\u00e9s de su internet de agencias y otros canales.<\/p>\n<p>CEAV mantuvo ayer una reuni\u00f3n con<strong> el director de ventas y distribuci\u00f3n de Vueling, Charlotte Dumesnil, <\/strong>con el objetivo de lograr un posible replanteamiento de la decisi\u00f3n anunciada por la compa\u00f1\u00eda para aplicar este incremento a partir del 21 de febrero.<br \/>\u00a0<\/p>\n<p>En un comunicado, CEAV se\u00f1ala que Vueling se ha negado a estudiar esta medida o aplazarla para poder ver posibles soluciones, por lo que el sector considera esta decisi\u00f3n como un ataque frontal a su principal canal de comercializaci\u00f3n y a sus clientes.<br \/>\u00a0<\/p>\n<div class=\"ad-slot oat oat-visible oat-top \" data-mark=\"Publicidad\" style=\"height: 265px;\"><a rel=\"nofollow noopener\" target=\"_blank\" href=\"https:\/\/www.economiademallorca.com\/ads\/20230125115849078413\" title=\"Publicidad 78413\"> <img loading=\"lazy\" decoding=\"async\" src=\"https:\/\/www.economiademallorca.com\/media\/economiademallorca\/images\/2023\/01\/25\/2023012511573751155.gif\" alt=\"Publicidad 78413\" width=\"300\" height=\"250\" class=\"lazyload\" srcset=\"https:\/\/www.economiademallorca.comhttps:\/\/www.economiademallorca.comhttps:\/\/www.economiademallorca.comhttps:\/\/www.economiademallorca.com\/asset\/thumbnail,https:\/\/www.economiademallorca.com\/480,https:\/\/www.economiademallorca.com\/270,https:\/\/www.economiademallorca.com\/https:\/\/www.economiademallorca.com\/https:\/\/www.economiademallorca.com\/https:\/\/www.economiademallorca.com\/center,https:\/\/www.economiademallorca.com\/https:\/\/www.economiademallorca.com\/https:\/\/www.economiademallorca.com\/https:\/\/www.economiademallorca.com\/center\/media\/economiademallorca\/images\/2023\/01\/25\/2023012511573751155.gif https:\/\/www.economiademallorca.com\/480w,https:\/\/www.economiademallorca.comhttps:\/\/www.economiademallorca.comhttps:\/\/www.economiademallorca.comhttps:\/\/www.economiademallorca.com\/asset\/thumbnail,https:\/\/www.economiademallorca.com\/768,https:\/\/www.economiademallorca.com\/432,https:\/\/www.economiademallorca.com\/https:\/\/www.economiademallorca.com\/https:\/\/www.economiademallorca.com\/https:\/\/www.economiademallorca.com\/center,https:\/\/www.economiademallorca.com\/https:\/\/www.economiademallorca.com\/https:\/\/www.economiademallorca.com\/https:\/\/www.economiademallorca.com\/center\/media\/economiademallorca\/images\/2023\/01\/25\/2023012511573751155.gif https:\/\/www.economiademallorca.com\/768w,https:\/\/www.economiademallorca.comhttps:\/\/www.economiademallorca.comhttps:\/\/www.economiademallorca.comhttps:\/\/www.economiademallorca.com\/asset\/thumbnail,https:\/\/www.economiademallorca.com\/992,https:\/\/www.economiademallorca.com\/558,https:\/\/www.economiademallorca.com\/https:\/\/www.economiademallorca.com\/https:\/\/www.economiademallorca.com\/https:\/\/www.economiademallorca.com\/center,https:\/\/www.economiademallorca.com\/https:\/\/www.economiademallorca.com\/https:\/\/www.economiademallorca.com\/https:\/\/www.economiademallorca.com\/center\/media\/economiademallorca\/images\/2023\/01\/25\/2023012511573751155.gif https:\/\/www.economiademallorca.com\/992w,https:\/\/www.economiademallorca.comhttps:\/\/www.economiademallorca.comhttps:\/\/www.economiademallorca.comhttps:\/\/www.economiademallorca.com\/asset\/thumbnail,https:\/\/www.economiademallorca.com\/1280,https:\/\/www.economiademallorca.com\/720,https:\/\/www.economiademallorca.com\/https:\/\/www.economiademallorca.com\/https:\/\/www.economiademallorca.com\/https:\/\/www.economiademallorca.com\/center,https:\/\/www.economiademallorca.com\/https:\/\/www.economiademallorca.com\/https:\/\/www.economiademallorca.com\/https:\/\/www.economiademallorca.com\/center\/media\/economiademallorca\/images\/2023\/01\/25\/2023012511573751155.gif https:\/\/www.economiademallorca.com\/1280w\" sizes=\"auto, (max-width: 480px) 480px, (max-width: 768px) 768px, (max-width: 992px) 992px, 1280px\"\/> <\/a><\/div>\n<p>Por ello, va a proponer en su pr\u00f3ximo Consejo Directivo, que tendr\u00e1 lugar el 1 de marzo, la ruptura de las relaciones institucionales con Vueling, y el estudio de posibles acciones a fin de que la Comisi\u00f3n Nacional de los Mercados y de la Competencia (CNMC) decida si la medida es conforme a derecho.<br \/>\u00a0<\/p>\n<div class=\"ad-slot oat oat-visible oat-top \" data-mark=\"Publicidad\" style=\"height: 265px;\"><a rel=\"nofollow noopener\" target=\"_blank\" href=\"https:\/\/www.economiademallorca.com\/ads\/20230214101811079117\" title=\"Publicidad 79117\"> <img loading=\"lazy\" decoding=\"async\" src=\"https:\/\/www.economiademallorca.com\/media\/economiademallorca\/images\/2023\/02\/14\/2023021410174817525.gif\" alt=\"Publicidad 79117\" width=\"300\" height=\"250\" class=\"lazyload\" srcset=\"https:\/\/www.economiademallorca.comhttps:\/\/www.economiademallorca.comhttps:\/\/www.economiademallorca.comhttps:\/\/www.economiademallorca.com\/asset\/thumbnail,https:\/\/www.economiademallorca.com\/480,https:\/\/www.economiademallorca.com\/270,https:\/\/www.economiademallorca.com\/https:\/\/www.economiademallorca.com\/https:\/\/www.economiademallorca.com\/https:\/\/www.economiademallorca.com\/center,https:\/\/www.economiademallorca.com\/https:\/\/www.economiademallorca.com\/https:\/\/www.economiademallorca.com\/https:\/\/www.economiademallorca.com\/center\/media\/economiademallorca\/images\/2023\/02\/14\/2023021410174817525.gif https:\/\/www.economiademallorca.com\/480w,https:\/\/www.economiademallorca.comhttps:\/\/www.economiademallorca.comhttps:\/\/www.economiademallorca.comhttps:\/\/www.economiademallorca.com\/asset\/thumbnail,https:\/\/www.economiademallorca.com\/768,https:\/\/www.economiademallorca.com\/432,https:\/\/www.economiademallorca.com\/https:\/\/www.economiademallorca.com\/https:\/\/www.economiademallorca.com\/https:\/\/www.economiademallorca.com\/center,https:\/\/www.economiademallorca.com\/https:\/\/www.economiademallorca.com\/https:\/\/www.economiademallorca.com\/https:\/\/www.economiademallorca.com\/center\/media\/economiademallorca\/images\/2023\/02\/14\/2023021410174817525.gif https:\/\/www.economiademallorca.com\/768w,https:\/\/www.economiademallorca.comhttps:\/\/www.economiademallorca.comhttps:\/\/www.economiademallorca.comhttps:\/\/www.economiademallorca.com\/asset\/thumbnail,https:\/\/www.economiademallorca.com\/992,https:\/\/www.economiademallorca.com\/558,https:\/\/www.economiademallorca.com\/https:\/\/www.economiademallorca.com\/https:\/\/www.economiademallorca.com\/https:\/\/www.economiademallorca.com\/center,https:\/\/www.economiademallorca.com\/https:\/\/www.economiademallorca.com\/https:\/\/www.economiademallorca.com\/https:\/\/www.economiademallorca.com\/center\/media\/economiademallorca\/images\/2023\/02\/14\/2023021410174817525.gif https:\/\/www.economiademallorca.com\/992w,https:\/\/www.economiademallorca.comhttps:\/\/www.economiademallorca.comhttps:\/\/www.economiademallorca.comhttps:\/\/www.economiademallorca.com\/asset\/thumbnail,https:\/\/www.economiademallorca.com\/1280,https:\/\/www.economiademallorca.com\/720,https:\/\/www.economiademallorca.com\/https:\/\/www.economiademallorca.com\/https:\/\/www.economiademallorca.com\/https:\/\/www.economiademallorca.com\/center,https:\/\/www.economiademallorca.com\/https:\/\/www.economiademallorca.com\/https:\/\/www.economiademallorca.com\/https:\/\/www.economiademallorca.com\/center\/media\/economiademallorca\/images\/2023\/02\/14\/2023021410174817525.gif https:\/\/www.economiademallorca.com\/1280w\" sizes=\"auto, (max-width: 480px) 480px, (max-width: 768px) 768px, (max-width: 992px) 992px, 1280px\"\/> <\/a><\/div>\n<p><strong>Especialmente, se refiere CEAV, en aquellas rutas como Ibiza o Menorca, entre otras, en las que la aerol\u00ednea tiene posici\u00f3n de dominio <\/strong>y dejar\u00eda en condiciones inferiores a los usuarios provenientes de agencias de viajes en todos sus canales de ventas.<br \/>\u00a0<\/p>\n<div class=\"ad-slot oat oat-visible oat-top \" data-mark=\"Publicidad\" style=\"height: 265px;\"><a rel=\"nofollow noopener\" target=\"_blank\" href=\"https:\/\/www.economiademallorca.com\/ads\/20220721101949071881\" title=\"Publicidad 71881\"> <img loading=\"lazy\" decoding=\"async\" src=\"https:\/\/www.economiademallorca.com\/media\/economiademallorca\/images\/2023\/01\/10\/2023011022053648429.png\" alt=\"Publicidad 71881\" width=\"300\" height=\"250\" class=\"lazyload\" srcset=\"https:\/\/www.economiademallorca.comhttps:\/\/www.economiademallorca.comhttps:\/\/www.economiademallorca.comhttps:\/\/www.economiademallorca.com\/asset\/thumbnail,https:\/\/www.economiademallorca.com\/480,https:\/\/www.economiademallorca.com\/270,https:\/\/www.economiademallorca.com\/https:\/\/www.economiademallorca.com\/https:\/\/www.economiademallorca.com\/https:\/\/www.economiademallorca.com\/center,https:\/\/www.economiademallorca.com\/https:\/\/www.economiademallorca.com\/https:\/\/www.economiademallorca.com\/https:\/\/www.economiademallorca.com\/center\/media\/economiademallorca\/images\/2023\/01\/10\/2023011022053648429.png https:\/\/www.economiademallorca.com\/480w,https:\/\/www.economiademallorca.comhttps:\/\/www.economiademallorca.comhttps:\/\/www.economiademallorca.comhttps:\/\/www.economiademallorca.com\/asset\/thumbnail,https:\/\/www.economiademallorca.com\/768,https:\/\/www.economiademallorca.com\/432,https:\/\/www.economiademallorca.com\/https:\/\/www.economiademallorca.com\/https:\/\/www.economiademallorca.com\/https:\/\/www.economiademallorca.com\/center,https:\/\/www.economiademallorca.com\/https:\/\/www.economiademallorca.com\/https:\/\/www.economiademallorca.com\/https:\/\/www.economiademallorca.com\/center\/media\/economiademallorca\/images\/2023\/01\/10\/2023011022053648429.png https:\/\/www.economiademallorca.com\/768w,https:\/\/www.economiademallorca.comhttps:\/\/www.economiademallorca.comhttps:\/\/www.economiademallorca.comhttps:\/\/www.economiademallorca.com\/asset\/thumbnail,https:\/\/www.economiademallorca.com\/992,https:\/\/www.economiademallorca.com\/558,https:\/\/www.economiademallorca.com\/https:\/\/www.economiademallorca.com\/https:\/\/www.economiademallorca.com\/https:\/\/www.economiademallorca.com\/center,https:\/\/www.economiademallorca.com\/https:\/\/www.economiademallorca.com\/https:\/\/www.economiademallorca.com\/https:\/\/www.economiademallorca.com\/center\/media\/economiademallorca\/images\/2023\/01\/10\/2023011022053648429.png https:\/\/www.economiademallorca.com\/992w,https:\/\/www.economiademallorca.comhttps:\/\/www.economiademallorca.comhttps:\/\/www.economiademallorca.comhttps:\/\/www.economiademallorca.com\/asset\/thumbnail,https:\/\/www.economiademallorca.com\/1280,https:\/\/www.economiademallorca.com\/720,https:\/\/www.economiademallorca.com\/https:\/\/www.economiademallorca.com\/https:\/\/www.economiademallorca.com\/https:\/\/www.economiademallorca.com\/center,https:\/\/www.economiademallorca.com\/https:\/\/www.economiademallorca.com\/https:\/\/www.economiademallorca.com\/https:\/\/www.economiademallorca.com\/center\/media\/economiademallorca\/images\/2023\/01\/10\/2023011022053648429.png https:\/\/www.economiademallorca.com\/1280w\" sizes=\"auto, (max-width: 480px) 480px, (max-width: 768px) 768px, (max-width: 992px) 992px, 1280px\"\/> <\/a><\/div>\n<p>CEAV aglutina a 28 asociaciones empresariales en las que est\u00e1n integradas m\u00e1s de 5.000 agencias de viajes que cuentan con cerca de 60.000 profesionales distribuidos en m\u00e1s de 7.000 puntos de venta.<\/p>\n<div class=\"ad-slot oat oat-visible oat-top \" data-mark=\"Publicidad\" style=\"height: 265px;\"><a rel=\"nofollow noopener\" target=\"_blank\" href=\"https:\/\/www.economiademallorca.com\/ads\/20230127092934078505\" title=\"Publicidad 78505\"> <img loading=\"lazy\" decoding=\"async\" src=\"https:\/\/www.economiademallorca.com\/media\/economiademallorca\/images\/2023\/01\/27\/2023012709281984418.gif\" alt=\"Publicidad 78505\" width=\"400\" height=\"333\" class=\"lazyload\"\/> <\/a><\/div>\n<div class=\"ad-slot oat oat-visible oat-top  lazyload\" data-mark=\"Publicidad\" style=\"height: 265px;\"><a rel=\"nofollow noopener\" target=\"_blank\" href=\"https:\/\/www.economiademallorca.com\/ads\/20230209150930078962\" title=\"Publicidad 78962\"> <img loading=\"lazy\" decoding=\"async\" src=\"https:\/\/www.economiademallorca.com\/media\/economiademallorca\/images\/2023\/02\/09\/2023020915083440905.jpg\" alt=\"Publicidad 78962\" width=\"300\" height=\"250\" class=\"lazyload\"\/> <\/a><\/div>\n<div class=\"ad-slot oat oat-visible oat-top  lazyload\" data-mark=\"Publicidad\" style=\"height: 265px;\"><a rel=\"nofollow noopener\" target=\"_blank\" href=\"https:\/\/www.economiademallorca.com\/ads\/20230217111030079261\" title=\"Publicidad 79261\"> <img loading=\"lazy\" decoding=\"async\" src=\"https:\/\/www.economiademallorca.com\/media\/economiademallorca\/images\/2023\/02\/17\/2023021711093391826.gif\" alt=\"Publicidad 79261\" width=\"300\" height=\"250\" class=\"lazyload\" srcset=\"https:\/\/www.economiademallorca.comhttps:\/\/www.economiademallorca.comhttps:\/\/www.economiademallorca.comhttps:\/\/www.economiademallorca.com\/asset\/thumbnail,https:\/\/www.economiademallorca.com\/480,https:\/\/www.economiademallorca.com\/270,https:\/\/www.economiademallorca.com\/https:\/\/www.economiademallorca.com\/https:\/\/www.economiademallorca.com\/https:\/\/www.economiademallorca.com\/center,https:\/\/www.economiademallorca.com\/https:\/\/www.economiademallorca.com\/https:\/\/www.economiademallorca.com\/https:\/\/www.economiademallorca.com\/center\/media\/economiademallorca\/images\/2023\/02\/17\/2023021711093391826.gif https:\/\/www.economiademallorca.com\/480w,https:\/\/www.economiademallorca.comhttps:\/\/www.economiademallorca.comhttps:\/\/www.economiademallorca.comhttps:\/\/www.economiademallorca.com\/asset\/thumbnail,https:\/\/www.economiademallorca.com\/768,https:\/\/www.economiademallorca.com\/432,https:\/\/www.economiademallorca.com\/https:\/\/www.economiademallorca.com\/https:\/\/www.economiademallorca.com\/https:\/\/www.economiademallorca.com\/center,https:\/\/www.economiademallorca.com\/https:\/\/www.economiademallorca.com\/https:\/\/www.economiademallorca.com\/https:\/\/www.economiademallorca.com\/center\/media\/economiademallorca\/images\/2023\/02\/17\/2023021711093391826.gif https:\/\/www.economiademallorca.com\/768w,https:\/\/www.economiademallorca.comhttps:\/\/www.economiademallorca.comhttps:\/\/www.economiademallorca.comhttps:\/\/www.economiademallorca.com\/asset\/thumbnail,https:\/\/www.economiademallorca.com\/992,https:\/\/www.economiademallorca.com\/558,https:\/\/www.economiademallorca.com\/https:\/\/www.economiademallorca.com\/https:\/\/www.economiademallorca.com\/https:\/\/www.economiademallorca.com\/center,https:\/\/www.economiademallorca.com\/https:\/\/www.economiademallorca.com\/https:\/\/www.economiademallorca.com\/https:\/\/www.economiademallorca.com\/center\/media\/economiademallorca\/images\/2023\/02\/17\/2023021711093391826.gif https:\/\/www.economiademallorca.com\/992w,https:\/\/www.economiademallorca.comhttps:\/\/www.economiademallorca.comhttps:\/\/www.economiademallorca.comhttps:\/\/www.economiademallorca.com\/asset\/thumbnail,https:\/\/www.economiademallorca.com\/1280,https:\/\/www.economiademallorca.com\/720,https:\/\/www.economiademallorca.com\/https:\/\/www.economiademallorca.com\/https:\/\/www.economiademallorca.com\/https:\/\/www.economiademallorca.com\/center,https:\/\/www.economiademallorca.com\/https:\/\/www.economiademallorca.com\/https:\/\/www.economiademallorca.com\/https:\/\/www.economiademallorca.com\/center\/media\/economiademallorca\/images\/2023\/02\/17\/2023021711093391826.gif https:\/\/www.economiademallorca.com\/1280w\" sizes=\"auto, (max-width: 480px) 480px, (max-width: 768px) 768px, (max-width: 992px) 992px, 1280px\"\/> <\/a><\/div>\n<\/div>\n\n<p><em> &#8221; Fuentes www.economiademallorca.com &#8221; <\/em><\/p>\n","protected":false},"excerpt":{"rendered":"<p>La Confederaci\u00f3n Espa\u00f1ola de Agencias de Viajes (CEAV) ha roto relaciones con Vueling, al considerar que se ha convertido en un proveedor &#8220;hostil&#8221; al no replantearse la decisi\u00f3n de aplicar un incremento en el importe de todas las tarifas distribuidas a trav\u00e9s de su internet de agencias y otros canales. CEAV mantuvo ayer una reuni\u00f3n [&hellip;]<\/p>\n","protected":false},"author":4,"featured_media":488374,"comment_status":"open","ping_status":"closed","sticky":false,"template":"","format":"standard","meta":{"om_disable_all_campaigns":false,"jnews-multi-image_gallery":[],"jnews_single_post":[],"jnews_primary_category":[],"jnews_social_meta":[],"footnotes":""},"categories":[39],"tags":[634,544,8465],"class_list":["post-493386","post","type-post","status-publish","format-standard","has-post-thumbnail","hentry","category-viajes","tag-empresas","tag-turismo","tag-vueling"],"_links":{"self":[{"href":"https:\/\/dimensionturistica.com\/es\/wp-json\/wp\/v2\/posts\/493386","targetHints":{"allow":["GET"]}}],"collection":[{"href":"https:\/\/dimensionturistica.com\/es\/wp-json\/wp\/v2\/posts"}],"about":[{"href":"https:\/\/dimensionturistica.com\/es\/wp-json\/wp\/v2\/types\/post"}],"author":[{"embeddable":true,"href":"https:\/\/dimensionturistica.com\/es\/wp-json\/wp\/v2\/users\/4"}],"replies":[{"embeddable":true,"href":"https:\/\/dimensionturistica.com\/es\/wp-json\/wp\/v2\/comments?post=493386"}],"version-history":[{"count":0,"href":"https:\/\/dimensionturistica.com\/es\/wp-json\/wp\/v2\/posts\/493386\/revisions"}],"wp:featuredmedia":[{"embeddable":true,"href":"https:\/\/dimensionturistica.com\/es\/wp-json\/wp\/v2\/media\/488374"}],"wp:attachment":[{"href":"https:\/\/dimensionturistica.com\/es\/wp-json\/wp\/v2\/media?parent=493386"}],"wp:term":[{"taxonomy":"category","embeddable":true,"href":"https:\/\/dimensionturistica.com\/es\/wp-json\/wp\/v2\/categories?post=493386"},{"taxonomy":"post_tag","embeddable":true,"href":"https:\/\/dimensionturistica.com\/es\/wp-json\/wp\/v2\/tags?post=493386"}],"curies":[{"name":"wp","href":"https:\/\/api.w.org\/{rel}","templated":true}]}}