{"id":493316,"date":"2023-02-22T14:22:17","date_gmt":"2023-02-22T14:22:17","guid":{"rendered":"https:\/\/dimensionturistica.com\/es\/?p=493316"},"modified":"2023-02-22T14:22:17","modified_gmt":"2023-02-22T14:22:17","slug":"profeco-y-canirac-firman-convenio-de-colaboracion-en-favor-de-los-consumidores","status":"publish","type":"post","link":"https:\/\/dimensionturistica.com\/es\/profeco-y-canirac-firman-convenio-de-colaboracion-en-favor-de-los-consumidores\/","title":{"rendered":"Profeco y CANIRAC firman convenio de colaboraci\u00f3n en favor de los consumidores"},"content":{"rendered":"<p>La Procuradur\u00eda Federal del Consumidor (Profeco) y la C\u00e1mara Nacional de la Industria de Restaurantes y Alimentos Condimentados (Canirac) firmaron un Convenio Marco de Colaboraci\u00f3n para promover entre los restaurantes una cultura de proveedor responsable y \u00e9tica empresarial, a fin de que los consumidores tengan acceso a mejores condiciones de compra de productos y servicios.<br \/>\nEl titular de Profeco, Ricardo Sheffield, dijo que el 99% del sector restaurantero respeta los derechos del consumidor y que la firma de este convenio ayuda a reducir el n\u00famero de denuncias. \u201cSon pocas las que recibimos, para el n\u00famero de<img decoding=\"async\" class=\"size-medium wp-image-493320 alignright\" src=\"https:\/\/dimensionturistica.com\/es\/wp-content\/uploads\/2023\/02\/2.-Convenio-Profeco-CANIRAC-300x200.jpeg\" alt=\"\" width=\"300\" height=\"200\" srcset=\"https:\/\/dimensionturistica.com\/es\/wp-content\/uploads\/2023\/02\/2.-Convenio-Profeco-CANIRAC-300x200.jpeg 300w, https:\/\/dimensionturistica.com\/es\/wp-content\/uploads\/2023\/02\/2.-Convenio-Profeco-CANIRAC-1024x683.jpeg 1024w, https:\/\/dimensionturistica.com\/es\/wp-content\/uploads\/2023\/02\/2.-Convenio-Profeco-CANIRAC-768x512.jpeg 768w, https:\/\/dimensionturistica.com\/es\/wp-content\/uploads\/2023\/02\/2.-Convenio-Profeco-CANIRAC-1536x1024.jpeg 1536w, https:\/\/dimensionturistica.com\/es\/wp-content\/uploads\/2023\/02\/2.-Convenio-Profeco-CANIRAC-750x500.jpeg 750w, https:\/\/dimensionturistica.com\/es\/wp-content\/uploads\/2023\/02\/2.-Convenio-Profeco-CANIRAC-1140x760.jpeg 1140w, https:\/\/dimensionturistica.com\/es\/wp-content\/uploads\/2023\/02\/2.-Convenio-Profeco-CANIRAC.jpeg 1599w\" sizes=\"(max-width: 300px) 100vw, 300px\" \/> comensales que se atienden en todo el pa\u00eds; el a\u00f1o pasado fueron 569 denuncias y 86 sanciones\u201d, dijo al se\u00f1alar que el principal motivo de reclamaci\u00f3n fue no exhibir precios.<br \/>\n\u201cEl convenio que firmamos evidencia el inter\u00e9s de la industria restaurantera por promover entre sus afiliados, la cultura de proveedor responsable y \u00e9tica empresarial, en la que los clientes est\u00e1n al centro de nuestra actividad\u201d, coment\u00f3,<br \/>\npor su parte, Germ\u00e1n Gonz\u00e1lez, presidente nacional de CANIRAC.<br \/>\nEl convenio de colaboraci\u00f3n comprende entre las acciones a desarrollar, la difusi\u00f3n del Dec\u00e1logo de los derechos del consumidor y las obligaciones de los establecimientos, a trav\u00e9s de medios p\u00fablicos, canales internos de la C\u00e1mara y en los restaurantes.<br \/>\nEn conjunto con Profeco, se promover\u00e1 la capacitaci\u00f3n con los afiliados de Canirac para orientarlos respecto a las obligaciones que tienen en sus relaciones con los consumidores y a las disposiciones contenidas en la Ley Federal de<br \/>\nProtecci\u00f3n al Consumidor.<br \/>\nAdicionalmente, se buscar\u00e1n alternativas para que el consumidor tenga opciones<img decoding=\"async\" class=\"size-medium wp-image-493321 alignright\" src=\"https:\/\/dimensionturistica.com\/es\/wp-content\/uploads\/2023\/02\/4.-Convenio-Profeco-CANIRAC-300x200.jpeg\" alt=\"\" width=\"300\" height=\"200\" srcset=\"https:\/\/dimensionturistica.com\/es\/wp-content\/uploads\/2023\/02\/4.-Convenio-Profeco-CANIRAC-300x200.jpeg 300w, https:\/\/dimensionturistica.com\/es\/wp-content\/uploads\/2023\/02\/4.-Convenio-Profeco-CANIRAC-1024x683.jpeg 1024w, https:\/\/dimensionturistica.com\/es\/wp-content\/uploads\/2023\/02\/4.-Convenio-Profeco-CANIRAC-768x512.jpeg 768w, https:\/\/dimensionturistica.com\/es\/wp-content\/uploads\/2023\/02\/4.-Convenio-Profeco-CANIRAC-1536x1024.jpeg 1536w, https:\/\/dimensionturistica.com\/es\/wp-content\/uploads\/2023\/02\/4.-Convenio-Profeco-CANIRAC-750x500.jpeg 750w, https:\/\/dimensionturistica.com\/es\/wp-content\/uploads\/2023\/02\/4.-Convenio-Profeco-CANIRAC-1140x760.jpeg 1140w, https:\/\/dimensionturistica.com\/es\/wp-content\/uploads\/2023\/02\/4.-Convenio-Profeco-CANIRAC.jpeg 1599w\" sizes=\"(max-width: 300px) 100vw, 300px\" \/> con respecto de los productos o servicios a adquirir.<br \/>\nEl objetivo es generar mejores pr\u00e1cticas comerciales que se traduzcan en beneficios concretos para los consumidores. Tanto Profeco como Canirac se comprometieron a dar seguimiento de manera conjunta para revisar el<br \/>\ncumplimiento de este convenio.<br \/>\nEn el evento, realizado en el \u201cSal\u00f3n Procuradores\u201d, de la sede central de Profeco, estuvieron presentes, por parte de esta dependencia, los subprocuradores de Verificaci\u00f3n y Defensa de la Confianza, V\u00edctor Hugo L\u00f3pez Aranda; y de Jur\u00eddica, Alma Laurence Contreras Garibay. Por Canirac, Daniela Mijares Mart\u00ednez, presidenta ejecutiva; y Valeria Olson Fern\u00e1ndez, vicepresidenta de enlace gubernamental legislativo.<\/p>\n","protected":false},"excerpt":{"rendered":"<p>La Procuradur\u00eda Federal del Consumidor (Profeco) y la C\u00e1mara Nacional de la Industria de Restaurantes y Alimentos Condimentados (Canirac) firmaron un Convenio Marco de Colaboraci\u00f3n para promover entre los restaurantes una cultura de proveedor responsable y \u00e9tica empresarial, a fin de que los consumidores tengan acceso a mejores condiciones de compra de productos y servicios. [&hellip;]<\/p>\n","protected":false},"author":1,"featured_media":493322,"comment_status":"open","ping_status":"closed","sticky":false,"template":"","format":"standard","meta":{"om_disable_all_campaigns":false,"jnews-multi-image_gallery":[],"jnews_single_post":{"source_name":"","source_url":"","via_name":"","via_url":"","override_template":"0","override":[{"template":"1","single_blog_custom":"","parallax":"1","fullscreen":"1","layout":"right-sidebar","sidebar":"default-sidebar","second_sidebar":"default-sidebar","sticky_sidebar":"1","share_position":"top","share_float_style":"share-monocrhome","show_share_counter":"1","show_view_counter":"1","show_featured":"1","show_post_meta":"1","show_post_author":"1","show_post_author_image":"1","show_post_date":"1","post_date_format":"default","post_date_format_custom":"Y\/m\/d","show_post_category":"1","show_post_reading_time":"0","post_reading_time_wpm":"300","show_zoom_button":"0","zoom_button_out_step":"2","zoom_button_in_step":"3","show_post_tag":"1","show_prev_next_post":"1","show_popup_post":"1","number_popup_post":"1","show_author_box":"0","show_post_related":"0","show_inline_post_related":"0"}],"override_image_size":"0","image_override":[{"single_post_thumbnail_size":"crop-500","single_post_gallery_size":"crop-500"}],"trending_post":"0","trending_post_position":"meta","trending_post_label":"Trending","sponsored_post":"0","sponsored_post_label":"Sponsored by","sponsored_post_name":"","sponsored_post_url":"","sponsored_post_logo_enable":"0","sponsored_post_logo":"","sponsored_post_desc":"","disable_ad":"0"},"jnews_primary_category":{"id":"","hide":""},"jnews_social_meta":{"fb_title":"","fb_description":"","fb_image":"","twitter_title":"","twitter_description":"","twitter_image":""},"footnotes":""},"categories":[40],"tags":[],"class_list":["post-493316","post","type-post","status-publish","format-standard","has-post-thumbnail","hentry","category-industria"],"_links":{"self":[{"href":"https:\/\/dimensionturistica.com\/es\/wp-json\/wp\/v2\/posts\/493316","targetHints":{"allow":["GET"]}}],"collection":[{"href":"https:\/\/dimensionturistica.com\/es\/wp-json\/wp\/v2\/posts"}],"about":[{"href":"https:\/\/dimensionturistica.com\/es\/wp-json\/wp\/v2\/types\/post"}],"author":[{"embeddable":true,"href":"https:\/\/dimensionturistica.com\/es\/wp-json\/wp\/v2\/users\/1"}],"replies":[{"embeddable":true,"href":"https:\/\/dimensionturistica.com\/es\/wp-json\/wp\/v2\/comments?post=493316"}],"version-history":[{"count":0,"href":"https:\/\/dimensionturistica.com\/es\/wp-json\/wp\/v2\/posts\/493316\/revisions"}],"wp:featuredmedia":[{"embeddable":true,"href":"https:\/\/dimensionturistica.com\/es\/wp-json\/wp\/v2\/media\/493322"}],"wp:attachment":[{"href":"https:\/\/dimensionturistica.com\/es\/wp-json\/wp\/v2\/media?parent=493316"}],"wp:term":[{"taxonomy":"category","embeddable":true,"href":"https:\/\/dimensionturistica.com\/es\/wp-json\/wp\/v2\/categories?post=493316"},{"taxonomy":"post_tag","embeddable":true,"href":"https:\/\/dimensionturistica.com\/es\/wp-json\/wp\/v2\/tags?post=493316"}],"curies":[{"name":"wp","href":"https:\/\/api.w.org\/{rel}","templated":true}]}}