{"id":492911,"date":"2023-02-21T23:40:56","date_gmt":"2023-02-21T23:40:56","guid":{"rendered":"https:\/\/dimensionturistica.com\/es\/?p=492911"},"modified":"2023-02-21T23:40:57","modified_gmt":"2023-02-21T23:40:57","slug":"quintana-roo-asistira-a-la-vitrina-turistica-de-colombia","status":"publish","type":"post","link":"https:\/\/dimensionturistica.com\/es\/quintana-roo-asistira-a-la-vitrina-turistica-de-colombia\/","title":{"rendered":"Quintana Roo asistir\u00e1 a la Vitrina Tur\u00edstica de Colombia"},"content":{"rendered":"<p> <br \/>\n<\/p>\n<div>\n<p class=\"jsx-3954459878\">Canc\u00fan, QRoo.- En medio de la pol\u00e9mica por los <a rel=\"nofollow noopener\" target=\"_blank\" href=\"https:\/\/www.eleconomista.com.mx\/estados\/Continua-maltrato-a-turistas-colombianos-en-aeropuerto-de-Cancun-IP-20230213-0067.html\">maltratos a colombianos en Canc\u00fan<\/a>, el secretario estatal de Turismo, Bernardo Cueto Riestra, confirm\u00f3 la participaci\u00f3n de Quintana Roo en la <strong>Vitrina Tur\u00edstica de Colombia<\/strong>, organizada por la Asociaci\u00f3n Colombiana de Agencias de Viajes y Turismo (Anato).<\/p>\n<p class=\"jsx-3954459878\">El funcionario confirm\u00f3 que uno de los temas a tratar ser\u00e1n las constantes quejas de los turistas de ese pa\u00eds por el trato que reciben de los agentes del Instituto Nacional de Migraci\u00f3n (<strong>INM<\/strong>) en el Aeropuerto Internacional de Canc\u00fan.<\/p>\n<p class=\"jsx-3954459878\">\u201cVamos a acompa\u00f1ar la agenda de promoci\u00f3n y para generar mayor confianza al turista colombiano por los casos que han sucedido en los filtros migratorios del Aeropuerto Internacional de Canc\u00fan. Y si bien es cierto es un tema federal, la gobernadora Mara Lezama ha estado muy ocupada y preocupada por buscar soluciones que permitan mayor claridad para el acceso de turistas colombianos y de todas las nacionalidades\u201d, indic\u00f3 en entrevista el titular de Sedetur.<\/p>\n<p class=\"jsx-3954459878\">Tambi\u00e9n buscar\u00e1n que por medio de esquemas de colaboraci\u00f3n permitan un trato digno a quienes no les permiten ingresar a M\u00e9xico.<\/p>\n<p class=\"jsx-3954459878\">El funcionario asegur\u00f3 que la<strong> Vitrina Tur\u00edstica<\/strong> reviste gran importancia pues se trata del cuarto mercado emisor de turistas internacionales para Quintana Roo y M\u00e9xico en normal.<\/p>\n<p class=\"jsx-3954459878\">Tan s\u00f3lo durante 2022 a nivel nacional se captaron un complete de 858,840 turistas, de los cuales 417,129 entraron por el Aeropuerto Internacional de Canc\u00fan y otros 424,446 lo hicieron por la Ciudad de M\u00e9xico.<\/p>\n<p class=\"jsx-3954459878\">Lo captado en 2022 es superior a los 602,832 colombianos captados en 2019, y sit\u00faa a este pa\u00eds s\u00f3lo por debajo de Estados Unidos, Canad\u00e1 y Reino Unido en n\u00famero de turistas hacia M\u00e9xico, con 2.75% del complete de viajeros internacionales captados el a\u00f1o pasado.<\/p>\n<p class=\"jsx-3954459878\">\u201cVamos un evento directo del destino, con touroperadores de agencias de viajes y durante la feria, pues ya est\u00e1n agendadas diversas citas de negocios con quien acompa\u00f1a al estado y tambi\u00e9n reuniones institucionales que vamos a cubrir con la Embajada de M\u00e9xico en Colombia y con otras autoridades en la materia\u201d, coment\u00f3 Cueto Riestra.<\/p>\n<p class=\"jsx-3954459878\">La delegaci\u00f3n quintanarroense espera tambi\u00e9n atender las peticiones de touroperadores brasile\u00f1os, que solicitan eliminar o agilizar el tr\u00e1mite de visa que solicita el gobierno mexicano para visitar el pa\u00eds desde 2022.<\/p>\n<p class=\"jsx-3954459878\">\u201cSeguramente es un tema que se tocar\u00e1 por all\u00e1 porque es mucho el mercado sudamericano y estamos esperando que se tomen definiciones por parte del gobierno federal, ya sea para facilitar el acceso a las visas o como se ha manejado por diversos medios la posibilidad de que la visa se retire, eso ser\u00eda sensacional para Quintana Roo; podr\u00edamos recuperar muchos n\u00fameros\u201d, subray\u00f3.<\/p>\n<\/div>\n\n<p><em> &#8221; Fuentes www.eleconomista.com.mx &#8221; <\/em><\/p>\n","protected":false},"excerpt":{"rendered":"<p>Canc\u00fan, QRoo.- En medio de la pol\u00e9mica por los maltratos a colombianos en Canc\u00fan, el secretario estatal de Turismo, Bernardo Cueto Riestra, confirm\u00f3 la participaci\u00f3n de Quintana Roo en la Vitrina Tur\u00edstica de Colombia, organizada por la Asociaci\u00f3n Colombiana de Agencias de Viajes y Turismo (Anato). El funcionario confirm\u00f3 que uno de los temas a [&hellip;]<\/p>\n","protected":false},"author":4,"featured_media":492912,"comment_status":"open","ping_status":"closed","sticky":false,"template":"","format":"standard","meta":{"om_disable_all_campaigns":false,"jnews-multi-image_gallery":[],"jnews_single_post":[],"jnews_primary_category":[],"jnews_social_meta":[],"footnotes":""},"categories":[40],"tags":[771,1064],"class_list":["post-492911","post","type-post","status-publish","format-standard","has-post-thumbnail","hentry","category-industria","tag-colombia","tag-quintana-roo"],"_links":{"self":[{"href":"https:\/\/dimensionturistica.com\/es\/wp-json\/wp\/v2\/posts\/492911","targetHints":{"allow":["GET"]}}],"collection":[{"href":"https:\/\/dimensionturistica.com\/es\/wp-json\/wp\/v2\/posts"}],"about":[{"href":"https:\/\/dimensionturistica.com\/es\/wp-json\/wp\/v2\/types\/post"}],"author":[{"embeddable":true,"href":"https:\/\/dimensionturistica.com\/es\/wp-json\/wp\/v2\/users\/4"}],"replies":[{"embeddable":true,"href":"https:\/\/dimensionturistica.com\/es\/wp-json\/wp\/v2\/comments?post=492911"}],"version-history":[{"count":0,"href":"https:\/\/dimensionturistica.com\/es\/wp-json\/wp\/v2\/posts\/492911\/revisions"}],"wp:featuredmedia":[{"embeddable":true,"href":"https:\/\/dimensionturistica.com\/es\/wp-json\/wp\/v2\/media\/492912"}],"wp:attachment":[{"href":"https:\/\/dimensionturistica.com\/es\/wp-json\/wp\/v2\/media?parent=492911"}],"wp:term":[{"taxonomy":"category","embeddable":true,"href":"https:\/\/dimensionturistica.com\/es\/wp-json\/wp\/v2\/categories?post=492911"},{"taxonomy":"post_tag","embeddable":true,"href":"https:\/\/dimensionturistica.com\/es\/wp-json\/wp\/v2\/tags?post=492911"}],"curies":[{"name":"wp","href":"https:\/\/api.w.org\/{rel}","templated":true}]}}