{"id":492489,"date":"2023-02-21T10:16:17","date_gmt":"2023-02-21T10:16:17","guid":{"rendered":"https:\/\/dimensionturistica.com\/es\/?p=492489"},"modified":"2023-02-21T10:16:17","modified_gmt":"2023-02-21T10:16:17","slug":"agencias-de-viajes-hoteles-y-transporte-aereo-aumentan-sus-ventas-en-2022","status":"publish","type":"post","link":"https:\/\/dimensionturistica.com\/es\/agencias-de-viajes-hoteles-y-transporte-aereo-aumentan-sus-ventas-en-2022\/","title":{"rendered":"Agencias de viajes, hoteles y transporte a\u00e9reo aumentan sus ventas en 2022"},"content":{"rendered":"<p> <br \/>\n<\/p>\n<div>\n<p>El<strong> \u00cdndice de Actividad del Sector Servicios<\/strong> confirma que los importes facturados por las empresas, por la prestaci\u00f3n de servicios y venta de bienes, tuvo un incremento del 19,9% en 2022, impulsado por las cifras de negocio en hosteler\u00eda (principalmente alojamientos) y el transporte, seg\u00fan el informe publicado por el <strong>Instituto Nacional de Estad\u00edstica<\/strong> (<a rel=\"nofollow noopener\" target=\"_blank\" href=\"https:\/\/www.hosteltur.com\/tag\/ine\" title=\"INE\">INE<\/a>). La facturaci\u00f3n en el sector de las agencias de viajes tambi\u00e9n mejor\u00f3.<\/p>\n<\/div>\n<div>\n<blockquote>\n<p>La facturaci\u00f3n en hosteler\u00eda aument\u00f3 un 44,4% en 2022, gracias al empuje de los alojamientos (78%), mientras que en servicios de comidas y bebidas el aumento fue del 31,8%. Las <a rel=\"nofollow noopener\" target=\"_blank\" title=\"agencias de viajes\" href=\"https:\/\/www.hosteltur.com\/tag\/agencias-de-viajes\">agencias de viajes<\/a> subieron un 145,7% sus ventas, presentando la variaci\u00f3n positiva m\u00e1s alta del sector<\/p>\n<\/blockquote>\n<p>Seg\u00fan el informe del INE, tambi\u00e9n influyeron en la buena marcha de las ventas los servicios de transporte y almacenamiento, que facturaron un 22,1% m\u00e1s, impulsados por el <strong>transporte a\u00e9reo, que duplic\u00f3 sus ventas (106%)<\/strong>; mientras que el transporte terrestre las increment\u00f3 en un 15,8%, con especial repunte del taxi (54,3 %).<\/p>\n<p>La cifra de negocios del comercio aument\u00f3 un 19,7%, un avance que fue m\u00e1s pronunciado en el comercio al por mayor (24,7%) que al por menor (12,4%); y la venta y reparaci\u00f3n de veh\u00edculos (8,1 %).<\/p>\n<div class=\"wysiwyg-photo\"><img decoding=\"async\" title=\"\" src=\"https:\/\/static.hosteltur.com\/app\/public\/uploads\/img\/articles\/2023\/02\/21\/L_105558_agencia-de-viaje.jpg\" alt=\"\" data-id=\"244488\"\/>  <\/div>\n<p>Por lo que respecta al resto de actividades, la facturaci\u00f3n de las administrativas y de servicios auxiliares subi\u00f3 un 30,7%, las profesionales, cient\u00edficas y t\u00e9cnicas, un 10,7%; y las de informaci\u00f3n y comunicaciones, un 8,7%.<\/p>\n<blockquote>\n<p>La facturaci\u00f3n de los servicios se increment\u00f3 en todas las comunidades aut\u00f3nomas en 2022, sobre todo en Baleares (42,5 %), Canarias (32,4 %) y Galicia (26 %)<\/p>\n<\/blockquote>\n<p>La cifra de negocios del sector servicios comenz\u00f3 el a\u00f1o con fuertes alzas, superiores al 20% interanual en los primeros meses, que se moderaron a partir del verano hasta situarse en diciembre en el 11,1%.<\/p>\n<p>Por lo que respecta al <strong>empleo en el sector servicios, aument\u00f3 una media del 3,9% en 2022<\/strong>, con especial intensidad en la hosteler\u00eda (10,3%) con una media de 21,9% en alojamientos y 7,3% en servicios de comidas y bebidas. En agencias de viajes y operadorse tur\u00edsticos un 9,3%, al igual que en transporte a\u00e9reo.<\/p>\n<blockquote>\n<p>M\u00e1s informaci\u00f3n<\/p>\n<p>&#8211;<a rel=\"nofollow noopener\" target=\"_blank\" title=\" El empleo tur\u00edstico arranca el a\u00f1o con la tendencia positiva de 2022\" href=\"https:\/\/www.hosteltur.com\/155585_el-empleo-turistico-arranca-el-ano-con-la-tendencia-positiva-de-2022.html\">El empleo tur\u00edstico arranca el a\u00f1o con la tendencia positiva de 2022<\/a><\/p>\n<p> &#8211;<a rel=\"nofollow noopener\" target=\"_blank\" title=\"El empleo tur\u00edstico encadena 19 meses de crecimiento\" href=\"https:\/\/www.hosteltur.com\/155585_el-empleo-turistico-arranca-el-ano-con-la-tendencia-positiva-de-2022.html\">El empleo tur\u00edstico encadena 19 meses de crecimiento<\/a><\/p><\/blockquote>\n<\/div>\n\n<p><em> &#8221; Fuentes www.hosteltur.com &#8221; <\/em><\/p>\n","protected":false},"excerpt":{"rendered":"<p>El \u00cdndice de Actividad del Sector Servicios confirma que los importes facturados por las empresas, por la prestaci\u00f3n de servicios y venta de bienes, tuvo un incremento del 19,9% en 2022, impulsado por las cifras de negocio en hosteler\u00eda (principalmente alojamientos) y el transporte, seg\u00fan el informe publicado por el Instituto Nacional de Estad\u00edstica (INE). [&hellip;]<\/p>\n","protected":false},"author":4,"featured_media":492490,"comment_status":"open","ping_status":"closed","sticky":false,"template":"","format":"standard","meta":{"om_disable_all_campaigns":false,"jnews-multi-image_gallery":[],"jnews_single_post":[],"jnews_primary_category":[],"jnews_social_meta":[],"footnotes":""},"categories":[39],"tags":[569,715,1289,4849,947],"class_list":["post-492489","post","type-post","status-publish","format-standard","has-post-thumbnail","hentry","category-viajes","tag-agencias-de-viajes","tag-economia","tag-hoteles","tag-ine","tag-transporte-aereo"],"_links":{"self":[{"href":"https:\/\/dimensionturistica.com\/es\/wp-json\/wp\/v2\/posts\/492489","targetHints":{"allow":["GET"]}}],"collection":[{"href":"https:\/\/dimensionturistica.com\/es\/wp-json\/wp\/v2\/posts"}],"about":[{"href":"https:\/\/dimensionturistica.com\/es\/wp-json\/wp\/v2\/types\/post"}],"author":[{"embeddable":true,"href":"https:\/\/dimensionturistica.com\/es\/wp-json\/wp\/v2\/users\/4"}],"replies":[{"embeddable":true,"href":"https:\/\/dimensionturistica.com\/es\/wp-json\/wp\/v2\/comments?post=492489"}],"version-history":[{"count":0,"href":"https:\/\/dimensionturistica.com\/es\/wp-json\/wp\/v2\/posts\/492489\/revisions"}],"wp:featuredmedia":[{"embeddable":true,"href":"https:\/\/dimensionturistica.com\/es\/wp-json\/wp\/v2\/media\/492490"}],"wp:attachment":[{"href":"https:\/\/dimensionturistica.com\/es\/wp-json\/wp\/v2\/media?parent=492489"}],"wp:term":[{"taxonomy":"category","embeddable":true,"href":"https:\/\/dimensionturistica.com\/es\/wp-json\/wp\/v2\/categories?post=492489"},{"taxonomy":"post_tag","embeddable":true,"href":"https:\/\/dimensionturistica.com\/es\/wp-json\/wp\/v2\/tags?post=492489"}],"curies":[{"name":"wp","href":"https:\/\/api.w.org\/{rel}","templated":true}]}}