{"id":492435,"date":"2023-02-21T08:04:38","date_gmt":"2023-02-21T08:04:38","guid":{"rendered":"https:\/\/dimensionturistica.com\/es\/?p=492435"},"modified":"2023-02-21T08:04:39","modified_gmt":"2023-02-21T08:04:39","slug":"las-agencias-de-viaje-apuntan-a-su-total-recuperacion-en-2024","status":"publish","type":"post","link":"https:\/\/dimensionturistica.com\/es\/las-agencias-de-viaje-apuntan-a-su-total-recuperacion-en-2024\/","title":{"rendered":"Las agencias de viaje apuntan a su total recuperaci\u00f3n en 2024"},"content":{"rendered":"<p> <br \/>\n<\/p>\n<div>\n<p>Las agencias de viaje miran el futuro con optimismo. A pesar de que los comienzos de 2022 fueron complicados, las empresas enfocadas en este sector de actividad comenzaron 2023 con mejores perspectivas y fijan el pr\u00f3ximo a\u00f1o, 2024, como la fecha de la recuperaci\u00f3n complete del sector. <strong>En una entrevista con DIRIGENTES, Ricardo Fern\u00e1ndez, director common de la agencia de viaje Destinia, augura un buen ejercicio<\/strong>. \u201cEs cierto que hay gran diversidad dentro del sector y no todas las agencias de viaje han conseguido remontar por igual\u201d, explica mientras aclara que las agencias de calle o las que dan servicios a empresas \u201chan ido m\u00e1s lentas\u201d. No obstante, cree que para 2024 \u201cel sector estar\u00e1 totalmente recuperado a nivel mundial\u201d.<\/p>\n<p>Para el dirigente, la clave para sobreponerse y reinventarse reside en la innovaci\u00f3n. Tal y como explica, empresas como Destinia han superado grandes disaster como la del .com en el a\u00f1o 2000, la de 2008 o, de forma m\u00e1s reciente, la de la pandemia, gracias a su capacidad de adaptaci\u00f3n. <strong>Es decir, \u201ctienes que evolucionar y adaptarte a los clientes para darles lo que quieren\u201d. Y, para ello, subraya la importancia de ser \u00e1gil y no tener miedo a hacer cambios<\/strong>. Adem\u00e1s, en este escenario, tambi\u00e9n destaca el papel de la tecnolog\u00eda: \u201cLa gran mayor\u00eda de nuestros competidores han externalizado mucha parte de su tecnolog\u00eda, pero nosotros nunca lo hemos querido hacer y creemos que eso es diferencial en este momento. Es sin duda nuestra gran ventaja competitiva de cara al futuro\u201d.<\/p>\n<p>As\u00ed las cosas, para Fern\u00e1ndez la importancia de las agencias de viaje reside en la posibilidad que otorga a los usuarios de encontrar una gran variedad de alojamientos, vuelos y viajes organizados desde un \u00fanico lugar. En este sentido, el experto declara que, si, por ejemplo, \u201ceres una persona que siempre viaja al mismo sitio y al mismo hotel, l\u00f3gicamente ir\u00e1s a la <em>web <\/em>del hotel directamente a reservar. Sin embargo, si el cliente decide ir a un nuevo sitio por primera vez, estas empresas pueden aportar un elemento de valor \u201cmuy alto\u201d.<\/p>\n<h2><strong>As\u00ed es el perfil del viajero precise<\/strong><\/h2>\n<p>Tal y como detalla el experto, el perfil de viajero de \u2018\u00faltima hora\u2019 que se generaliz\u00f3 tras la llegada de la pandemia ya ha vuelto a la normalidad. <strong>As\u00ed, \u201chasta Semana Santa de 2022 s\u00ed que se notaba que ten\u00edamos ese miedo al repunte y las restricciones\u201d, pero con el paso de los meses los viajeros han ido retomando la seguridad a la hora de reservar con antelaci\u00f3n<\/strong>. En esta l\u00ednea, tambi\u00e9n destaca que en verano se segu\u00eda notando una reticencia a viajar al extranjero, pero ya en los \u00faltimos puentes se ha cambiado esta tendencia y, en la actualidad, \u201cel perfil actual es una persona sin miedo, que vuelve a reservar con tiempo y que vuelve a so\u00f1ar con viajar fuera\u201d.<\/p>\n<p>Con relaci\u00f3n a este \u00faltimo punto, seg\u00fan los datos aportados por el Observatorio de Tendencias de Viaje de InterMundial, en el arranque de 2023 la reserva anticipada de viajes ha aumentado hasta situarse en una horquilla de entre 90 a 96 d\u00edas, y va poco a poco regresando a los niveles de 2019, cuando la media de antelaci\u00f3n superaba los 100 d\u00edas.<\/p>\n<p>En lo que respecta a los destinos favoritos de los turistas que visitan Espa\u00f1a, el director common de Destinia apunta a las islas y grandes ciudades como los territorios predominantes. <strong>En este punto, declara que, durante la pandemia, se dieron a conocer destinos peque\u00f1os m\u00e1s desconocidos debido a que la gente buscaba lugares menos abarrotados<\/strong>. Sin embargo, \u201cal final los destinos de siempre son los m\u00e1s preparados para el turismo, los que m\u00e1s camas tienen, y los que se siguen reservando de forma general\u201d. \u201cEso no ha cambiado\u201d, matiza.<\/p>\n<p>En el caso concreto de Destinia, las principales nacionalidades que contratan sus servicios son de origen europeo, portugueses, franceses, brit\u00e1nicos e italianos, en primer lugar, seguidos de estadounidenses. <strong>\u00bfY cu\u00e1les son los paquetes m\u00e1s demandados? Seg\u00fan explica Fern\u00e1ndez, tradicionalmente ha predominado el servicio de alojamiento, pero la tendencia precise se caracteriza por un paquete din\u00e1mico compuesto por vuelo + lodge<\/strong>. Se trata del producto con mayor tasa de crecimiento de los \u00faltimos a\u00f1os. En pa\u00edses como Reino Unido y Alemania es el \u201cproducto estrella\u201d y Espa\u00f1a tambi\u00e9n est\u00e1 evolucionando en la misma direcci\u00f3n.\u00a0<\/p>\n<h3><strong>Art\u00edculos relacionados<\/strong><\/h3>\n<p>\t\t\t\t\t\t\t\t\t\t\t\t\t\t\t\t\t<a rel=\"nofollow noopener\" target=\"_blank\" class=\"enlace-relacionado\" style=\"clear:both;\" href=\"https:\/\/dirigentesdigital.com\/economia\/nacional\/entrevista-mercedes-tejero-ceav-agencias-viajes-punto-salida-temporada\">\u201cLas agencias de viajes marcan el punto de salida de la temporada, las tendencias y las modas\u201d<\/a><br \/>\n\t\t\t\t\t\t\t\t\t\t\t\t\t\t\t\t\t<a rel=\"nofollow noopener\" target=\"_blank\" class=\"enlace-relacionado\" style=\"clear:both;\" href=\"https:\/\/dirigentesdigital.com\/economia\/nacional\/el-empleo-crece-entre-los-trabajadores-del-turismo-y-roza-los-2-millones-de-afiliados\">El empleo crece entre los trabajadores del Turismo y roza los 2,5 millones de afiliados<\/a><\/p><\/div>\n\n<p><em> &#8221; Fuentes dirigentesdigital.com &#8221; <\/em><\/p>\n","protected":false},"excerpt":{"rendered":"<p>Las agencias de viaje miran el futuro con optimismo. A pesar de que los comienzos de 2022 fueron complicados, las empresas enfocadas en este sector de actividad comenzaron 2023 con mejores perspectivas y fijan el pr\u00f3ximo a\u00f1o, 2024, como la fecha de la recuperaci\u00f3n complete del sector. En una entrevista con DIRIGENTES, Ricardo Fern\u00e1ndez, director [&hellip;]<\/p>\n","protected":false},"author":4,"featured_media":492436,"comment_status":"open","ping_status":"closed","sticky":false,"template":"","format":"standard","meta":{"om_disable_all_campaigns":false,"jnews-multi-image_gallery":[],"jnews_single_post":[],"jnews_primary_category":[],"jnews_social_meta":[],"footnotes":""},"categories":[40],"tags":[783,11453,544],"class_list":["post-492435","post","type-post","status-publish","format-standard","has-post-thumbnail","hentry","category-industria","tag-agencias-de-viaje","tag-destinia","tag-turismo"],"_links":{"self":[{"href":"https:\/\/dimensionturistica.com\/es\/wp-json\/wp\/v2\/posts\/492435","targetHints":{"allow":["GET"]}}],"collection":[{"href":"https:\/\/dimensionturistica.com\/es\/wp-json\/wp\/v2\/posts"}],"about":[{"href":"https:\/\/dimensionturistica.com\/es\/wp-json\/wp\/v2\/types\/post"}],"author":[{"embeddable":true,"href":"https:\/\/dimensionturistica.com\/es\/wp-json\/wp\/v2\/users\/4"}],"replies":[{"embeddable":true,"href":"https:\/\/dimensionturistica.com\/es\/wp-json\/wp\/v2\/comments?post=492435"}],"version-history":[{"count":0,"href":"https:\/\/dimensionturistica.com\/es\/wp-json\/wp\/v2\/posts\/492435\/revisions"}],"wp:featuredmedia":[{"embeddable":true,"href":"https:\/\/dimensionturistica.com\/es\/wp-json\/wp\/v2\/media\/492436"}],"wp:attachment":[{"href":"https:\/\/dimensionturistica.com\/es\/wp-json\/wp\/v2\/media?parent=492435"}],"wp:term":[{"taxonomy":"category","embeddable":true,"href":"https:\/\/dimensionturistica.com\/es\/wp-json\/wp\/v2\/categories?post=492435"},{"taxonomy":"post_tag","embeddable":true,"href":"https:\/\/dimensionturistica.com\/es\/wp-json\/wp\/v2\/tags?post=492435"}],"curies":[{"name":"wp","href":"https:\/\/api.w.org\/{rel}","templated":true}]}}