{"id":492123,"date":"2023-02-20T20:20:17","date_gmt":"2023-02-20T20:20:17","guid":{"rendered":"https:\/\/dimensionturistica.com\/es\/?p=492123"},"modified":"2023-02-20T20:20:17","modified_gmt":"2023-02-20T20:20:17","slug":"viajeros-mexicanos-que-llegan-a-canada-logran-superar-niveles-prepandemia","status":"publish","type":"post","link":"https:\/\/dimensionturistica.com\/es\/viajeros-mexicanos-que-llegan-a-canada-logran-superar-niveles-prepandemia\/","title":{"rendered":"Viajeros mexicanos que llegan a Canad\u00e1 logran superar niveles prepandemia"},"content":{"rendered":"<p>De acuerdo con el Reporte mensual sobre la situaci\u00f3n del turismo en Canad\u00e1 elaborado por Destination Canada, en noviembre de 2022 Mexico se convirti\u00f3 en<img decoding=\"async\" class=\"size-medium wp-image-492128 alignright\" src=\"https:\/\/dimensionturistica.com\/es\/wp-content\/uploads\/2023\/02\/aaa0252d-e4d5-4ef5-915d-00782638b309-300x200.jpg\" alt=\"\" width=\"300\" height=\"200\" srcset=\"https:\/\/dimensionturistica.com\/es\/wp-content\/uploads\/2023\/02\/aaa0252d-e4d5-4ef5-915d-00782638b309-300x200.jpg 300w, https:\/\/dimensionturistica.com\/es\/wp-content\/uploads\/2023\/02\/aaa0252d-e4d5-4ef5-915d-00782638b309.jpg 719w\" sizes=\"(max-width: 300px) 100vw, 300px\" \/> el primer mercado en alcanzar y superar en 1% los niveles previos a la emergencia sanitaria por Covid 19, respecto al mismo periodo comparado con 2019. En el pen\u00faltimo mes del a\u00f1o anterior, 26 mil mexicanos viajaron Canad\u00e1, quienes representaron el 3.1% de las 837 mil personas que viajaron al pa\u00eds del norte.<br \/>\nComo claramente muestra la tendencia al alza de los \u00faltimos meses, el estudio Tourism Outlook, Forecast Highlights, Fall 2022 de Destination Canada, revela que, junto con Estados Unidos, M\u00e9xico lidera la recuperaci\u00f3n de visitantes a Canad\u00e1. Otro dato favorecedor para el mercado es que, en diciembre del a\u00f1o pasado, las b\u00fasquedas de los mexicanos relacionadas con Canad\u00e1 crecieron en 59%, respecto al mismo mes en 2019, cifras que indicar\u00edan una recuperaci\u00f3n de la industria tur\u00edstica marcada por el r\u00e1pido ascenso.<br \/>\n\u201cA pesar del gran reto que signific\u00f3 la pandemia, ahora se est\u00e1 experimentando un gran momento para la transformaci\u00f3n, lo que representa tambi\u00e9n una<img decoding=\"async\" class=\"size-medium wp-image-492130 alignright\" src=\"https:\/\/dimensionturistica.com\/es\/wp-content\/uploads\/2023\/02\/c95e9bbe-b250-4f5e-bd6b-b5738637b44b-300x200.jpg\" alt=\"\" width=\"300\" height=\"200\" srcset=\"https:\/\/dimensionturistica.com\/es\/wp-content\/uploads\/2023\/02\/c95e9bbe-b250-4f5e-bd6b-b5738637b44b-300x200.jpg 300w, https:\/\/dimensionturistica.com\/es\/wp-content\/uploads\/2023\/02\/c95e9bbe-b250-4f5e-bd6b-b5738637b44b.jpg 718w\" sizes=\"(max-width: 300px) 100vw, 300px\" \/> oportunidad para fortalecer nuestras acciones de promoci\u00f3n y seguir inspirando a m\u00e1s mexicanos a viajar a Canad\u00e1\u201d, coment\u00f3 Alethia Garc\u00eda, Directora de Destination Canada M\u00e9xico.<br \/>\nSin duda, esta cifra r\u00e9cord es un claro resultado de la labor en conjunto que hacen la industria tur\u00edstica mexicana y Destination Canada para mantener al destino como uno de los favoritos para el mercado, consolidando as\u00ed el camino a la recuperaci\u00f3n. Adem\u00e1s, el hecho de que se hayan alcanzado estos resultados a tan s\u00f3lo unas<img decoding=\"async\" class=\"size-medium wp-image-492125 alignleft\" src=\"https:\/\/dimensionturistica.com\/es\/wp-content\/uploads\/2023\/02\/03a51968-9dff-403c-bd89-c2b92b5726d0-300x200.jpg\" alt=\"\" width=\"300\" height=\"200\" srcset=\"https:\/\/dimensionturistica.com\/es\/wp-content\/uploads\/2023\/02\/03a51968-9dff-403c-bd89-c2b92b5726d0-300x200.jpg 300w, https:\/\/dimensionturistica.com\/es\/wp-content\/uploads\/2023\/02\/03a51968-9dff-403c-bd89-c2b92b5726d0.jpg 718w\" sizes=\"(max-width: 300px) 100vw, 300px\" \/> semanas despu\u00e9s de que Canad\u00e1 eliminara todas las medidas fronterizas y de viaje relacionadas con el COVID-19, lo confirma.<br \/>\nSiendo el hogar del invierno, Canad\u00e1 sigue \u00e1vido de recibir a viajeros mexicanos y est\u00e1 preparado para hacerlos sentir en casa en el verdadero norte. En el pa\u00eds de la hoja de maple podr\u00e1n deslizarse en las pistas nevadas de Whistler, patinar en las calles de la Ciudad de Quebec, relajarse en las aguas restauradoras de Banff y ser testigos de maravillas naturales.<\/p>\n","protected":false},"excerpt":{"rendered":"<p>De acuerdo con el Reporte mensual sobre la situaci\u00f3n del turismo en Canad\u00e1 elaborado por Destination Canada, en noviembre de 2022 Mexico se convirti\u00f3 en el primer mercado en alcanzar y superar en 1% los niveles previos a la emergencia sanitaria por Covid 19, respecto al mismo periodo comparado con 2019. En el pen\u00faltimo mes [&hellip;]<\/p>\n","protected":false},"author":1,"featured_media":492126,"comment_status":"open","ping_status":"closed","sticky":false,"template":"","format":"standard","meta":{"om_disable_all_campaigns":false,"jnews-multi-image_gallery":[],"jnews_single_post":{"source_name":"","source_url":"","via_name":"","via_url":"","override_template":"0","override":[{"template":"1","single_blog_custom":"","parallax":"1","fullscreen":"1","layout":"right-sidebar","sidebar":"default-sidebar","second_sidebar":"default-sidebar","sticky_sidebar":"1","share_position":"top","share_float_style":"share-monocrhome","show_share_counter":"1","show_view_counter":"1","show_featured":"1","show_post_meta":"1","show_post_author":"1","show_post_author_image":"1","show_post_date":"1","post_date_format":"default","post_date_format_custom":"Y\/m\/d","show_post_category":"1","show_post_reading_time":"0","post_reading_time_wpm":"300","show_zoom_button":"0","zoom_button_out_step":"2","zoom_button_in_step":"3","show_post_tag":"1","show_prev_next_post":"1","show_popup_post":"1","number_popup_post":"1","show_author_box":"0","show_post_related":"0","show_inline_post_related":"0"}],"override_image_size":"0","image_override":[{"single_post_thumbnail_size":"crop-500","single_post_gallery_size":"crop-500"}],"trending_post":"0","trending_post_position":"meta","trending_post_label":"Trending","sponsored_post":"0","sponsored_post_label":"Sponsored by","sponsored_post_name":"","sponsored_post_url":"","sponsored_post_logo_enable":"0","sponsored_post_logo":"","sponsored_post_desc":"","disable_ad":"0"},"jnews_primary_category":{"id":"","hide":""},"jnews_social_meta":{"fb_title":"","fb_description":"","fb_image":"","twitter_title":"","twitter_description":"","twitter_image":""},"footnotes":""},"categories":[39],"tags":[],"class_list":["post-492123","post","type-post","status-publish","format-standard","has-post-thumbnail","hentry","category-viajes"],"_links":{"self":[{"href":"https:\/\/dimensionturistica.com\/es\/wp-json\/wp\/v2\/posts\/492123","targetHints":{"allow":["GET"]}}],"collection":[{"href":"https:\/\/dimensionturistica.com\/es\/wp-json\/wp\/v2\/posts"}],"about":[{"href":"https:\/\/dimensionturistica.com\/es\/wp-json\/wp\/v2\/types\/post"}],"author":[{"embeddable":true,"href":"https:\/\/dimensionturistica.com\/es\/wp-json\/wp\/v2\/users\/1"}],"replies":[{"embeddable":true,"href":"https:\/\/dimensionturistica.com\/es\/wp-json\/wp\/v2\/comments?post=492123"}],"version-history":[{"count":0,"href":"https:\/\/dimensionturistica.com\/es\/wp-json\/wp\/v2\/posts\/492123\/revisions"}],"wp:featuredmedia":[{"embeddable":true,"href":"https:\/\/dimensionturistica.com\/es\/wp-json\/wp\/v2\/media\/492126"}],"wp:attachment":[{"href":"https:\/\/dimensionturistica.com\/es\/wp-json\/wp\/v2\/media?parent=492123"}],"wp:term":[{"taxonomy":"category","embeddable":true,"href":"https:\/\/dimensionturistica.com\/es\/wp-json\/wp\/v2\/categories?post=492123"},{"taxonomy":"post_tag","embeddable":true,"href":"https:\/\/dimensionturistica.com\/es\/wp-json\/wp\/v2\/tags?post=492123"}],"curies":[{"name":"wp","href":"https:\/\/api.w.org\/{rel}","templated":true}]}}