{"id":491503,"date":"2023-02-19T20:09:03","date_gmt":"2023-02-19T20:09:03","guid":{"rendered":"https:\/\/dimensionturistica.com\/es\/?p=491503"},"modified":"2023-02-19T20:09:03","modified_gmt":"2023-02-19T20:09:03","slug":"hoteles-city-avanza-hacia-una-ocupacion-hotelera-del-105-vs-2019","status":"publish","type":"post","link":"https:\/\/dimensionturistica.com\/es\/hoteles-city-avanza-hacia-una-ocupacion-hotelera-del-105-vs-2019\/","title":{"rendered":"Hoteles City avanza hacia una ocupaci\u00f3n hotelera del 105% vs 2019"},"content":{"rendered":"<p>Tras un cierre de a\u00f1o exitoso, el director de finanzas y administraci\u00f3n de la cadena mexicana Hoteles City, Santiago Parra, considera que para 2023 la compa\u00f1\u00eda podr\u00eda rebasar la ocupaci\u00f3n hotelera que se manten\u00eda incluso antes de la pandemia, pues los indicadores econ\u00f3micos que obtuvieron a finales del a\u00f1o pasado prospectan un liderazgo importante para la marca dentro del sector tur\u00edstico.<br \/>\n\u201cHemos tenido un 2022 tirunfante, la ocupaci\u00f3n hotelera que present\u00f3 la empresa en el \u00faltimo mes de 2022 se ubic\u00f3 en un 104.9% vs 2019, es decir, pr\u00e1cticamente recuperamos el nivel que ten\u00edamos previo a la emergencia sanitaria por lo que esperamos que 2023 sea un a\u00f1o en el que contin\u00fae nuestro crecimiento y<img decoding=\"async\" class=\"size-medium wp-image-491504 alignright\" src=\"https:\/\/dimensionturistica.com\/es\/wp-content\/uploads\/2023\/02\/PARRAAA-300x300.jpg\" alt=\"\" width=\"300\" height=\"300\" srcset=\"https:\/\/dimensionturistica.com\/es\/wp-content\/uploads\/2023\/02\/PARRAAA-300x300.jpg 300w, https:\/\/dimensionturistica.com\/es\/wp-content\/uploads\/2023\/02\/PARRAAA-150x150.jpg 150w, https:\/\/dimensionturistica.com\/es\/wp-content\/uploads\/2023\/02\/PARRAAA-75x75.jpg 75w, https:\/\/dimensionturistica.com\/es\/wp-content\/uploads\/2023\/02\/PARRAAA-350x350.jpg 350w, https:\/\/dimensionturistica.com\/es\/wp-content\/uploads\/2023\/02\/PARRAAA.jpg 600w\" sizes=\"(max-width: 300px) 100vw, 300px\" \/> expansi\u00f3n\u201d, enfatiz\u00f3 el CFO de Hoteles City.<br \/>\nPara la obtenci\u00f3n del resultado, el \u00e1rea de finanzas y administraci\u00f3n que dirige Parra, tom\u00f3 como base la estabilidad que reflej\u00f3 2019 en su \u00faltimo mes y lo contrastaron con el incremento del 6.6 % que obtuvieron en la misma temporalidad de 2022, mostrando as\u00ed la recuperaci\u00f3n de la ocupaci\u00f3n hotelera antes se\u00f1alada y que repercuti\u00f3 favorablemente en la obtenci\u00f3n del 119.3% para su Rev.PAR (Revenue Per Available Room), lo cual significa un registro hist\u00f3rico para la cadena.<br \/>\nEn su m\u00e1s reciente reporte a la Bolsa Mexicana de Valores, Hoteles City explica que establece su punto de referencia en 2019 por ser el a\u00f1o inmediato anterior con m\u00e1s estabilidad para la comparaci\u00f3n. En el mismo documento agrega que, el reto para Hoteles City en el 2023 ser\u00e1 continuar implementando estrategias comerciales para mantener la recuperaci\u00f3n de tarifa por encima del alza inflacionaria que se vive en el mercado.<br \/>\nEn ese mismo tenor de transacciones importantes, Hoteles City inicia 2023 s\u00f3lo a la espera de la autorizaci\u00f3n de COFECE para concretar el anuncio que hizo el pasado mes de octubre sobre su alianza estrat\u00e9gica con Marriott International, y la venta de sus cinco marcas por un monto de 100 millones de d\u00f3lares.<br \/>\n\u201cLa verdad es que cerramos muy contentos el 2022 con todos los logros que se obtuvieron; recibimos la Certificaci\u00f3n de Clasificaci\u00f3n Hotelera otorgada por SECTUR a 121 propiedades de nuestras cinco marcas, con una calificaci\u00f3n de 3 y 4 estrellas, tambi\u00e9n fuimos acreedores a la Certificaci\u00f3n Equidad MX que nos posiciona como uno de los lugares con mayor inclusi\u00f3n y mejor calificados en el pa\u00eds y, por supuesto, esperamos concretar la alianza con Marriott en el segundo trimestre de este a\u00f1o\u201d, subray\u00f3 Parra.<br \/>\nAs\u00ed mismo la expansi\u00f3n que la cadena ha logrado en el \u00faltimo a\u00f1o, se ha visto reflejada con la presencia de propiedades en pa\u00edses como Chile, Colombia o Costa Rica y en los 30 estados de la Rep\u00fablica Mexicana, fortaleci\u00e9ndose sobre todo en entidades como Monterrey, Lagos de Moreno y San Luis Potos\u00ed, lugares en los que inaugur\u00f3 City Centro Express Monterrey Universidad, City Express Lagos de Moreno y City Express Plus San Luis Potos\u00ed, como una especie de antesala a lo que vendr\u00e1 este a\u00f1o con las aperturas de otros hoteles en Mazatl\u00e1n, Guadalajara, Canc\u00fan y M\u00e9rida.<br \/>\n\u201cNuestra recuperaci\u00f3n ha sido espectacular y estamos trabajando m\u00e1s fuerte para que en 2023 nuestros hu\u00e9spedes tengan un servicio adecuado a sus necesidades, pues a ellos debemos el \u00e9xito de la compa\u00f1\u00eda y, por lo mismo, el compromiso ser\u00e1 brindarles nuevas experiencias\u201d, finaliz\u00f3 el director de finanzas y administraci\u00f3n de Hoteles City.<\/p>\n","protected":false},"excerpt":{"rendered":"<p>Tras un cierre de a\u00f1o exitoso, el director de finanzas y administraci\u00f3n de la cadena mexicana Hoteles City, Santiago Parra, considera que para 2023 la compa\u00f1\u00eda podr\u00eda rebasar la ocupaci\u00f3n hotelera que se manten\u00eda incluso antes de la pandemia, pues los indicadores econ\u00f3micos que obtuvieron a finales del a\u00f1o pasado prospectan un liderazgo importante para [&hellip;]<\/p>\n","protected":false},"author":1,"featured_media":491505,"comment_status":"open","ping_status":"closed","sticky":false,"template":"","format":"standard","meta":{"om_disable_all_campaigns":false,"jnews-multi-image_gallery":[],"jnews_single_post":{"source_name":"","source_url":"","via_name":"","via_url":"","override_template":"0","override":[{"template":"1","single_blog_custom":"","parallax":"1","fullscreen":"1","layout":"right-sidebar","sidebar":"default-sidebar","second_sidebar":"default-sidebar","sticky_sidebar":"1","share_position":"top","share_float_style":"share-monocrhome","show_share_counter":"1","show_view_counter":"1","show_featured":"1","show_post_meta":"1","show_post_author":"1","show_post_author_image":"1","show_post_date":"1","post_date_format":"default","post_date_format_custom":"Y\/m\/d","show_post_category":"1","show_post_reading_time":"0","post_reading_time_wpm":"300","show_zoom_button":"0","zoom_button_out_step":"2","zoom_button_in_step":"3","show_post_tag":"1","show_prev_next_post":"1","show_popup_post":"1","number_popup_post":"1","show_author_box":"0","show_post_related":"0","show_inline_post_related":"0"}],"override_image_size":"0","image_override":[{"single_post_thumbnail_size":"crop-500","single_post_gallery_size":"crop-500"}],"trending_post":"0","trending_post_position":"meta","trending_post_label":"Trending","sponsored_post":"0","sponsored_post_label":"Sponsored by","sponsored_post_name":"","sponsored_post_url":"","sponsored_post_logo_enable":"0","sponsored_post_logo":"","sponsored_post_desc":"","disable_ad":"0"},"jnews_primary_category":{"id":"","hide":""},"jnews_social_meta":{"fb_title":"","fb_description":"","fb_image":"","twitter_title":"","twitter_description":"","twitter_image":""},"footnotes":""},"categories":[40],"tags":[],"class_list":["post-491503","post","type-post","status-publish","format-standard","has-post-thumbnail","hentry","category-industria"],"_links":{"self":[{"href":"https:\/\/dimensionturistica.com\/es\/wp-json\/wp\/v2\/posts\/491503","targetHints":{"allow":["GET"]}}],"collection":[{"href":"https:\/\/dimensionturistica.com\/es\/wp-json\/wp\/v2\/posts"}],"about":[{"href":"https:\/\/dimensionturistica.com\/es\/wp-json\/wp\/v2\/types\/post"}],"author":[{"embeddable":true,"href":"https:\/\/dimensionturistica.com\/es\/wp-json\/wp\/v2\/users\/1"}],"replies":[{"embeddable":true,"href":"https:\/\/dimensionturistica.com\/es\/wp-json\/wp\/v2\/comments?post=491503"}],"version-history":[{"count":0,"href":"https:\/\/dimensionturistica.com\/es\/wp-json\/wp\/v2\/posts\/491503\/revisions"}],"wp:featuredmedia":[{"embeddable":true,"href":"https:\/\/dimensionturistica.com\/es\/wp-json\/wp\/v2\/media\/491505"}],"wp:attachment":[{"href":"https:\/\/dimensionturistica.com\/es\/wp-json\/wp\/v2\/media?parent=491503"}],"wp:term":[{"taxonomy":"category","embeddable":true,"href":"https:\/\/dimensionturistica.com\/es\/wp-json\/wp\/v2\/categories?post=491503"},{"taxonomy":"post_tag","embeddable":true,"href":"https:\/\/dimensionturistica.com\/es\/wp-json\/wp\/v2\/tags?post=491503"}],"curies":[{"name":"wp","href":"https:\/\/api.w.org\/{rel}","templated":true}]}}