{"id":491465,"date":"2023-02-19T18:51:10","date_gmt":"2023-02-19T18:51:10","guid":{"rendered":"https:\/\/dimensionturistica.com\/es\/?p=491465"},"modified":"2023-02-19T18:51:10","modified_gmt":"2023-02-19T18:51:10","slug":"virtuoso-anuncia-a-sus-nuevos-ejecutivos-en-roles-clave-a-nivel-global","status":"publish","type":"post","link":"https:\/\/dimensionturistica.com\/es\/virtuoso-anuncia-a-sus-nuevos-ejecutivos-en-roles-clave-a-nivel-global\/","title":{"rendered":"Virtuoso\u00ae anuncia a sus nuevos ejecutivos en roles clave a nivel global"},"content":{"rendered":"<p>Adem\u00e1s de reafirmar su compromiso con el medio ambiente, Virtuoso\u00ae, l\u00edder mundial en viajes y experiencias de lujo, anunci\u00f3 la incorporaci\u00f3n de tres nuevos ejecutivos, entre ellos un mexicano, que apoyar\u00e1n la estrategia de crecimiento internacional.<img decoding=\"async\" class=\"size-medium wp-image-491468 alignright\" src=\"https:\/\/dimensionturistica.com\/es\/wp-content\/uploads\/2023\/02\/maria-bea-sajon-218x300.jpg\" alt=\"\" width=\"218\" height=\"300\" srcset=\"https:\/\/dimensionturistica.com\/es\/wp-content\/uploads\/2023\/02\/maria-bea-sajon-218x300.jpg 218w, https:\/\/dimensionturistica.com\/es\/wp-content\/uploads\/2023\/02\/maria-bea-sajon.jpg 290w\" sizes=\"(max-width: 218px) 100vw, 218px\" \/><br \/>\nTras fungir como Gerente General para Am\u00e9rica Latina y el Caribe durante los \u00faltimos dos a\u00f1os, Javier Arredondo ha sido nombrado como el nuevo Vicepresidente de Sostenibilidad de la empresa, con el prop\u00f3sito de encaminar la iniciativa de Virtuoso para hacer que la sostenibilidad sea un factor m\u00e1s importante en el momento en que los consumidores planeen sus viajes, as\u00ed como dar recompensas a los destinos que se enfoquen en lo sustentable.<br \/>\nAl servicio de la comunidad de sostenibilidad de Virtuoso \u2013incluidos los miembros, socios y su Consejo de Sostenibilidad\u2014 Arredondo colaborar\u00e1 con los l\u00edderes s\u00e9nior de Virtuoso, como la Vicepresidenta y Estratega de Sostenibilidad, Jessica Hall Upchurch, y los equipos internos para desarrollar e implementar programas y servicios que aborden el tema.<br \/>\n&#8220;Virtuoso ha sido un defensor activo de los viajes sostenibles durante m\u00e1s de una d\u00e9cada y estamos profundizando nuestro compromiso al colocar a Javier en este importante papel&#8221;, dijo Hall Upchurch. &#8220;Juntos, nos enfocaremos en fortalecer nuestra posici\u00f3n de liderazgo y ampliar nuestra misi\u00f3n aprovechando la influencia de Virtuoso, tanto dentro de la industria como con viajeros de alto poder adquisitivo, para amplificar y acelerar a\u00fan m\u00e1s los esfuerzos de sostenibilidad\u201d.<br \/>\nArredondo cuenta con 20 a\u00f1os de experiencia como CEO de Traves\u00edas Media, donde se desempe\u00f1\u00f3 como socio editorial de Virtuoso en Am\u00e9rica Latina. Seguir\u00e1 trabajando desde su oficina en la Ciudad de M\u00e9xico y reportar\u00e1 ante Jessica Hall Upchurch y Brad Bourland, Director de Operaciones.<br \/>\nAdem\u00e1s, Virtuoso ha nombrado a dos nuevas ejecutivas para puestos s\u00e9nior de gerencia regional. Maria Beatriz Sajon es ahora Gerente General para Am\u00e9rica<img decoding=\"async\" class=\"size-medium wp-image-491466 alignright\" src=\"https:\/\/dimensionturistica.com\/es\/wp-content\/uploads\/2023\/02\/1645407922921-300x300.jpg\" alt=\"\" width=\"300\" height=\"300\" srcset=\"https:\/\/dimensionturistica.com\/es\/wp-content\/uploads\/2023\/02\/1645407922921-300x300.jpg 300w, https:\/\/dimensionturistica.com\/es\/wp-content\/uploads\/2023\/02\/1645407922921-150x150.jpg 150w, https:\/\/dimensionturistica.com\/es\/wp-content\/uploads\/2023\/02\/1645407922921-75x75.jpg 75w, https:\/\/dimensionturistica.com\/es\/wp-content\/uploads\/2023\/02\/1645407922921-350x350.jpg 350w, https:\/\/dimensionturistica.com\/es\/wp-content\/uploads\/2023\/02\/1645407922921.jpg 600w\" sizes=\"(max-width: 300px) 100vw, 300px\" \/> Latina y el Caribe, mientras que Hanna Hinz comenzar\u00e1 un cargo reci\u00e9n creado como Gerente General de Europa Continental a partir del 20 de febrero. Sajon y Hinz ser\u00e1n responsables de impulsar el desarrollo de Virtuoso en sus respectivos mercados liderando a las redes locales de analistas regionales al tiempo que elevar\u00e1n el valor de la marca Virtuoso en su mercado objetivo de viajeros de clase alta.<br \/>\nEl nombramiento de Sajon reafirma la presencia de m\u00e1s de 20 a\u00f1os de Virtuoso en Am\u00e9rica Latina, donde cuenta con m\u00e1s de 100 agencias de viajes miembros en 19 pa\u00edses. Con su amplia experiencia en los mercados latinos, Sajon gestionar\u00e1 equipos en S\u00e3o Paulo, Buenos Aires y en la Ciudad de M\u00e9xico, donde tendr\u00e1 su sede.<br \/>\nEl nombramiento de Hinz apunta a la creaci\u00f3n de una regi\u00f3n de Europa continental dentro de lo que anteriormente era la divisi\u00f3n EMEA (Europa, Medio Oriente y \u00c1frica por sus siglas en ingl\u00e9s) de la red. Hinz, que tiene una amplia experiencia en viajes de lujo en la regi\u00f3n, ahora se centrar\u00e1 en la creaci\u00f3n de un enfoque comercial distinto que est\u00e9 separado del Reino Unido, Medio Oriente y \u00c1frica. Con experiencia previa tanto en una agencia de viajes Virtuoso como en un hotel, Hinz est\u00e1 bien posicionada para garantizar que la propuesta de valor de Virtuoso aumente para los miembros y socios de la red en los mercados<img decoding=\"async\" class=\"size-medium wp-image-491467 alignright\" src=\"https:\/\/dimensionturistica.com\/es\/wp-content\/uploads\/2023\/02\/GM-VP-Virtuoso-2023-Announcement_Head-Shots_Hanna-Hinz-Head-Shot_2023-300x300-1-300x300.jpg\" alt=\"\" width=\"300\" height=\"300\" srcset=\"https:\/\/dimensionturistica.com\/es\/wp-content\/uploads\/2023\/02\/GM-VP-Virtuoso-2023-Announcement_Head-Shots_Hanna-Hinz-Head-Shot_2023-300x300-1.jpg 300w, https:\/\/dimensionturistica.com\/es\/wp-content\/uploads\/2023\/02\/GM-VP-Virtuoso-2023-Announcement_Head-Shots_Hanna-Hinz-Head-Shot_2023-300x300-1-150x150.jpg 150w, https:\/\/dimensionturistica.com\/es\/wp-content\/uploads\/2023\/02\/GM-VP-Virtuoso-2023-Announcement_Head-Shots_Hanna-Hinz-Head-Shot_2023-300x300-1-75x75.jpg 75w\" sizes=\"(max-width: 300px) 100vw, 300px\" \/> europeos. Tendr\u00e1 su sede en Berl\u00edn, Alemania.<br \/>\nPor \u00faltimo, Karen Joyce continuar\u00e1 en la organizaci\u00f3n como Gerente General para el Reino Unido e Irlanda, lo que permite un mayor enfoque y una mayor capacidad de respuesta a cada uno de estos importantes mercados.<br \/>\nComo parte del equipo global de Virtuoso, tanto Sajon como Hinz reportar\u00e1n a Michael Londregan, Vicepresidente Senior de Operaciones Globales. &#8220;El requisito estrat\u00e9gico de mantener el posicionamiento global de Virtuoso y crear valor que resuene a trav\u00e9s de la relevancia local solo se puede lograr mediante el liderazgo de calidad en el mercado. Estamos encantados de continuar invirtiendo significativamente en nuestras regiones principales&#8221;, dijo Londregan. &#8220;Estos nuevos nombramientos brindar\u00e1n a Virtuoso los conocimientos sobre cada mercado que aseguren el entendimiento y respuesta a la incre\u00edble oportunidad que vemos surgir en el sector de viajes de placer de lujo&#8221;.<br \/>\nPara obtener m\u00e1s informaci\u00f3n sobre Virtuoso, visite www.virtuoso.com<\/p>\n<p>&nbsp;<\/p>\n","protected":false},"excerpt":{"rendered":"<p>Adem\u00e1s de reafirmar su compromiso con el medio ambiente, Virtuoso\u00ae, l\u00edder mundial en viajes y experiencias de lujo, anunci\u00f3 la incorporaci\u00f3n de tres nuevos ejecutivos, entre ellos un mexicano, que apoyar\u00e1n la estrategia de crecimiento internacional. Tras fungir como Gerente General para Am\u00e9rica Latina y el Caribe durante los \u00faltimos dos a\u00f1os, Javier Arredondo ha [&hellip;]<\/p>\n","protected":false},"author":1,"featured_media":491469,"comment_status":"open","ping_status":"closed","sticky":false,"template":"","format":"standard","meta":{"om_disable_all_campaigns":false,"jnews-multi-image_gallery":[],"jnews_single_post":{"source_name":"","source_url":"","via_name":"","via_url":"","override_template":"0","override":[{"template":"1","single_blog_custom":"","parallax":"1","fullscreen":"1","layout":"right-sidebar","sidebar":"default-sidebar","second_sidebar":"default-sidebar","sticky_sidebar":"1","share_position":"top","share_float_style":"share-monocrhome","show_share_counter":"1","show_view_counter":"1","show_featured":"1","show_post_meta":"1","show_post_author":"1","show_post_author_image":"1","show_post_date":"1","post_date_format":"default","post_date_format_custom":"Y\/m\/d","show_post_category":"1","show_post_reading_time":"0","post_reading_time_wpm":"300","show_zoom_button":"0","zoom_button_out_step":"2","zoom_button_in_step":"3","show_post_tag":"1","show_prev_next_post":"1","show_popup_post":"1","number_popup_post":"1","show_author_box":"0","show_post_related":"0","show_inline_post_related":"0"}],"override_image_size":"0","image_override":[{"single_post_thumbnail_size":"crop-500","single_post_gallery_size":"crop-500"}],"trending_post":"0","trending_post_position":"meta","trending_post_label":"Trending","sponsored_post":"0","sponsored_post_label":"Sponsored by","sponsored_post_name":"","sponsored_post_url":"","sponsored_post_logo_enable":"0","sponsored_post_logo":"","sponsored_post_desc":"","disable_ad":"0"},"jnews_primary_category":{"id":"","hide":""},"jnews_social_meta":{"fb_title":"","fb_description":"","fb_image":"","twitter_title":"","twitter_description":"","twitter_image":""},"footnotes":""},"categories":[39],"tags":[],"class_list":["post-491465","post","type-post","status-publish","format-standard","has-post-thumbnail","hentry","category-viajes"],"_links":{"self":[{"href":"https:\/\/dimensionturistica.com\/es\/wp-json\/wp\/v2\/posts\/491465","targetHints":{"allow":["GET"]}}],"collection":[{"href":"https:\/\/dimensionturistica.com\/es\/wp-json\/wp\/v2\/posts"}],"about":[{"href":"https:\/\/dimensionturistica.com\/es\/wp-json\/wp\/v2\/types\/post"}],"author":[{"embeddable":true,"href":"https:\/\/dimensionturistica.com\/es\/wp-json\/wp\/v2\/users\/1"}],"replies":[{"embeddable":true,"href":"https:\/\/dimensionturistica.com\/es\/wp-json\/wp\/v2\/comments?post=491465"}],"version-history":[{"count":0,"href":"https:\/\/dimensionturistica.com\/es\/wp-json\/wp\/v2\/posts\/491465\/revisions"}],"wp:featuredmedia":[{"embeddable":true,"href":"https:\/\/dimensionturistica.com\/es\/wp-json\/wp\/v2\/media\/491469"}],"wp:attachment":[{"href":"https:\/\/dimensionturistica.com\/es\/wp-json\/wp\/v2\/media?parent=491465"}],"wp:term":[{"taxonomy":"category","embeddable":true,"href":"https:\/\/dimensionturistica.com\/es\/wp-json\/wp\/v2\/categories?post=491465"},{"taxonomy":"post_tag","embeddable":true,"href":"https:\/\/dimensionturistica.com\/es\/wp-json\/wp\/v2\/tags?post=491465"}],"curies":[{"name":"wp","href":"https:\/\/api.w.org\/{rel}","templated":true}]}}