{"id":491395,"date":"2023-02-19T17:44:28","date_gmt":"2023-02-19T17:44:28","guid":{"rendered":"https:\/\/dimensionturistica.com\/es\/?p=491395"},"modified":"2023-02-19T17:44:28","modified_gmt":"2023-02-19T17:44:28","slug":"por-primera-vez-se-conecta-de-manera-directa-nuevo-leon-con-sudamericacon-el-lanzamiento-de-la-ruta-de-viva-aerobus-entre-monterrey-y-bogota","status":"publish","type":"post","link":"https:\/\/dimensionturistica.com\/es\/por-primera-vez-se-conecta-de-manera-directa-nuevo-leon-con-sudamericacon-el-lanzamiento-de-la-ruta-de-viva-aerobus-entre-monterrey-y-bogota\/","title":{"rendered":"Por primera vez se conecta, de manera directa, Nuevo Le\u00f3n con sudam\u00e9rica,con el lanzamiento de la ruta de Viva Aerobus entre Monterrey- y Bogot\u00e1"},"content":{"rendered":"<p>Durante la conferencia de prensa \u2018Nuevo Le\u00f3n Informa\u2019, Maricarmen Mart\u00ednez Villarreal, Secretaria de Turismo estatal, celebr\u00f3 el fortalecimiento de la conectividad a\u00e9rea internacional de la entidad con el lanzamiento de la nueva ruta de Viva Aerobus, Monterrey \u2013 Bogot\u00e1, trat\u00e1ndose de un servicio hist\u00f3rico que, por primera vez, conecta a la capital regia con Sudam\u00e9rica mediante vuelos<img decoding=\"async\" class=\"size-medium wp-image-491403 alignright\" src=\"https:\/\/dimensionturistica.com\/es\/wp-content\/uploads\/2023\/02\/Anuncio-de-ruta-Monterrey-Bogota-de-Viva-Aerobus-1-225x300.jpeg\" alt=\"\" width=\"225\" height=\"300\" srcset=\"https:\/\/dimensionturistica.com\/es\/wp-content\/uploads\/2023\/02\/Anuncio-de-ruta-Monterrey-Bogota-de-Viva-Aerobus-1-225x300.jpeg 225w, https:\/\/dimensionturistica.com\/es\/wp-content\/uploads\/2023\/02\/Anuncio-de-ruta-Monterrey-Bogota-de-Viva-Aerobus-1-768x1024.jpeg 768w, https:\/\/dimensionturistica.com\/es\/wp-content\/uploads\/2023\/02\/Anuncio-de-ruta-Monterrey-Bogota-de-Viva-Aerobus-1-1152x1536.jpeg 1152w, https:\/\/dimensionturistica.com\/es\/wp-content\/uploads\/2023\/02\/Anuncio-de-ruta-Monterrey-Bogota-de-Viva-Aerobus-1-750x1000.jpeg 750w, https:\/\/dimensionturistica.com\/es\/wp-content\/uploads\/2023\/02\/Anuncio-de-ruta-Monterrey-Bogota-de-Viva-Aerobus-1-1140x1520.jpeg 1140w, https:\/\/dimensionturistica.com\/es\/wp-content\/uploads\/2023\/02\/Anuncio-de-ruta-Monterrey-Bogota-de-Viva-Aerobus-1.jpeg 1200w\" sizes=\"(max-width: 225px) 100vw, 225px\" \/> directos, es decir, sin escalas.<br \/>\n\u201cNos entusiasma ver el crecimiento sostenido de Viva Aerobus en nuestra capital y aplaudimos esta tan necesaria conexi\u00f3n directa entre Bogot\u00e1 y Monterrey. No pod\u00eda ser m\u00e1s oportuna esta nueva ruta, ahora que estamos enfocados en explorar nuevas oportunidades para atraer turismo internacional y generar nuevas inversiones\u201d, puntualiz\u00f3 Maricarmen Mart\u00ednez Villarreal, Secretaria de Turismo de Nuevo Le\u00f3n.<br \/>\nEsta nueva ruta iniciar\u00e1 operaciones el 8 de junio del presente con dos vuelos a la semana (jueves y domingo). Los vuelos, con duraci\u00f3n aproximada de poco m\u00e1s de 4 horas, ser\u00e1n operados con aeronaves Airbus A320 y A321, aviones que forman parte de la flota m\u00e1s moderna de M\u00e9xico y la cuarta m\u00e1s joven de Norteam\u00e9rica con una edad promedio de 5.2 a\u00f1os.<br \/>\n\u201cEl tr\u00e1nsito de pasajeros en el Aeropuerto Internacional de Monterrey est\u00e1 en crecimiento y estamos seguros que esta nueva ruta de Viva Aerobus contribuir\u00e1 a impulsar este dinamismo. Es una gran manera de iniciar el a\u00f1o, preparados para atender a todos los pasajeros regios, colombianos y m\u00e1s con una atenci\u00f3n de primer nivel\u201d, afirm\u00f3 Ricardo Due\u00f1as, Director general del Grupo Aeroportuario Centro Norte (OMA).<br \/>\n\u201cCon aliados como Viva, vamos a paso firme en nuestro proyecto de expansi\u00f3n del aeropuerto que resulta de nuestro Programa Maestro de Desarrollo de 2023\u201d, a\u00f1adi\u00f3.<br \/>\nAtenci\u00f3n al tercer mercado internacional m\u00e1s importante para M\u00e9xico<br \/>\nEste servicio est\u00e1 dise\u00f1ado para atender la creciente demanda en uno de los mayores mercados a\u00e9reos de Am\u00e9rica Latina, M\u00e9xico &#8211; Colombia, y el tercer<img decoding=\"async\" class=\"size-medium wp-image-491401 alignright\" src=\"https:\/\/dimensionturistica.com\/es\/wp-content\/uploads\/2023\/02\/Anuncio-de-ruta-Monterrey-Bogota-de-Viva-Aerobus-3-300x225.jpeg\" alt=\"\" width=\"300\" height=\"225\" srcset=\"https:\/\/dimensionturistica.com\/es\/wp-content\/uploads\/2023\/02\/Anuncio-de-ruta-Monterrey-Bogota-de-Viva-Aerobus-3-300x225.jpeg 300w, https:\/\/dimensionturistica.com\/es\/wp-content\/uploads\/2023\/02\/Anuncio-de-ruta-Monterrey-Bogota-de-Viva-Aerobus-3-1024x768.jpeg 1024w, https:\/\/dimensionturistica.com\/es\/wp-content\/uploads\/2023\/02\/Anuncio-de-ruta-Monterrey-Bogota-de-Viva-Aerobus-3-768x576.jpeg 768w, https:\/\/dimensionturistica.com\/es\/wp-content\/uploads\/2023\/02\/Anuncio-de-ruta-Monterrey-Bogota-de-Viva-Aerobus-3-1536x1152.jpeg 1536w, https:\/\/dimensionturistica.com\/es\/wp-content\/uploads\/2023\/02\/Anuncio-de-ruta-Monterrey-Bogota-de-Viva-Aerobus-3-750x563.jpeg 750w, https:\/\/dimensionturistica.com\/es\/wp-content\/uploads\/2023\/02\/Anuncio-de-ruta-Monterrey-Bogota-de-Viva-Aerobus-3-1140x855.jpeg 1140w, https:\/\/dimensionturistica.com\/es\/wp-content\/uploads\/2023\/02\/Anuncio-de-ruta-Monterrey-Bogota-de-Viva-Aerobus-3.jpeg 1600w\" sizes=\"(max-width: 300px) 100vw, 300px\" \/> mercado internacional con mayor dinamismo para el pa\u00eds.<br \/>\nDe acuerdo con informaci\u00f3n de la Secretar\u00eda de Turismo, en 2022, m\u00e1s de 858 mil pasajeros procedentes de Colombia visitaron M\u00e9xico, ello representa un 4.2% del total de visitantes a\u00e9reos internacionales en M\u00e9xico.<br \/>\nEs decir, Colombia se posicion\u00f3 como el tercer pa\u00eds que m\u00e1s visitantes envi\u00f3 a M\u00e9xico v\u00eda a\u00e9rea, tan s\u00f3lo detr\u00e1s de Estados Unidos y Canad\u00e1. Lo anterior, adem\u00e1s, signific\u00f3 un crecimiento superior al 88% en comparaci\u00f3n con 2021.<br \/>\n\u201cEsta nueva ruta tiende un puente entre dos pa\u00edses hermanados y se convierte en un parteaguas para la conectividad de Monterrey, pues es la primera vez que una aerol\u00ednea ofrece vuelos punto a punto entre esta ciudad y un destino en Sudam\u00e9rica. As\u00ed, estos vuelos, a precios bajos y en aviones nuevos, se convertir\u00e1n en aliados naturales para impulsar el intercambio comercial, tur\u00edstico y cultural\u201d, se\u00f1al\u00f3 Juan Carlos Zuazua, director general de Viva Aerobus. \u201cAcercamos a M\u00e9xico y Colombia, como nunca antes\u201d, a\u00f1adi\u00f3.<br \/>\nCompromiso con la conectividad a\u00e9rea Monterrey<br \/>\nEn este inicio de a\u00f1o, Viva Aerobus refrenda su compromiso con la conectividad a\u00e9rea de Monterrey habiendo puesto a la venta, en menos de dos semanas, dos nuevas rutas desde la Sultana del Norte con destino a Mexicali y, ahora, Bogot\u00e1.<br \/>\nDe esta manera, la amplia red de rutas que Viva opera en la capital regiomontana, una de sus seis bases operativas, contin\u00faa creciendo para consolidar a la<img decoding=\"async\" class=\"size-medium wp-image-491403 alignright\" src=\"https:\/\/dimensionturistica.com\/es\/wp-content\/uploads\/2023\/02\/Anuncio-de-ruta-Monterrey-Bogota-de-Viva-Aerobus-1-225x300.jpeg\" alt=\"\" width=\"225\" height=\"300\" srcset=\"https:\/\/dimensionturistica.com\/es\/wp-content\/uploads\/2023\/02\/Anuncio-de-ruta-Monterrey-Bogota-de-Viva-Aerobus-1-225x300.jpeg 225w, https:\/\/dimensionturistica.com\/es\/wp-content\/uploads\/2023\/02\/Anuncio-de-ruta-Monterrey-Bogota-de-Viva-Aerobus-1-768x1024.jpeg 768w, https:\/\/dimensionturistica.com\/es\/wp-content\/uploads\/2023\/02\/Anuncio-de-ruta-Monterrey-Bogota-de-Viva-Aerobus-1-1152x1536.jpeg 1152w, https:\/\/dimensionturistica.com\/es\/wp-content\/uploads\/2023\/02\/Anuncio-de-ruta-Monterrey-Bogota-de-Viva-Aerobus-1-750x1000.jpeg 750w, https:\/\/dimensionturistica.com\/es\/wp-content\/uploads\/2023\/02\/Anuncio-de-ruta-Monterrey-Bogota-de-Viva-Aerobus-1-1140x1520.jpeg 1140w, https:\/\/dimensionturistica.com\/es\/wp-content\/uploads\/2023\/02\/Anuncio-de-ruta-Monterrey-Bogota-de-Viva-Aerobus-1.jpeg 1200w\" sizes=\"(max-width: 225px) 100vw, 225px\" \/> aerol\u00ednea como l\u00edder en la entidad con alrededor de 60 vuelos diarios, 30 rutas nacionales y, ahora, con 8 servicios internacionales.<br \/>\nEsta creciente presencia de la aerol\u00ednea en Nuevo Le\u00f3n cuenta con el respaldo de los pasajeros. Al respecto, Viva super\u00f3 la cifra de 6.7 millones de pasajeros transportados desde\/hacia la Sultana del Norte en 2022, un aumento del 31% en comparaci\u00f3n con 2021.<\/p>\n","protected":false},"excerpt":{"rendered":"<p>Durante la conferencia de prensa \u2018Nuevo Le\u00f3n Informa\u2019, Maricarmen Mart\u00ednez Villarreal, Secretaria de Turismo estatal, celebr\u00f3 el fortalecimiento de la conectividad a\u00e9rea internacional de la entidad con el lanzamiento de la nueva ruta de Viva Aerobus, Monterrey \u2013 Bogot\u00e1, trat\u00e1ndose de un servicio hist\u00f3rico que, por primera vez, conecta a la capital regia con Sudam\u00e9rica [&hellip;]<\/p>\n","protected":false},"author":1,"featured_media":491400,"comment_status":"open","ping_status":"closed","sticky":false,"template":"","format":"standard","meta":{"om_disable_all_campaigns":false,"jnews-multi-image_gallery":[],"jnews_single_post":{"source_name":"","source_url":"","via_name":"","via_url":"","override_template":"0","override":[{"template":"1","single_blog_custom":"","parallax":"1","fullscreen":"1","layout":"right-sidebar","sidebar":"default-sidebar","second_sidebar":"default-sidebar","sticky_sidebar":"1","share_position":"top","share_float_style":"share-monocrhome","show_share_counter":"1","show_view_counter":"1","show_featured":"1","show_post_meta":"1","show_post_author":"1","show_post_author_image":"1","show_post_date":"1","post_date_format":"default","post_date_format_custom":"Y\/m\/d","show_post_category":"1","show_post_reading_time":"0","post_reading_time_wpm":"300","show_zoom_button":"0","zoom_button_out_step":"2","zoom_button_in_step":"3","show_post_tag":"1","show_prev_next_post":"1","show_popup_post":"1","number_popup_post":"1","show_author_box":"0","show_post_related":"0","show_inline_post_related":"0"}],"override_image_size":"0","image_override":[{"single_post_thumbnail_size":"crop-500","single_post_gallery_size":"crop-500"}],"trending_post":"0","trending_post_position":"meta","trending_post_label":"Trending","sponsored_post":"0","sponsored_post_label":"Sponsored by","sponsored_post_name":"","sponsored_post_url":"","sponsored_post_logo_enable":"0","sponsored_post_logo":"","sponsored_post_desc":"","disable_ad":"0"},"jnews_primary_category":{"id":"","hide":""},"jnews_social_meta":{"fb_title":"","fb_description":"","fb_image":"","twitter_title":"","twitter_description":"","twitter_image":""},"footnotes":""},"categories":[39],"tags":[],"class_list":["post-491395","post","type-post","status-publish","format-standard","has-post-thumbnail","hentry","category-viajes"],"_links":{"self":[{"href":"https:\/\/dimensionturistica.com\/es\/wp-json\/wp\/v2\/posts\/491395","targetHints":{"allow":["GET"]}}],"collection":[{"href":"https:\/\/dimensionturistica.com\/es\/wp-json\/wp\/v2\/posts"}],"about":[{"href":"https:\/\/dimensionturistica.com\/es\/wp-json\/wp\/v2\/types\/post"}],"author":[{"embeddable":true,"href":"https:\/\/dimensionturistica.com\/es\/wp-json\/wp\/v2\/users\/1"}],"replies":[{"embeddable":true,"href":"https:\/\/dimensionturistica.com\/es\/wp-json\/wp\/v2\/comments?post=491395"}],"version-history":[{"count":0,"href":"https:\/\/dimensionturistica.com\/es\/wp-json\/wp\/v2\/posts\/491395\/revisions"}],"wp:featuredmedia":[{"embeddable":true,"href":"https:\/\/dimensionturistica.com\/es\/wp-json\/wp\/v2\/media\/491400"}],"wp:attachment":[{"href":"https:\/\/dimensionturistica.com\/es\/wp-json\/wp\/v2\/media?parent=491395"}],"wp:term":[{"taxonomy":"category","embeddable":true,"href":"https:\/\/dimensionturistica.com\/es\/wp-json\/wp\/v2\/categories?post=491395"},{"taxonomy":"post_tag","embeddable":true,"href":"https:\/\/dimensionturistica.com\/es\/wp-json\/wp\/v2\/tags?post=491395"}],"curies":[{"name":"wp","href":"https:\/\/api.w.org\/{rel}","templated":true}]}}