{"id":490877,"date":"2023-02-18T16:20:01","date_gmt":"2023-02-18T16:20:01","guid":{"rendered":"https:\/\/dimensionturistica.com\/es\/?p=490877"},"modified":"2023-02-18T16:20:01","modified_gmt":"2023-02-18T16:20:01","slug":"el-restaurante-diego-y-yo-presenta-su-nuevo-menu-de-autor-y-lo-celebra-con-la-muestra-fotografica-del-artista-guillermo-kahlo-alcala","status":"publish","type":"post","link":"https:\/\/dimensionturistica.com\/es\/el-restaurante-diego-y-yo-presenta-su-nuevo-menu-de-autor-y-lo-celebra-con-la-muestra-fotografica-del-artista-guillermo-kahlo-alcala\/","title":{"rendered":"El restaurante Diego y Yo presenta su nuevo men\u00fa de autor y lo celebra con la muestra fotogr\u00e1fica del artista Guillermo Kahlo Alcal\u00e1"},"content":{"rendered":"<p><img decoding=\"async\" class=\"size-medium wp-image-490903 alignright\" src=\"https:\/\/dimensionturistica.com\/es\/wp-content\/uploads\/2023\/02\/Diego6-197x300.jpg\" alt=\"\" width=\"197\" height=\"300\" srcset=\"https:\/\/dimensionturistica.com\/es\/wp-content\/uploads\/2023\/02\/Diego6-197x300.jpg 197w, https:\/\/dimensionturistica.com\/es\/wp-content\/uploads\/2023\/02\/Diego6-674x1024.jpg 674w, https:\/\/dimensionturistica.com\/es\/wp-content\/uploads\/2023\/02\/Diego6-768x1167.jpg 768w, https:\/\/dimensionturistica.com\/es\/wp-content\/uploads\/2023\/02\/Diego6-750x1140.jpg 750w, https:\/\/dimensionturistica.com\/es\/wp-content\/uploads\/2023\/02\/Diego6.jpg 849w\" sizes=\"(max-width: 197px) 100vw, 197px\" \/> A partir del 15 de febrero, el ic\u00f3nico restaurante Diego y Yo,que rinde un homenaje a M\u00e9xico, presenta su nueva carta con una minuciosa selecci\u00f3n de treinta platillos, creados por el chef David Gallegos,<br \/>\nEs bien sabido que Frida Kahlo y Diego Rivera, los artistas que han sido el espiritu principal de Diego y Yo, son dos embajadores de la mexicanidad. Ambos supieron exponer de una manera seductora muchos de los detalles de la cultura de M\u00e9xico. Ambos poseian una exquisita lista de platillos mexicanos favoritos, que en su mayor\u00eda eran sencillos pero muy sabrosos. Por ejemplo, Frida era amante de los moles, el pip\u00edan y de todo tipo de tacos. Por su parte para Diego, comer era una fiesta, m\u00e1s si en su mesa hab\u00eda mole.<img decoding=\"async\" class=\"size-medium wp-image-490902 alignright\" src=\"https:\/\/dimensionturistica.com\/es\/wp-content\/uploads\/2023\/02\/Diego2-201x300.jpg\" alt=\"\" width=\"201\" height=\"300\" srcset=\"https:\/\/dimensionturistica.com\/es\/wp-content\/uploads\/2023\/02\/Diego2-201x300.jpg 201w, https:\/\/dimensionturistica.com\/es\/wp-content\/uploads\/2023\/02\/Diego2-685x1024.jpg 685w, https:\/\/dimensionturistica.com\/es\/wp-content\/uploads\/2023\/02\/Diego2-768x1148.jpg 768w, https:\/\/dimensionturistica.com\/es\/wp-content\/uploads\/2023\/02\/Diego2-750x1121.jpg 750w, https:\/\/dimensionturistica.com\/es\/wp-content\/uploads\/2023\/02\/Diego2.jpg 854w\" sizes=\"(max-width: 201px) 100vw, 201px\" \/><br \/>\nMoles, tlacoyos de reques\u00f3n, tetelas, aguachile de tepache, pulpo al pipian, chile ancho relleno de esquites, una nueva versi\u00f3n de sus ya famosas rocas trufadas, flan de requeson, ahora con miel de agave y ceniza de cacao; as\u00ed como selectos cortes de carne procedentes de ganader\u00edas de Torre\u00f3n, Coahuila, son solo algunas los platillos creados por el chef David Gallegos, muchos de ellos inspirados en los gustos culinarios de esta pareja de artistas mexicanos y tambi\u00e9n en M\u00e9xico prehisp\u00e1nico.<br \/>\nPara celebrar la llegada de su nuevo men\u00fa, Diego y Yo presenta de la mano del artista Guillermo Kahlo Alcal\u00e1 (sobrino nieto de la pintora mexicana Frida Kahlo) su muestra fotogr\u00e1fica, que se conforma de una selecci\u00f3n de xxx, y que ser\u00e1n expuestas en todo el lugar de estilo contempor\u00e1neo hasta el 15 de marzo.<img decoding=\"async\" class=\"size-medium wp-image-490901 alignright\" src=\"https:\/\/dimensionturistica.com\/es\/wp-content\/uploads\/2023\/02\/Diego1-197x300.jpg\" alt=\"\" width=\"197\" height=\"300\" srcset=\"https:\/\/dimensionturistica.com\/es\/wp-content\/uploads\/2023\/02\/Diego1-197x300.jpg 197w, https:\/\/dimensionturistica.com\/es\/wp-content\/uploads\/2023\/02\/Diego1-674x1024.jpg 674w, https:\/\/dimensionturistica.com\/es\/wp-content\/uploads\/2023\/02\/Diego1-768x1167.jpg 768w, https:\/\/dimensionturistica.com\/es\/wp-content\/uploads\/2023\/02\/Diego1-750x1140.jpg 750w, https:\/\/dimensionturistica.com\/es\/wp-content\/uploads\/2023\/02\/Diego1.jpg 845w\" sizes=\"(max-width: 197px) 100vw, 197px\" \/><br \/>\nGuillermo Kahlo Alcal\u00e1 comparte el nombre con su bisabuelo, padre de Frida, Guillemo Kahlo Kauffman. Lleva m\u00e1s de tres d\u00e9cadas dedicado a la fotograf\u00eda, en espec\u00edfico a los retratos, obras que han sido fincadas en su tiempo y lo trascienden.<br \/>\nEn esta muestra, Kahlo Acal\u00e1 suma una materialidad notable en su obra, ya que todas sus im\u00e1genes expresan una sensaci\u00f3n tangible, producto del cuidado extremo en los procesos de impresi\u00f3n y presentaci\u00f3n.<br \/>\nAl igual que en la cocina, Diego y Yo ofrece una experiencia sin igual en su selecci\u00f3n de vinos principalmente mexicanos, as\u00ed como su mixolog\u00eda y bebidas sin alcohol, cuya influencia entre el folclor y los colores de M\u00e9xico, son la fuente principal de inspiraci\u00f3n.<br \/>\nA partir de la muestra del artista Guillermo Kahlo Alcal\u00e1, que ser\u00e1 exhibida en Diego y Yo durante un mes, se dar\u00e1 continuo impulso a talentosos artistas<img decoding=\"async\" class=\"size-medium wp-image-490895 alignright\" src=\"https:\/\/dimensionturistica.com\/es\/wp-content\/uploads\/2023\/02\/WhatsApp-Image-2023-02-13-at-9.41.10-AM-2-238x300.jpeg\" alt=\"\" width=\"238\" height=\"300\" srcset=\"https:\/\/dimensionturistica.com\/es\/wp-content\/uploads\/2023\/02\/WhatsApp-Image-2023-02-13-at-9.41.10-AM-2-238x300.jpeg 238w, https:\/\/dimensionturistica.com\/es\/wp-content\/uploads\/2023\/02\/WhatsApp-Image-2023-02-13-at-9.41.10-AM-2.jpeg 468w\" sizes=\"(max-width: 238px) 100vw, 238px\" \/> mexicanos, donde tambi\u00e9n se podr\u00e1n vender sus obras<br \/>\nDiego y Yo forma parte del Grupo Siete Pen\u00ednsula, y para este 2023 ya tiene planeado la apertura de varios conceptos gastron\u00f3micos innovadores tanto en M\u00e9xico como en Europa, ofreciendo un servicio de calidad para complacer m\u00e1s exigentes paladares.<br \/>\nDiego y Yo<br \/>\nPresidente Masaryk 123, Colonia Polanco<br \/>\nCDMX<br \/>\nwww.diegoyyo.mx<br \/>\nIG: @diegoyyomasaryk<\/p>\n<p>&nbsp;<\/p>\n","protected":false},"excerpt":{"rendered":"<p>A partir del 15 de febrero, el ic\u00f3nico restaurante Diego y Yo,que rinde un homenaje a M\u00e9xico, presenta su nueva carta con una minuciosa selecci\u00f3n de treinta platillos, creados por el chef David Gallegos, Es bien sabido que Frida Kahlo y Diego Rivera, los artistas que han sido el espiritu principal de Diego y Yo, [&hellip;]<\/p>\n","protected":false},"author":1,"featured_media":490904,"comment_status":"open","ping_status":"closed","sticky":false,"template":"","format":"standard","meta":{"om_disable_all_campaigns":false,"jnews-multi-image_gallery":[],"jnews_single_post":{"source_name":"","source_url":"","via_name":"","via_url":"","override_template":"0","override":[{"template":"1","single_blog_custom":"","parallax":"1","fullscreen":"1","layout":"right-sidebar","sidebar":"default-sidebar","second_sidebar":"default-sidebar","sticky_sidebar":"1","share_position":"top","share_float_style":"share-monocrhome","show_share_counter":"1","show_view_counter":"1","show_featured":"1","show_post_meta":"1","show_post_author":"1","show_post_author_image":"1","show_post_date":"1","post_date_format":"default","post_date_format_custom":"Y\/m\/d","show_post_category":"1","show_post_reading_time":"0","post_reading_time_wpm":"300","show_zoom_button":"0","zoom_button_out_step":"2","zoom_button_in_step":"3","show_post_tag":"1","show_prev_next_post":"1","show_popup_post":"1","number_popup_post":"1","show_author_box":"0","show_post_related":"0","show_inline_post_related":"0"}],"override_image_size":"0","image_override":[{"single_post_thumbnail_size":"crop-500","single_post_gallery_size":"crop-500"}],"trending_post":"0","trending_post_position":"meta","trending_post_label":"Trending","sponsored_post":"0","sponsored_post_label":"Sponsored by","sponsored_post_name":"","sponsored_post_url":"","sponsored_post_logo_enable":"0","sponsored_post_logo":"","sponsored_post_desc":"","disable_ad":"0"},"jnews_primary_category":{"id":"","hide":""},"jnews_social_meta":{"fb_title":"","fb_description":"","fb_image":"","twitter_title":"","twitter_description":"","twitter_image":""},"footnotes":""},"categories":[43],"tags":[],"class_list":["post-490877","post","type-post","status-publish","format-standard","has-post-thumbnail","hentry","category-gourmet"],"_links":{"self":[{"href":"https:\/\/dimensionturistica.com\/es\/wp-json\/wp\/v2\/posts\/490877","targetHints":{"allow":["GET"]}}],"collection":[{"href":"https:\/\/dimensionturistica.com\/es\/wp-json\/wp\/v2\/posts"}],"about":[{"href":"https:\/\/dimensionturistica.com\/es\/wp-json\/wp\/v2\/types\/post"}],"author":[{"embeddable":true,"href":"https:\/\/dimensionturistica.com\/es\/wp-json\/wp\/v2\/users\/1"}],"replies":[{"embeddable":true,"href":"https:\/\/dimensionturistica.com\/es\/wp-json\/wp\/v2\/comments?post=490877"}],"version-history":[{"count":0,"href":"https:\/\/dimensionturistica.com\/es\/wp-json\/wp\/v2\/posts\/490877\/revisions"}],"wp:featuredmedia":[{"embeddable":true,"href":"https:\/\/dimensionturistica.com\/es\/wp-json\/wp\/v2\/media\/490904"}],"wp:attachment":[{"href":"https:\/\/dimensionturistica.com\/es\/wp-json\/wp\/v2\/media?parent=490877"}],"wp:term":[{"taxonomy":"category","embeddable":true,"href":"https:\/\/dimensionturistica.com\/es\/wp-json\/wp\/v2\/categories?post=490877"},{"taxonomy":"post_tag","embeddable":true,"href":"https:\/\/dimensionturistica.com\/es\/wp-json\/wp\/v2\/tags?post=490877"}],"curies":[{"name":"wp","href":"https:\/\/api.w.org\/{rel}","templated":true}]}}